{"id":26705,"date":"2018-11-03T11:10:03","date_gmt":"2018-11-03T10:10:03","guid":{"rendered":"http:\/\/miradordeatarfe.es\/?p=26705"},"modified":"2020-06-26T12:53:46","modified_gmt":"2020-06-26T10:53:46","slug":"campus-universitario-en-el-area-metropolitana-por-jose-enrique-granados","status":"publish","type":"post","link":"https:\/\/miradordeatarfe.es\/?p=26705","title":{"rendered":"\u00bf\u00bbCAMPUS UNIVERSITARIO EN ATARFE?\u00bbpor Jos\u00e9 Enrique Granados"},"content":{"rendered":"<div id=\"js_1c\" class=\"_5pbx userContent _3576\" data-ad-preview=\"message\" data-ft=\"{&quot;tn&quot;:&quot;K&quot;}\">\n<p>Hace ahora unos a\u00f1os que hubo ciertos contactos entre la Universidad de Granada y el Ayuntamiento de Atarfe para la creaci\u00f3n de un campus universitario en una zona cercana a los pol\u00edgonos industriales radicados en la carretera de C\u00f3rdoba. <!--more--><\/p>\n<p>Aquello qued\u00f3 en nada, pero si gener\u00f3 cierto intercambio epistolar entre AYES TORTOSA columnista de IDEAL por aquella \u00e9poca y un servidor. Reproduzco una de aquellas cartas, titulada \u201cLa expansi\u00f3n de la UGR en el \u00e1rea metropolitana\u201d.<\/p>\n<p>\u201c<em>Sr. Director de IDEAL. Le\u00ed detenidamente la columna de Ayes Tortosa, titulada Universidad, publicada el pasado 12 de octubre en IDEAL y sinceramente me llen\u00f3 de estupefacci\u00f3n. Tras el an\u00e1lisis de la misma me hice la siguiente pregunta \u00bfQu\u00e9 es Granada sin su \u00e1rea metropolitana y que es el \u00e1rea metropolitana sin Granada?<\/em><\/p>\n<p><em>La realidad actual en la que nos encontramos, hace cada vez m\u00e1s impensable una separaci\u00f3n, como propone la columnista, entre Granada y los pueblos del cintur\u00f3n. Me suena ese discurso al rancio \u201cMadrid y provincias\u201d pero a escala local \u201cGranada y pueblos de alrededor\u201d. Hoy por hoy la aglomeraci\u00f3n urbana de Granada es una realidad y nuestros pol\u00edticos deben proponer soluciones globales y una vertebraci\u00f3n adecuada a las necesidades de esta. Es necesario solucionar el tema del transporte, el reciclado de residuos, la gesti\u00f3n integral del agua, etc, pero desde una perspectiva racional y real. No tiene sentido que cada uno de la treintena de municipios que conforman esta aglomeraci\u00f3n urbana, planifiquen su crecimiento por separado. Los ciudadanos necesitamos unos servicios acordes y de calidad para la Granada del siglo XXI.<\/em><\/p>\n<p><em>Es posible que Granada capital tenga espacio para construir los nuevos centros que necesita la Universidad, nuestra universidad, a la que a diario acuden cientos e incluso miles de alumnos que se desplazan desde los diferentes municipios que conforman el cintur\u00f3n de Granada, pero \u00bfAcaso estos desplazamientos no generan el tr\u00e1fico que nuestra columnista, dice que si generar\u00eda en sentido inverso? Seamos realistas y abordemos los problemas que acucian al medio mill\u00f3n de granadinos del \u00e1rea metropolitana, desde la racionalidad y sin caer en localismos y estupideces. Construyamos una ciudad funcional.<\/em><\/p>\n<p><em>No creo a priori que Granada capital pierda nada si en un momento determinado la Universidad de Granada decide construir nuevos centros en los pueblos del cintur\u00f3n. \u00bfAcaso teme la Sra. Tortosa que r\u00e1pidamente, Atarfe, Maracena, Albolote o Armilla, reclamen para ellos la creaci\u00f3n de sus universidades respectivas, atomizando nuestra vetusta universidad, creando taifas independientes? O acaso, habr\u00eda que compartir el negocio que supone el alquiler de viviendas para los estudiantes de esta, o todas las econom\u00edas que la universidad genera (librer\u00edas, cafeter\u00edas, etc.)<\/em><\/p>\n<p><em>La Universidad, a la que la columnista hace menci\u00f3n, fundada por Carlos V, no creo que tenga sentido, como dice, en funci\u00f3n de la ubicaci\u00f3n que ocupa, sino en la calidad de la ense\u00f1anza que en ella se imparte y tambi\u00e9n en base a las investigaciones que desarrollen los profesionales que en ella trabajan. As\u00ed se hace universidad y se engrandece la instituci\u00f3n. La universidad no es mejor por estar lo m\u00e1s cerca posible de Puerta Real, epicentro de un granadinismo mal entendido por algunos y del que hizo gala el otro d\u00eda la Sra. Tortosa.<\/em><\/p>\n<p><em>En fin, se\u00f1ora Tortosa, yo creo que conozco un poco el t\u00e9rmino municipal de Atarfe y sin duda, la mayor\u00eda de este no es vega como afirma, aunque coincido con usted en reclamar mayor protecci\u00f3n para la misma. Es en lo \u00fanico con lo que estoy de acuerdo, protejamos la vega, pero globalmente. De nada sirve que en Atarfe se proteja, si en la vecina Granada, no se hace o viceversa\u201d<\/em>.<\/p>\n<p>A esta carta le siguieron varias r\u00e9plicas\u2026\u2026\u2026.<\/p>\n<p>En la fotograf\u00eda, restos de la vega granadina\u2026\u2026\u2026<\/p>\n<p>Curiosidades elvirenses.<\/p>\n<\/div>\n<p>&nbsp;<\/p>\n","protected":false},"excerpt":{"rendered":"<p>Hace ahora unos a\u00f1os que hubo ciertos contactos entre la Universidad de Granada y el&#8230;<\/p>\n","protected":false},"author":1,"featured_media":26706,"comment_status":"closed","ping_status":"closed","sticky":false,"template":"","format":"standard","meta":{"_coblocks_attr":"","_coblocks_dimensions":"","_coblocks_responsive_height":"","_coblocks_accordion_ie_support":"","jetpack_post_was_ever_published":false,"_jetpack_newsletter_access":"","_jetpack_dont_email_post_to_subs":false,"_jetpack_newsletter_tier_id":0,"_jetpack_memberships_contains_paywalled_content":false,"_jetpack_memberships_contains_paid_content":false,"footnotes":"","jetpack_publicize_message":"","jetpack_publicize_feature_enabled":true,"jetpack_social_post_already_shared":false,"jetpack_social_options":{"image_generator_settings":{"template":"highway","default_image_id":0,"enabled":false},"version":2}},"categories":[2,187,186,38,44,15],"tags":[884,81,20],"class_list":["post-26705","post","type-post","status-publish","format-standard","has-post-thumbnail","hentry","category-atarfe","category-centros-educativos","category-instituciones","category-opinion-de-jose-enrique-granados","category-noticias-de-hoy","category-ultimas-noticias","tag-area-metropolitana","tag-atarfe","tag-universidad"],"jetpack_publicize_connections":[],"jetpack_featured_media_url":"https:\/\/i0.wp.com\/miradordeatarfe.es\/wp-content\/uploads\/2018\/10\/44028214_1976381259114546_1515641134955626496_n.jpg?fit=960%2C640&ssl=1","jetpack_likes_enabled":true,"jetpack_sharing_enabled":true,"_links":{"self":[{"href":"https:\/\/miradordeatarfe.es\/index.php?rest_route=\/wp\/v2\/posts\/26705","targetHints":{"allow":["GET"]}}],"collection":[{"href":"https:\/\/miradordeatarfe.es\/index.php?rest_route=\/wp\/v2\/posts"}],"about":[{"href":"https:\/\/miradordeatarfe.es\/index.php?rest_route=\/wp\/v2\/types\/post"}],"author":[{"embeddable":true,"href":"https:\/\/miradordeatarfe.es\/index.php?rest_route=\/wp\/v2\/users\/1"}],"replies":[{"embeddable":true,"href":"https:\/\/miradordeatarfe.es\/index.php?rest_route=%2Fwp%2Fv2%2Fcomments&post=26705"}],"version-history":[{"count":3,"href":"https:\/\/miradordeatarfe.es\/index.php?rest_route=\/wp\/v2\/posts\/26705\/revisions"}],"predecessor-version":[{"id":36373,"href":"https:\/\/miradordeatarfe.es\/index.php?rest_route=\/wp\/v2\/posts\/26705\/revisions\/36373"}],"wp:featuredmedia":[{"embeddable":true,"href":"https:\/\/miradordeatarfe.es\/index.php?rest_route=\/wp\/v2\/media\/26706"}],"wp:attachment":[{"href":"https:\/\/miradordeatarfe.es\/index.php?rest_route=%2Fwp%2Fv2%2Fmedia&parent=26705"}],"wp:term":[{"taxonomy":"category","embeddable":true,"href":"https:\/\/miradordeatarfe.es\/index.php?rest_route=%2Fwp%2Fv2%2Fcategories&post=26705"},{"taxonomy":"post_tag","embeddable":true,"href":"https:\/\/miradordeatarfe.es\/index.php?rest_route=%2Fwp%2Fv2%2Ftags&post=26705"}],"curies":[{"name":"wp","href":"https:\/\/api.w.org\/{rel}","templated":true}]}}