{"id":26749,"date":"2018-11-02T10:21:54","date_gmt":"2018-11-02T09:21:54","guid":{"rendered":"http:\/\/miradordeatarfe.es\/?p=26749"},"modified":"2018-11-01T16:30:39","modified_gmt":"2018-11-01T15:30:39","slug":"atarfe-travesia-senderista-entre-moclin-y-atarfe","status":"publish","type":"post","link":"https:\/\/miradordeatarfe.es\/?p=26749","title":{"rendered":"ATARFE:  TRAVESIA SENDERISTA ENTRE MOCL\u00cdN Y ATARFE"},"content":{"rendered":"<div id=\":dt\" class=\"a3s aXjCH \" tabindex=\"-1\" role=\"gridcell\">\n<div dir=\"auto\">El s\u00e1bado 3 de noviembre se ha programado la traves\u00eda entre Mocl\u00edn y Atarfe, tambi\u00e9n llamada ruta moz\u00e1rabe que organiza el Club de Senderismo El Castillejo y el Club de Atletismo y Monta\u00f1a, en colaboraci\u00f3n con la Concejal\u00eda de Deportes y Atarfe Ciudad Deportiva (Acidesa).<!--more--><\/div>\n<div dir=\"auto\"><\/div>\n<div dir=\"auto\">Son 23 kil\u00f3metros y es necesario estar en forma, pero tiene la enorme ventaja de pasar un d\u00eda en buena compa\u00f1\u00eda y en contacto con la naturaleza.<\/div>\n<div dir=\"auto\">Las inscripciones se hacen en el Centro Cultural Medina Elvira o en la piscina municipal.<\/div>\n<div dir=\"auto\">La ruta se inicia a las 8,30 horas desde el Paseo de Santa Ana y se regresa en autob\u00fas. Solo cuesta 2\u20ac por persona.<\/div>\n<div dir=\"auto\"><\/div>\n<\/div>\n<p><a href=\"https:\/\/i0.wp.com\/miradordeatarfe.es\/wp-content\/uploads\/2018\/11\/FB_IMG_1541075627735.jpg?ssl=1\"><img data-recalc-dims=\"1\" loading=\"lazy\" decoding=\"async\" class=\"alignnone size-full wp-image-26750\" src=\"https:\/\/i0.wp.com\/miradordeatarfe.es\/wp-content\/uploads\/2018\/11\/FB_IMG_1541075627735.jpg?resize=640%2C442&#038;ssl=1\" alt=\"\" width=\"640\" height=\"442\" srcset=\"https:\/\/i0.wp.com\/miradordeatarfe.es\/wp-content\/uploads\/2018\/11\/FB_IMG_1541075627735.jpg?w=1390&amp;ssl=1 1390w, https:\/\/i0.wp.com\/miradordeatarfe.es\/wp-content\/uploads\/2018\/11\/FB_IMG_1541075627735.jpg?resize=300%2C207&amp;ssl=1 300w, https:\/\/i0.wp.com\/miradordeatarfe.es\/wp-content\/uploads\/2018\/11\/FB_IMG_1541075627735.jpg?resize=768%2C530&amp;ssl=1 768w, https:\/\/i0.wp.com\/miradordeatarfe.es\/wp-content\/uploads\/2018\/11\/FB_IMG_1541075627735.jpg?resize=1024%2C707&amp;ssl=1 1024w, https:\/\/i0.wp.com\/miradordeatarfe.es\/wp-content\/uploads\/2018\/11\/FB_IMG_1541075627735.jpg?resize=600%2C414&amp;ssl=1 600w, https:\/\/i0.wp.com\/miradordeatarfe.es\/wp-content\/uploads\/2018\/11\/FB_IMG_1541075627735.jpg?w=1280&amp;ssl=1 1280w\" sizes=\"auto, (max-width: 640px) 100vw, 640px\" \/><\/a><\/p>\n","protected":false},"excerpt":{"rendered":"<p>El s\u00e1bado 3 de noviembre se ha programado la traves\u00eda entre Mocl\u00edn y Atarfe, tambi\u00e9n&#8230;<\/p>\n","protected":false},"author":1,"featured_media":0,"comment_status":"closed","ping_status":"closed","sticky":false,"template":"","format":"standard","meta":{"_coblocks_attr":"","_coblocks_dimensions":"","_coblocks_responsive_height":"","_coblocks_accordion_ie_support":"","jetpack_post_was_ever_published":false,"_jetpack_newsletter_access":"","_jetpack_dont_email_post_to_subs":false,"_jetpack_newsletter_tier_id":0,"_jetpack_memberships_contains_paywalled_content":false,"_jetpack_memberships_contains_paid_content":false,"footnotes":"","jetpack_publicize_message":"","jetpack_publicize_feature_enabled":true,"jetpack_social_post_already_shared":false,"jetpack_social_options":{"image_generator_settings":{"template":"highway","default_image_id":0,"enabled":false},"version":2}},"categories":[2,182,186,44,15,10],"tags":[81,123,5436],"class_list":["post-26749","post","type-post","status-publish","format-standard","hentry","category-atarfe","category-deportes","category-instituciones","category-noticias-de-hoy","category-ultimas-noticias","category-salud","tag-atarfe","tag-deportes","tag-ruta-senderista"],"jetpack_publicize_connections":[],"jetpack_featured_media_url":"","jetpack_likes_enabled":true,"jetpack_sharing_enabled":true,"_links":{"self":[{"href":"https:\/\/miradordeatarfe.es\/index.php?rest_route=\/wp\/v2\/posts\/26749","targetHints":{"allow":["GET"]}}],"collection":[{"href":"https:\/\/miradordeatarfe.es\/index.php?rest_route=\/wp\/v2\/posts"}],"about":[{"href":"https:\/\/miradordeatarfe.es\/index.php?rest_route=\/wp\/v2\/types\/post"}],"author":[{"embeddable":true,"href":"https:\/\/miradordeatarfe.es\/index.php?rest_route=\/wp\/v2\/users\/1"}],"replies":[{"embeddable":true,"href":"https:\/\/miradordeatarfe.es\/index.php?rest_route=%2Fwp%2Fv2%2Fcomments&post=26749"}],"version-history":[{"count":1,"href":"https:\/\/miradordeatarfe.es\/index.php?rest_route=\/wp\/v2\/posts\/26749\/revisions"}],"predecessor-version":[{"id":26752,"href":"https:\/\/miradordeatarfe.es\/index.php?rest_route=\/wp\/v2\/posts\/26749\/revisions\/26752"}],"wp:attachment":[{"href":"https:\/\/miradordeatarfe.es\/index.php?rest_route=%2Fwp%2Fv2%2Fmedia&parent=26749"}],"wp:term":[{"taxonomy":"category","embeddable":true,"href":"https:\/\/miradordeatarfe.es\/index.php?rest_route=%2Fwp%2Fv2%2Fcategories&post=26749"},{"taxonomy":"post_tag","embeddable":true,"href":"https:\/\/miradordeatarfe.es\/index.php?rest_route=%2Fwp%2Fv2%2Ftags&post=26749"}],"curies":[{"name":"wp","href":"https:\/\/api.w.org\/{rel}","templated":true}]}}