{"id":26882,"date":"2018-11-09T11:15:59","date_gmt":"2018-11-09T10:15:59","guid":{"rendered":"http:\/\/miradordeatarfe.es\/?p=26882"},"modified":"2018-11-10T13:45:08","modified_gmt":"2018-11-10T12:45:08","slug":"atarfe-actividades-culturales-de-fin-de-semana","status":"publish","type":"post","link":"https:\/\/miradordeatarfe.es\/?p=26882","title":{"rendered":"ATARFE: ACTIVIDADES CULTURALES DE FIN DE SEMANA"},"content":{"rendered":"<p style=\"text-align: justify;\">El <strong>viernes 9<\/strong>, a las 20 horas, la Gala Ben\u00e9fica <strong>&#8216;Granada por \u00c1frica,<\/strong> E<strong>l s\u00e1bado 10<\/strong>, en el mismo escenario, a partir de las 18 horas, se celebrar\u00e1 un a\u00f1o m\u00e1s <strong>el <\/strong>FesDance Granada Y <strong>el domingo 11, a las 19 horas,<\/strong> el Centro Cultural Medina Elvira, los alumnos de la Escuela de Teatro de Atarfe ponen en escena de nuevo \u00a0<strong>\u201cUna arrecog\u00eda m\u00e1s\u201d,<br \/>\n<\/strong><!--more--><\/p>\n<p style=\"text-align: justify;\">El Centro Cultural Medina Elvira acoge el <strong>viernes 9<\/strong>, a las 20 horas, la <strong>Gala Ben\u00e9fica &#8216;Granada por \u00c1frica&#8217;<\/strong>, un evento solidario para ayudar a un continente con muchos pa\u00edses que sufren hambrunas por el agotamiento de sus recursos. Habr\u00e1 baile y m\u00fasica para amenizar la velada. La entrada (tan solo 5\u20ac) pod\u00e9is reservarla en el propio centro cultural. La causa lo merece. Gracias por la difusi\u00f3n.<\/p>\n<p style=\"text-align: justify;\"><a href=\"https:\/\/i0.wp.com\/miradordeatarfe.es\/wp-content\/uploads\/2018\/11\/Gala-ben%C3%A9fica-Africa-9-Nov.jpg?ssl=1\"><img data-recalc-dims=\"1\" loading=\"lazy\" decoding=\"async\" class=\"size-full wp-image-26885 aligncenter\" src=\"https:\/\/i0.wp.com\/miradordeatarfe.es\/wp-content\/uploads\/2018\/11\/Gala-ben%C3%A9fica-Africa-9-Nov.jpg?resize=640%2C452&#038;ssl=1\" alt=\"\" width=\"640\" height=\"452\" srcset=\"https:\/\/i0.wp.com\/miradordeatarfe.es\/wp-content\/uploads\/2018\/11\/Gala-ben%C3%A9fica-Africa-9-Nov.jpg?w=720&amp;ssl=1 720w, https:\/\/i0.wp.com\/miradordeatarfe.es\/wp-content\/uploads\/2018\/11\/Gala-ben%C3%A9fica-Africa-9-Nov.jpg?resize=300%2C212&amp;ssl=1 300w, https:\/\/i0.wp.com\/miradordeatarfe.es\/wp-content\/uploads\/2018\/11\/Gala-ben%C3%A9fica-Africa-9-Nov.jpg?resize=600%2C424&amp;ssl=1 600w\" sizes=\"auto, (max-width: 640px) 100vw, 640px\" \/><\/a><\/p>\n<p>El <strong>s\u00e1bado 10<\/strong>, en el mismo escenario, a partir de las 18 horas, se celebrar\u00e1 un a\u00f1o m\u00e1s el <strong>FesDance Granada<\/strong>, que re\u00fane a numerosos bailarines de academias granadinas con coreograf\u00edas de estilos musicales diversos. La entrada cuesta 10\u20ac.<\/p>\n<p style=\"text-align: justify;\"><a href=\"https:\/\/i0.wp.com\/miradordeatarfe.es\/wp-content\/uploads\/2018\/11\/FesDance-10-Nov.jpg?ssl=1\"><img data-recalc-dims=\"1\" loading=\"lazy\" decoding=\"async\" class=\"size-full wp-image-26883 aligncenter\" src=\"https:\/\/i0.wp.com\/miradordeatarfe.es\/wp-content\/uploads\/2018\/11\/FesDance-10-Nov.jpg?resize=397%2C559&#038;ssl=1\" alt=\"\" width=\"397\" height=\"559\" srcset=\"https:\/\/i0.wp.com\/miradordeatarfe.es\/wp-content\/uploads\/2018\/11\/FesDance-10-Nov.jpg?w=397&amp;ssl=1 397w, https:\/\/i0.wp.com\/miradordeatarfe.es\/wp-content\/uploads\/2018\/11\/FesDance-10-Nov.jpg?resize=213%2C300&amp;ssl=1 213w\" sizes=\"auto, (max-width: 397px) 100vw, 397px\" \/><\/a><\/p>\n<p>Y el <strong>domingo 11<\/strong>, a las 19 horas, el Centro Cultural Medina Elvira, los alumnos de la Escuela de Teatro de Atarfe ponen en escena de nuevo \u00a0<strong>\u201cUna arrecog\u00eda m\u00e1s\u201d<\/strong>, adaptaci\u00f3n de la obra de Mart\u00edn Recuerda \u201cLas arrecog\u00edas del beaterio de Sta. Mar\u00eda Egipciaca\u201d. Tras el \u00e9xito obtenido en su estreno coincidiendo con la Muestra de Teatro Local que se celebr\u00f3 en septiembre, la escuela de teatro integrada en la Asociaci\u00f3n Art\u00edstica y Cultural Ciudad Atarfe recupera la obra que se desarrolla en el beaterio granadino de Sta Mar\u00eda Egipciaca, donde se encuentran recluidas una serie de mujeres de mala fama (presas comunes, prostitutas, ladronas\u2026)\u00a0con el fin de reformarse. La entrada es por invitaci\u00f3n y se puede recoger en el Centro Cultural Medina Elvira.<a href=\"https:\/\/i0.wp.com\/miradordeatarfe.es\/wp-content\/uploads\/2018\/11\/Teatro-11-Nov.jpg?ssl=1\"><img data-recalc-dims=\"1\" loading=\"lazy\" decoding=\"async\" class=\"size-full wp-image-26884 aligncenter\" src=\"https:\/\/i0.wp.com\/miradordeatarfe.es\/wp-content\/uploads\/2018\/11\/Teatro-11-Nov.jpg?resize=640%2C799&#038;ssl=1\" alt=\"\" width=\"640\" height=\"799\" srcset=\"https:\/\/i0.wp.com\/miradordeatarfe.es\/wp-content\/uploads\/2018\/11\/Teatro-11-Nov.jpg?w=720&amp;ssl=1 720w, https:\/\/i0.wp.com\/miradordeatarfe.es\/wp-content\/uploads\/2018\/11\/Teatro-11-Nov.jpg?resize=240%2C300&amp;ssl=1 240w, https:\/\/i0.wp.com\/miradordeatarfe.es\/wp-content\/uploads\/2018\/11\/Teatro-11-Nov.jpg?resize=600%2C749&amp;ssl=1 600w\" sizes=\"auto, (max-width: 640px) 100vw, 640px\" \/><\/a><\/p>\n","protected":false},"excerpt":{"rendered":"<p>El viernes 9, a las 20 horas, la Gala Ben\u00e9fica &#8216;Granada por \u00c1frica, El s\u00e1bado&#8230;<\/p>\n","protected":false},"author":1,"featured_media":26886,"comment_status":"closed","ping_status":"closed","sticky":false,"template":"","format":"standard","meta":{"_coblocks_attr":"","_coblocks_dimensions":"","_coblocks_responsive_height":"","_coblocks_accordion_ie_support":"","jetpack_post_was_ever_published":false,"_jetpack_newsletter_access":"","_jetpack_dont_email_post_to_subs":false,"_jetpack_newsletter_tier_id":0,"_jetpack_memberships_contains_paywalled_content":false,"_jetpack_memberships_contains_paid_content":false,"footnotes":"","jetpack_publicize_message":"","jetpack_publicize_feature_enabled":true,"jetpack_social_post_already_shared":false,"jetpack_social_options":{"image_generator_settings":{"template":"highway","default_image_id":0,"enabled":false},"version":2}},"categories":[2,12,44,15],"tags":[81,90],"class_list":["post-26882","post","type-post","status-publish","format-standard","has-post-thumbnail","hentry","category-atarfe","category-cultura","category-noticias-de-hoy","category-ultimas-noticias","tag-atarfe","tag-cultura"],"jetpack_publicize_connections":[],"jetpack_featured_media_url":"https:\/\/i0.wp.com\/miradordeatarfe.es\/wp-content\/uploads\/2018\/11\/CUL.jpg?fit=1024%2C682&ssl=1","jetpack_likes_enabled":true,"jetpack_sharing_enabled":true,"_links":{"self":[{"href":"https:\/\/miradordeatarfe.es\/index.php?rest_route=\/wp\/v2\/posts\/26882","targetHints":{"allow":["GET"]}}],"collection":[{"href":"https:\/\/miradordeatarfe.es\/index.php?rest_route=\/wp\/v2\/posts"}],"about":[{"href":"https:\/\/miradordeatarfe.es\/index.php?rest_route=\/wp\/v2\/types\/post"}],"author":[{"embeddable":true,"href":"https:\/\/miradordeatarfe.es\/index.php?rest_route=\/wp\/v2\/users\/1"}],"replies":[{"embeddable":true,"href":"https:\/\/miradordeatarfe.es\/index.php?rest_route=%2Fwp%2Fv2%2Fcomments&post=26882"}],"version-history":[{"count":2,"href":"https:\/\/miradordeatarfe.es\/index.php?rest_route=\/wp\/v2\/posts\/26882\/revisions"}],"predecessor-version":[{"id":26898,"href":"https:\/\/miradordeatarfe.es\/index.php?rest_route=\/wp\/v2\/posts\/26882\/revisions\/26898"}],"wp:featuredmedia":[{"embeddable":true,"href":"https:\/\/miradordeatarfe.es\/index.php?rest_route=\/wp\/v2\/media\/26886"}],"wp:attachment":[{"href":"https:\/\/miradordeatarfe.es\/index.php?rest_route=%2Fwp%2Fv2%2Fmedia&parent=26882"}],"wp:term":[{"taxonomy":"category","embeddable":true,"href":"https:\/\/miradordeatarfe.es\/index.php?rest_route=%2Fwp%2Fv2%2Fcategories&post=26882"},{"taxonomy":"post_tag","embeddable":true,"href":"https:\/\/miradordeatarfe.es\/index.php?rest_route=%2Fwp%2Fv2%2Ftags&post=26882"}],"curies":[{"name":"wp","href":"https:\/\/api.w.org\/{rel}","templated":true}]}}