{"id":26997,"date":"2018-11-17T10:25:00","date_gmt":"2018-11-17T09:25:00","guid":{"rendered":"http:\/\/miradordeatarfe.es\/?p=26997"},"modified":"2018-11-14T10:29:30","modified_gmt":"2018-11-14T09:29:30","slug":"atarfe-acoge-en-noviembre-el-encuentro-anual-de-apoyo-al-comercio-local","status":"publish","type":"post","link":"https:\/\/miradordeatarfe.es\/?p=26997","title":{"rendered":"Atarfe acoge en noviembre el encuentro anual de apoyo al comercio local"},"content":{"rendered":"<p style=\"text-align: justify;\">M\u00e1s de una veintena de comerciantes se dan cita los d\u00edas 24 y 25 de noviembre en el Centro Cultural Medina Elvira para acercar sus productos a los ciudadanos y construir un espacio de colaboraci\u00f3n.<!--more--><\/p>\n<p style=\"text-align: justify;\">Por sexto a\u00f1o consecutivo, los comerciantes de Atarfe celebran los d\u00edas 24 y 25 de noviembre el Encuentro del Stock que tiene como objetivo acercar sus productos a los ciudadanos y potenciar el sector.<\/p>\n<p style=\"text-align: justify;\">Al igual que en pasadas ediciones, el Centro Cultural Medina Elvira acoger\u00e1 los expositores de m\u00e1s de una veintena de comerciantes del municipio en un evento que persigue tambi\u00e9n fomentar la cooperaci\u00f3n empresarial. En el centro cultural se reunir\u00e1n comerciantes del sector de la moda para adultos y p\u00fablico infantil, calzado, deporte, regalos, joyer\u00eda, florister\u00eda, fotograf\u00eda, alimentaci\u00f3n, energ\u00eda renovable, decoraci\u00f3n, m\u00fasica y complementos, entre otros.<\/p>\n<p style=\"text-align: justify;\">Durante los dos d\u00edas permanecer\u00e1n instalados en el recinto cultural stands donde los comerciantes tendr\u00e1n oportunidad de mostrar sus productos a los ciudadanos. Habr\u00e1 tambi\u00e9n un servicio de ludoteca con actividades dirigidas a los ni\u00f1os, distintos talleres, juegos y otras manualidades que se han programado para el domingo.<\/p>\n<p style=\"text-align: justify;\">La iniciativa promovida por la Asociaci\u00f3n de Empresarios de Atarfe (ASEMATARFE), en colaboraci\u00f3n con la Concejal\u00eda de Comercio del Ayuntamiento,<strong> surgi\u00f3 con la idea de construir un espacio para alcanzar acuerdos de colaboraci\u00f3n y potenciar el comercio con propuestas de ocio relacionadas con el sector<\/strong>.<\/p>\n<p style=\"text-align: justify;\">La concejal de Comercio y Empleo del Ayuntamiento de Atarfe, Fabiola Garc\u00eda Montijano,\u00a0considera fundamental apostar por el comercio de cercan\u00eda, sector estrat\u00e9gico para el municipio por los puestos de trabajo que genera. \u00abEl comercio de cercan\u00eda da vida al pueblo, garantiza el abastecimiento de diversidad de productos y servicios, y genera mucho empleo\u00bb, ha destacado Garc\u00eda Montijano, quien ha hecho un llamamiento a\u00a0los vecinos para que acudan a apoyar el comercio de Atarfe.<\/p>\n<p style=\"text-align: justify;\">Como incentivo se sortear\u00e1 entre el p\u00fablico asistente un cheque por importe de mil euros para realizar compras en dichos comercios.<\/p>\n<p style=\"text-align: justify;\">El horario de apertura de los stand que se dan cita este fin de semana en el Centro Cultural Medina Elvira es de 12:00 horas a 22:00 horas el s\u00e1bado y de 11:00 a 20:30 horas el domingo. El acceso es libre.<\/p>\n<p><a href=\"https:\/\/i0.wp.com\/miradordeatarfe.es\/wp-content\/uploads\/2018\/11\/asematarfe-web.jpg?ssl=1\"><img data-recalc-dims=\"1\" loading=\"lazy\" decoding=\"async\" class=\"size-full wp-image-26998 aligncenter\" src=\"https:\/\/i0.wp.com\/miradordeatarfe.es\/wp-content\/uploads\/2018\/11\/asematarfe-web.jpg?resize=494%2C700&#038;ssl=1\" alt=\"\" width=\"494\" height=\"700\" srcset=\"https:\/\/i0.wp.com\/miradordeatarfe.es\/wp-content\/uploads\/2018\/11\/asematarfe-web.jpg?w=494&amp;ssl=1 494w, https:\/\/i0.wp.com\/miradordeatarfe.es\/wp-content\/uploads\/2018\/11\/asematarfe-web.jpg?resize=212%2C300&amp;ssl=1 212w\" sizes=\"auto, (max-width: 494px) 100vw, 494px\" \/><\/a><\/p>\n<hr class=\"invisible\" \/>\n","protected":false},"excerpt":{"rendered":"<p>M\u00e1s de una veintena de comerciantes se dan cita los d\u00edas 24 y 25 de&#8230;<\/p>\n","protected":false},"author":1,"featured_media":26999,"comment_status":"closed","ping_status":"closed","sticky":false,"template":"","format":"standard","meta":{"_coblocks_attr":"","_coblocks_dimensions":"","_coblocks_responsive_height":"","_coblocks_accordion_ie_support":"","jetpack_post_was_ever_published":false,"_jetpack_newsletter_access":"","_jetpack_dont_email_post_to_subs":false,"_jetpack_newsletter_tier_id":0,"_jetpack_memberships_contains_paywalled_content":false,"_jetpack_memberships_contains_paid_content":false,"footnotes":"","jetpack_publicize_message":"","jetpack_publicize_feature_enabled":true,"jetpack_social_post_already_shared":false,"jetpack_social_options":{"image_generator_settings":{"template":"highway","default_image_id":0,"enabled":false},"version":2}},"categories":[2,186,9,44,15],"tags":[1848,81,5468],"class_list":["post-26997","post","type-post","status-publish","format-standard","has-post-thumbnail","hentry","category-atarfe","category-instituciones","category-medio-ambiente","category-noticias-de-hoy","category-ultimas-noticias","tag-asematarfe","tag-atarfe","tag-comerciantes"],"jetpack_publicize_connections":[],"jetpack_featured_media_url":"https:\/\/i0.wp.com\/miradordeatarfe.es\/wp-content\/uploads\/2018\/11\/asematarfe-web-2.jpg?fit=494%2C155&ssl=1","jetpack_likes_enabled":true,"jetpack_sharing_enabled":true,"_links":{"self":[{"href":"https:\/\/miradordeatarfe.es\/index.php?rest_route=\/wp\/v2\/posts\/26997","targetHints":{"allow":["GET"]}}],"collection":[{"href":"https:\/\/miradordeatarfe.es\/index.php?rest_route=\/wp\/v2\/posts"}],"about":[{"href":"https:\/\/miradordeatarfe.es\/index.php?rest_route=\/wp\/v2\/types\/post"}],"author":[{"embeddable":true,"href":"https:\/\/miradordeatarfe.es\/index.php?rest_route=\/wp\/v2\/users\/1"}],"replies":[{"embeddable":true,"href":"https:\/\/miradordeatarfe.es\/index.php?rest_route=%2Fwp%2Fv2%2Fcomments&post=26997"}],"version-history":[{"count":1,"href":"https:\/\/miradordeatarfe.es\/index.php?rest_route=\/wp\/v2\/posts\/26997\/revisions"}],"predecessor-version":[{"id":27000,"href":"https:\/\/miradordeatarfe.es\/index.php?rest_route=\/wp\/v2\/posts\/26997\/revisions\/27000"}],"wp:featuredmedia":[{"embeddable":true,"href":"https:\/\/miradordeatarfe.es\/index.php?rest_route=\/wp\/v2\/media\/26999"}],"wp:attachment":[{"href":"https:\/\/miradordeatarfe.es\/index.php?rest_route=%2Fwp%2Fv2%2Fmedia&parent=26997"}],"wp:term":[{"taxonomy":"category","embeddable":true,"href":"https:\/\/miradordeatarfe.es\/index.php?rest_route=%2Fwp%2Fv2%2Fcategories&post=26997"},{"taxonomy":"post_tag","embeddable":true,"href":"https:\/\/miradordeatarfe.es\/index.php?rest_route=%2Fwp%2Fv2%2Ftags&post=26997"}],"curies":[{"name":"wp","href":"https:\/\/api.w.org\/{rel}","templated":true}]}}