{"id":27017,"date":"2018-11-17T10:19:28","date_gmt":"2018-11-17T09:19:28","guid":{"rendered":"http:\/\/miradordeatarfe.es\/?p=27017"},"modified":"2018-11-15T10:22:54","modified_gmt":"2018-11-15T09:22:54","slug":"sanidad-y-ciencia-se-unen-contra-las-pseudoterapias-en-los-centros-sanitarios-y-universidades","status":"publish","type":"post","link":"https:\/\/miradordeatarfe.es\/?p=27017","title":{"rendered":"Sanidad y Ciencia se unen contra las pseudoterapias en los centros sanitarios y universidades"},"content":{"rendered":"<div id=\"noticia-completa\" class=\"article-body p402_premium\">\n<p style=\"text-align: justify;\">La ministra de Sanidad, Consumo y Bienestar Social, Mar\u00eda Luisa Carcedo, y el ministro de <a href=\"https:\/\/www.elindependiente.com\/etiquetas\/ciencia\/\" target=\"_blank\" rel=\"noopener\">Ciencia<\/a>, Innovaci\u00f3n y Universidades, <a class=\"\" href=\"https:\/\/www.elindependiente.com\/futuro\/2018\/07\/03\/duque-difundir-mas-la-ciencia-combatir-las-pseudociencias\/\">Pedro Duque<\/a>, han presentado este mi\u00e9rcoles el Plan para la Protecci\u00f3n de las Personas frente a las Pseudoterapias con el que se pretende, entre otras medidas, eliminar las pseudoterapias de los centros sanitarios y las universidades.<!--more--><\/p>\n<p class=\"\" style=\"text-align: justify;\">La iniciativa se explica por el hecho de que, tal y como ha recordado Carcedo, actualmente casi el 60 por ciento de la poblaci\u00f3n cree que la acupuntura funciona y el 53%, que los productos homeop\u00e1ticos son efectivos.<\/p>\n<p class=\"\" style=\"text-align: justify;\">\u201cHemos constatado que hay una cierta confusi\u00f3n en la sociedad entre terapias o pr\u00e1cticas m\u00e9dicas basadas en el conocimiento y las que no tienen este aval. El uso de las pseudoterpias no es residual y puede tener efectos perjudiciales para la salud tanto de forma directa como indirecta\u201d, ha argumentado la ministra de Sanidad.<\/p>\n<p class=\"\" style=\"text-align: justify;\">Por ello este plan, \u201cprioritario\u201d para el Gobierno de Pedro S\u00e1nchez, pretende defender la salud como un derecho b\u00e1sico, proteger a los ciudadanos frente al \u201cgrave riesgo\u201d para la salud que implica el uso de las pseudoterapias, proporcionar informaci\u00f3n \u201cveraz y rigurosa\u201d y asegurar que la formaci\u00f3n sanitaria en universidades no incluye programas o contenidos sin evidencia cient\u00edfica.<\/p>\n<p class=\"\" style=\"text-align: justify;\">As\u00ed, y en lo referido a las medidas para evitar la publicidad enga\u00f1osa, el plan contempla la modificaci\u00f3n de normativas existentes para que no haya promoci\u00f3n comercial de pr\u00e1cticas no amparadas por la ciencia en Internet, redes sociales o jornadas. Estas modificaciones se agrupar\u00e1n en un nuevo Real Decreto de Protecci\u00f3n de la Salud frente a las Pseudoterapias.<\/p>\n<h2 class=\"\" style=\"text-align: justify;\">Lucha contra el intrusismo<\/h2>\n<p class=\"\" style=\"text-align: justify;\">Del mismo modo, el plan contempla tambi\u00e9n cambiar el Real Decreto 1277\/2003 sobre autorizaci\u00f3n de centros y establecimientos sanitarios, tanto en los aspectos relativos q evitar el intrusismo como para impedir que se autoricen pseudoterapias en el registro de centros sanitarios, tanto p\u00fablicos como privados.<\/p>\n<p class=\"\" style=\"text-align: justify;\">\u201cNo queremos eliminar las creencias de las personas, crear una sociedad de pensamiento \u00fanico, sino hacer que los ciudadanos tengan suficiente informaci\u00f3n para que tomen sus decisiones de forma adecuada y basada en la evidencia cient\u00edfica. Estamos ante unas medidas valientes y esperamos que este plan sea un paso m\u00e1s para conseguir que las decisiones que se adopten est\u00e9n basadas en el conocimiento real\u201d, ha apostillado el ministro Duque.<\/p>\n<p><a href=\"https:\/\/www.elindependiente.com\/futuro\/2018\/11\/14\/sanidad-ciencia-se-unen-las-pseudoterapias-los-centros-sanitarios-universidades\/\">https:\/\/www.elindependiente.com\/futuro\/2018\/11\/14\/sanidad-ciencia-se-unen-las-pseudoterapias-los-centros-sanitarios-universidades\/<\/a><\/p>\n<\/div>\n<p>&nbsp;<\/p>\n","protected":false},"excerpt":{"rendered":"<p>La ministra de Sanidad, Consumo y Bienestar Social, Mar\u00eda Luisa Carcedo, y el ministro de&#8230;<\/p>\n","protected":false},"author":1,"featured_media":27018,"comment_status":"closed","ping_status":"closed","sticky":false,"template":"","format":"standard","meta":{"_coblocks_attr":"","_coblocks_dimensions":"","_coblocks_responsive_height":"","_coblocks_accordion_ie_support":"","jetpack_post_was_ever_published":false,"_jetpack_newsletter_access":"","_jetpack_dont_email_post_to_subs":false,"_jetpack_newsletter_tier_id":0,"_jetpack_memberships_contains_paywalled_content":false,"_jetpack_memberships_contains_paid_content":false,"footnotes":"","jetpack_publicize_message":"","jetpack_publicize_feature_enabled":true,"jetpack_social_post_already_shared":false,"jetpack_social_options":{"image_generator_settings":{"template":"highway","default_image_id":0,"enabled":false},"version":2}},"categories":[186,44,15,10],"tags":[53,55],"class_list":["post-27017","post","type-post","status-publish","format-standard","has-post-thumbnail","hentry","category-instituciones","category-noticias-de-hoy","category-ultimas-noticias","category-salud","tag-ciencia","tag-salud"],"jetpack_publicize_connections":[],"jetpack_featured_media_url":"https:\/\/i0.wp.com\/miradordeatarfe.es\/wp-content\/uploads\/2018\/11\/pedro-duque-Maria-luisa-carcedo-1440x808.jpg?fit=1440%2C808&ssl=1","jetpack_likes_enabled":true,"jetpack_sharing_enabled":true,"_links":{"self":[{"href":"https:\/\/miradordeatarfe.es\/index.php?rest_route=\/wp\/v2\/posts\/27017","targetHints":{"allow":["GET"]}}],"collection":[{"href":"https:\/\/miradordeatarfe.es\/index.php?rest_route=\/wp\/v2\/posts"}],"about":[{"href":"https:\/\/miradordeatarfe.es\/index.php?rest_route=\/wp\/v2\/types\/post"}],"author":[{"embeddable":true,"href":"https:\/\/miradordeatarfe.es\/index.php?rest_route=\/wp\/v2\/users\/1"}],"replies":[{"embeddable":true,"href":"https:\/\/miradordeatarfe.es\/index.php?rest_route=%2Fwp%2Fv2%2Fcomments&post=27017"}],"version-history":[{"count":1,"href":"https:\/\/miradordeatarfe.es\/index.php?rest_route=\/wp\/v2\/posts\/27017\/revisions"}],"predecessor-version":[{"id":27019,"href":"https:\/\/miradordeatarfe.es\/index.php?rest_route=\/wp\/v2\/posts\/27017\/revisions\/27019"}],"wp:featuredmedia":[{"embeddable":true,"href":"https:\/\/miradordeatarfe.es\/index.php?rest_route=\/wp\/v2\/media\/27018"}],"wp:attachment":[{"href":"https:\/\/miradordeatarfe.es\/index.php?rest_route=%2Fwp%2Fv2%2Fmedia&parent=27017"}],"wp:term":[{"taxonomy":"category","embeddable":true,"href":"https:\/\/miradordeatarfe.es\/index.php?rest_route=%2Fwp%2Fv2%2Fcategories&post=27017"},{"taxonomy":"post_tag","embeddable":true,"href":"https:\/\/miradordeatarfe.es\/index.php?rest_route=%2Fwp%2Fv2%2Ftags&post=27017"}],"curies":[{"name":"wp","href":"https:\/\/api.w.org\/{rel}","templated":true}]}}