{"id":27037,"date":"2018-11-19T11:05:16","date_gmt":"2018-11-19T10:05:16","guid":{"rendered":"http:\/\/miradordeatarfe.es\/?p=27037"},"modified":"2018-11-19T10:47:47","modified_gmt":"2018-11-19T09:47:47","slug":"por-que-garcia-lorca-murio-primero-en-albacete","status":"publish","type":"post","link":"https:\/\/miradordeatarfe.es\/?p=27037","title":{"rendered":"\u00bfPor qu\u00e9 Garc\u00eda Lorca &#8216;muri\u00f3&#8217; primero en Albacete?"},"content":{"rendered":"<p style=\"text-align: justify;\">Un excepcional reportaje, con pasajes nunca antes publicados, del investigador Gabriel Pozo Felguera, que desvela claves desconocidas hasta ahora que ayudan a comprender el primer lugar donde se inform\u00f3 del asesinato de Federico Garc\u00eda Lorca. Una aportaci\u00f3n magistral que no debes perderte. <!--more--><\/p>\n<div class=\"cuerpo\">\n<div>\n<ul style=\"text-align: justify;\">\n<li>\n<h3><strong>El <em>novio<\/em> de Federico (<em>el Rubio<\/em>) y su <em>cu\u00f1ado<\/em> fueron de los primeros que conocieron el\u00a0 asesinato y lo publicaron en el <em>Diario de Albacete<\/em><\/strong><\/h3>\n<\/li>\n<li>\n<h3><strong>Juan Ram\u00edrez de Lucas manten\u00eda una estrecha relaci\u00f3n de amistad y amor con el poeta desde 18 meses antes de su muerte; era su amor oscuro<\/strong><\/h3>\n<\/li>\n<li>\n<h3><strong>El joven amante de Lorca dej\u00f3 publicado un poema, seguramente dedicado a la ausencia de su amor, en una revista del frente de guerra<\/strong><\/h3>\n<\/li>\n<li>\n<h3><strong>Diputaci\u00f3n de Granada (Casa de Fuente Vaqueros) negocia con los herederos de Juan Ram\u00edrez para publicar el diario en que narra sus relaciones con Lorca<\/strong><\/h3>\n<\/li>\n<\/ul>\n<div class=\"divdest\" style=\"text-align: justify;\">La exclusiva del asesinato de <strong>Federico Garc\u00eda Lorca<\/strong>\u00a0fue dada por el <em>Diario de Albacete<\/em>. S\u00f3lo doce d\u00edas despu\u00e9s de que ocurriera. \u00bfPor qu\u00e9 en esta ciudad manchega y no en Murcia, Alicante o Madrid? \u00bfQui\u00e9n la llev\u00f3 a la capital de las navajas? \u00bfQui\u00e9n fue el primer destinatario? El fusilamiento del poeta entre V\u00edznar y Alfacar fue conocido el mismo 18 de agosto de 1936 por sus m\u00e1s \u00edntimos y su familia; pero el cerco de Granada por los republicanos ten\u00eda cortadas las comunicaciones. \u00bfQuiso Federico que, si lo mataban, se supiera pronto en Albacete? \u00bfLe hizo ese encargo a alguien? Entre los primeros en saberlo en zona roja fueron el \u201cnovio\u201d y el \u201ccu\u00f1ado\u201d de Federico: Juan Ram\u00edrez de Lucas, <em>el Rubio<\/em>, y su hermano mayor. Los dos estaban en Albacete. Tiempo despu\u00e9s, el que fuera \u00faltimo amante de Lorca le dedic\u00f3 un poema p\u00f3stumo y dej\u00f3 un diario \u00edntimo de sus relaciones, pendiente de publicaci\u00f3n en la actualidad.<\/div>\n<p style=\"text-align: justify;\"><strong>Juan Ram\u00edrez de Lucas <\/strong>(Albacete, 1917- Madrid, 2010) orden\u00f3 a sus hermanos que le sacaran del <em>armario<\/em> una vez muerto. Pero al final, ya en 2012, fue el escritor <strong>Manuel Francisco Reina<\/strong> quien lo hizo a partir de una filtraci\u00f3n con su libro <em>Los amores oscuros<\/em>. Por lo que sabemos hasta ahora, dentro del <em>armario<\/em> del <em>Rubio<\/em> de Albacete se encerraba una relaci\u00f3n intensa de amor y amistad entre el afamado Federico Garc\u00eda Lorca y un joven aficionado actor de s\u00f3lo 17 a\u00f1os.<\/p>\n<p style=\"text-align: justify;\">El flechazo entre el granadino consagrado y el albacete\u00f1o principiante en las tablas surgi\u00f3 en los \u00faltimos meses de 1934, cuando ambos coincidieron en el <strong>Club Anfistora<\/strong> durante los ensayos de la obra <em>Perib\u00e1\u00f1ez y el comendador de Oca\u00f1a<\/em>. Federico era un sost\u00e9n vital de aquella compa\u00f1\u00eda de teatro fundada por Pura Ma\u00f3rtua de Ucelay, adem\u00e1s de aportador de sus textos y director art\u00edstico; Juan Ram\u00edrez de Lucas, un joven estudiante de Administraci\u00f3n que acud\u00eda a aprender arte dram\u00e1tico con la compa\u00f1\u00eda teatral. Les present\u00f3 Pura Ucelay, que actu\u00f3 de confidente de ambos durante el a\u00f1o y medio largo que se prolong\u00f3 la relaci\u00f3n entre Federico y Juan.<\/p>\n<div class=\"divdest\" style=\"text-align: justify;\">\n<div class=\"media media-element-container media-default\">\n<div id=\"file-33816\" class=\"file file-image file-image-png\">\n<div class=\"content\"><img data-recalc-dims=\"1\" loading=\"lazy\" decoding=\"async\" class=\"media-element file-default\" src=\"https:\/\/i0.wp.com\/www.elindependientedegranada.es\/sites\/default\/files\/cronica_del_estreno.png?resize=425%2C186\" alt=\"\" width=\"425\" height=\"186\" data-delta=\"1\" \/><\/div>\n<\/div>\n<\/div>\n<p><strong>Cr\u00f3nica del estreno de <em>Perib\u00e1\u00f1ez<\/em><\/strong>, donde Federico comentaba la novedosa puesta en escena.<\/div>\n<p style=\"text-align: justify;\">En los cajones del <em>armario<\/em> del <em>Rubio<\/em> de Albacete estaban los <em>Sonetos del Amor Oscuro<\/em>, sin duda la \u00faltima gran revelaci\u00f3n de obras de Federico. Ya no hab\u00eda duda de que esos poemas iban dirigidos a \u00e9l y no al anterior novio del poeta, <strong>Rafael Rodr\u00edguez Rap\u00fan<\/strong>. Adem\u00e1s, tambi\u00e9n estaba en Albacete la \u00faltima carta de Garc\u00eda Lorca dirigida a su \u00faltimo amante; la hab\u00eda firmado el 18 de julio de 1936 en la Huerta de San Vicente de Granada. El mismo d\u00eda que comenzaron a sonar tambores de guerra.<\/p>\n<p class=\"sumari\" style=\"text-align: justify;\">Muy pocas personas conocieron entre 1934 y 1936 el apasionado idilio entre Federico y Juan. Se sabe de Pura Ucelay, Rodr\u00edguez Rap\u00fan, Luis Rosales\u2026 y Otoniel Ram\u00edrez de Lucas, el hermano mayor<\/p>\n<p style=\"text-align: justify;\">Garc\u00eda Lorca hab\u00eda venido a Granada a celebrar en familia la onom\u00e1stica suya y de su padre, mientras que el\u00a0<em>Rubio<\/em> se hab\u00eda marchado a Albacete a pedir permiso a su padre para viajar a M\u00e9xico en compa\u00f1\u00eda de su amante. Ambos se reunir\u00edan con la compa\u00f1\u00eda de <strong>Margarita Xirgu<\/strong>, quien se hab\u00eda adelantado a la gira teatral americana.<\/p>\n<p style=\"text-align: justify;\">Muy pocas personas conocieron entre 1934 y 1936 el apasionado idilio entre Federico y Juan. Se sabe de <strong>Pura Ucelay, Rodr\u00edguez Rap\u00fan, Luis Rosales<\/strong>\u2026 y <strong>Otoniel Ram\u00edrez de Lucas<\/strong>, el hermano mayor. \u00c9ste fue el \u00fanico de la familia de manchegos que estuvo al tanto de las relaciones homosexuales de su hermano con el poeta; jug\u00f3 un papel important\u00edsimo en la historia que me dispongo a contarles entre 1934 y 1939\u2026 con punto y seguido en los \u00faltimos seis a\u00f1os.<\/p>\n<h4 style=\"text-align: justify;\"><strong>Estudiante manchego en Madrid<\/strong><\/h4>\n<p style=\"text-align: justify;\"><strong>Juan Ram\u00edrez de Lucas<\/strong> fue enviado por su padre a estudiar a Madrid. Era hijo del m\u00e9dico forense <strong>Otoniel Ram\u00edrez<\/strong>, muy reconocido socialmente en una ciudad peque\u00f1a (Albacete ten\u00eda unos 60.000 habitantes). Corr\u00eda el a\u00f1o 1933. Juan era de los hijos mayores del m\u00e9dico (formada por diez v\u00e1stagos). Empez\u00f3 por Ayudante de Obras P\u00fablicas, pero recal\u00f3 finalmente en Administraci\u00f3n P\u00fablica, con clases en la Academia Orad. Pero ten\u00eda predilecci\u00f3n por\u00a0 las artes. De ah\u00ed que por las tardes se interesara por pintura, cine, literatura\u2026 y teatro. Curiose\u00f3 en el entorno de un grupo de actores j\u00f3venes llamado <strong>Club Teatral de la Asociaci\u00f3n Femenina de Educaci\u00f3n C\u00edvica<\/strong>, creado por<strong> Pura Ma\u00f3rtua de Ucelay<\/strong>. Aunque al final acab\u00f3 abrevi\u00e1ndose en <strong>Club Anfistora<\/strong>. \u00bfQu\u00e9 significa Anfistora? Pues nada, era una palabra m\u00e1s inventada por Federico, le resultaba sonora.<\/p>\n<div class=\"divdest\" style=\"text-align: justify;\">\n<div class=\"media media-element-container media-default\">\n<div id=\"file-33868\" class=\"file file-image file-image-png\">\n<h2 class=\"element-invisible\"><\/h2>\n<div class=\"content\"><img data-recalc-dims=\"1\" loading=\"lazy\" decoding=\"async\" class=\"media-element file-default\" src=\"https:\/\/i0.wp.com\/www.elindependientedegranada.es\/sites\/default\/files\/padre_del_rubio_en_1913_cuando_era_medico_de_yeste.png?resize=426%2C523\" alt=\"\" width=\"426\" height=\"523\" data-delta=\"22\" \/><\/div>\n<\/div>\n<\/div>\n<p>Imagen de <strong>Otoniel Ram\u00edrez Garc\u00eda, padre de Juan Ram\u00edrez<\/strong>, de la \u00e9poca en la que era m\u00e9dico en Yeste, en 1913.<\/div>\n<div class=\"divdest\" style=\"text-align: justify;\">\n<div class=\"media media-element-container media-default\">\n<div id=\"file-33817\" class=\"file file-image file-image-png\">\n<h2 class=\"element-invisible\"><img data-recalc-dims=\"1\" loading=\"lazy\" decoding=\"async\" class=\"media-element file-default\" src=\"https:\/\/i0.wp.com\/www.elindependientedegranada.es\/sites\/default\/files\/dia_del_estreno_de_peribanez.png?resize=425%2C331\" alt=\"\" width=\"425\" height=\"331\" data-delta=\"2\" \/><\/h2>\n<\/div>\n<\/div>\n<p><strong>D\u00eda del estreno de <em>Perib\u00e1\u00f1ez y el comendador de Oca\u00f1a<\/em> <\/strong>(25 de enero de 1935). Lorca y Pura Ucelay acompa\u00f1an a parte de los actores. Entre ellos tambi\u00e9n se encontraba el \u00faltimo novio del poeta granadino, aunque o aparece en esta foto. AHORA, 29.01.1935<\/div>\n<div class=\"divdest\" style=\"text-align: justify;\">\n<div class=\"media media-element-container media-default\">\n<div id=\"file-33818\" class=\"file file-image file-image-png\">\n<h2 class=\"element-invisible\"><\/h2>\n<div class=\"content\"><img data-recalc-dims=\"1\" loading=\"lazy\" decoding=\"async\" class=\"media-element file-default\" src=\"https:\/\/i0.wp.com\/www.elindependientedegranada.es\/sites\/default\/files\/retrato_que_hizo.png?resize=225%2C365\" alt=\"\" width=\"225\" height=\"365\" data-delta=\"3\" \/><\/div>\n<\/div>\n<\/div>\n<p><strong>Retrato <\/strong>que hizo Gregorio Prieto al joven amante de Garc\u00eda Lorca.<\/div>\n<div class=\"divdest\" style=\"text-align: justify;\">\n<div class=\"media media-element-container media-default\">\n<div id=\"file-33819\" class=\"file file-image file-image-png\">\n<div class=\"content\"><img data-recalc-dims=\"1\" loading=\"lazy\" decoding=\"async\" class=\"media-element file-default\" src=\"https:\/\/i0.wp.com\/www.elindependientedegranada.es\/sites\/default\/files\/tres_actores.png?resize=334%2C446\" alt=\"\" width=\"334\" height=\"446\" data-delta=\"4\" \/><\/div>\n<\/div>\n<\/div>\n<p>Tres actores, j\u00f3venes y guapos del <strong>Club Anfistora<\/strong>, como gustaban a Federico. El reportaje es de <em>El Trovador,<\/em> en el que tambi\u00e9n actu\u00f3 Juan Ram\u00edrez. EL MUNDIAL, mayo de 1936.<\/div>\n<p style=\"text-align: justify;\">Dicen que Juan Ram\u00edrez de Lucas era alto, de buena constituci\u00f3n, guapo y rubio. De buenos modales, vasta cultura y tambi\u00e9n comenzaba a hablar idiomas. El yerno perfecto. Y con dotes para la interpretaci\u00f3n. Pura Ucelay no dud\u00f3 un instante en incorporarlo a su Club Anfistora, mayormente compuesto por aficionados, gente virgen hablando en t\u00e9rminos teatrales. En octubre-noviembre de 1934 empezaron a ensayar <em>Perib\u00e1\u00f1ez<\/em> con la intenci\u00f3n de representarla en enero siguiente.<\/p>\n<p class=\"sumari\" style=\"text-align: justify;\">Federico hizo la presentaci\u00f3n antes de comenzar; entre bambalinas estaba Juan Ram\u00edrez de Lucas para representar uno de los papeles. La compa\u00f1\u00eda conoc\u00eda perfectamente las intenciones del poeta de convertir a su \u00faltimo novio en uno de los mejores actores del panorama espa\u00f1ol<\/p>\n<p style=\"text-align: justify;\">Un d\u00eda impreciso apareci\u00f3 por el local de ensayos del Lyceum Femenino el dramaturgo <strong>Federico Garc\u00eda Lorca<\/strong>. La admiraci\u00f3n por el maestro, asesor de la compa\u00f1\u00eda y director art\u00edstico, debi\u00f3 estallar entre los j\u00f3venes actores. Pura Ucelay le present\u00f3 al \u00faltimo incorporado al grupo, un joven de 17 a\u00f1os procedente de Albacete. Parece que el flechazo fue instant\u00e1neo entre los dos, aunque al principio disimularon. Federico habr\u00eda preguntado a Pura de d\u00f3nde sacaba a aquellos j\u00f3venes tan guapos. Especialmente al <em>Rubio<\/em> de Albacete. Lo que ocurri\u00f3 seguidamente entre ambos no lo sabemos, pero lo imaginamos al leer <em>Los amores oscuros<\/em>. Garc\u00eda Lorca se prodig\u00f3 en sus visitas a los ensayos, principalmente a recoger a Juan. La obra, <em>Perib\u00e1\u00f1ez<\/em>, fue estrenada en el teatro Capitol de la Gran V\u00eda\u00a0 el 25 de enero de 1936. Federico hizo la presentaci\u00f3n antes de comenzar; entre bambalinas estaba Juan Ram\u00edrez de Lucas para representar uno de los papeles. La compa\u00f1\u00eda conoc\u00eda perfectamente las intenciones del poeta de convertir a su \u00faltimo novio en uno de los mejores actores del panorama espa\u00f1ol. Y suramericano tambi\u00e9n. Las relaciones entre los dos empezaban a consolidarse; Rodr\u00edguez Rap\u00fan, el anterior novio, ya hab\u00eda dejado de partirle el coraz\u00f3n a Federico con su bisexualidad manifiesta.<\/p>\n<p style=\"text-align: justify;\">Durante todo el a\u00f1o 1935 y hasta mediados de 1936 lleg\u00f3 la estabilidad emocional al poeta. Y se not\u00f3 en su producci\u00f3n po\u00e9tica y teatral. Juan Ram\u00edrez de Lucas acompa\u00f1\u00f3 cuanto pudo a Federico a sus estrenos y compromisos por Espa\u00f1a. Siempre en un segundo plano, de manera que sus relaciones sentimentales pasaron desapercibidas para casi todo el mundo\u2026 Excepto para <strong>Otoniel Ram\u00edrez de Lucas<\/strong>. Este m\u00e9dico hab\u00eda conseguido plaza de su especialidad en la Diputaci\u00f3n Provincial de Albacete en 1934. Era el mayor de los hermanos y segu\u00eda la senda de su progenitor. No obstante, aspiraba a m\u00e1s y en 1935 frecuentaba Madrid para unas oposiciones. All\u00ed conoci\u00f3 las relaciones \u00edntimas de su hermano Juan con Garc\u00eda Lorca. Y las acept\u00f3 y comprendi\u00f3. Siempre estuvo a su lado; sab\u00eda que en Albacete tachaban a su hermano de <em>afectado<\/em>, aunque le respetaban por pertenecer a una familia de prestigio. En cambio, su padre debi\u00f3 preferir mirar hacia otro lado para no reconocer la realidad de su hijo.<\/p>\n<p style=\"text-align: justify;\">Incluso en <em>Los amores oscuros<\/em> se novela la presencia de Otoniel y su esposa en la Semana Santa de Sevilla acompa\u00f1ando a la pareja Garc\u00eda Lorca-Juan Ram\u00edrez, como una pareja de hecho.<\/p>\n<h4 style=\"text-align: justify;\"><strong>Despedida, proyecto de viaje y dolorosa separaci\u00f3n<\/strong><\/h4>\n<p style=\"text-align: justify;\">El a\u00f1o y medio de noviazgo entre Federico Garc\u00eda Lorca y Juan Ram\u00edrez de Lucas lleg\u00f3 al 13 de julio de 1936. Federico acababa de escribir la <em>Casa de Bernarda Alba<\/em>, la hab\u00eda le\u00eddo a sus m\u00e1s cercanos. Madrid estaba revuelto pol\u00edticamente. Se mascaba el conflicto en la calle. Como todos los a\u00f1os, aquella tarde se dispuso a tomar el expreso para Granada. Su intenci\u00f3n era\u00a0 celebrar la onom\u00e1stica entre los suyos.<\/p>\n<p class=\"sumari\" style=\"text-align: justify;\">Federico no deseaba violentar la situaci\u00f3n, sino hacerlo todo legalmente. El rapto y huida con el menor no entraba en sus planes. Por eso le escribi\u00f3 la famosa carta del 18 de julio de 1936, ya en Granada, en la que le ped\u00eda que no estuviera triste, pues s\u00f3lo faltaban dos meses para partir: \u201cNo llores. Dos meses pasan pronto\u2026\u201d<\/p>\n<p style=\"text-align: justify;\">En la estaci\u00f3n de Atocha, en la escalerilla del tren, el \u00faltimo beso de Federico fue para su amado <em>Rubio<\/em> de Albacete. <strong>Rodr\u00edguez Rap\u00fan<\/strong>, ya relegado s\u00f3lo a gerente de La Barraca, les dej\u00f3 solos en el \u00faltimo instante. All\u00ed debieron repasar juntos sus planes de futuro: se ir\u00edan a la gira americana con la compa\u00f1\u00eda de Margarita Xirgu. La actriz reclamaba insistentemente la presencia del maestro en los teatros americanos. Incluso era probable que ya tuviesen previstos los pasajes en el barco que part\u00eda de C\u00e1diz.<\/p>\n<p style=\"text-align: justify;\">Juan Ram\u00edrez de Lucas deber\u00eda salvar primero el escollo de su padre. Era menor de edad (entonces la mayor\u00eda era a los 21 y \u00e9l ten\u00eda 19 a\u00f1os). Tom\u00f3 un tren hacia Albacete poco tiempo despu\u00e9s que Federico. Pero su padre se resisti\u00f3 a permitir que abandonase sus estudios para irse a Am\u00e9rica con un dramaturgo de 38 a\u00f1os y con el deseo de hacerse actor. Deb\u00eda conocer perfectamente \u2013y rechazar\u2013 la realidad homosexual de su hijo.<\/p>\n<p style=\"text-align: justify;\">Federico no deseaba violentar la situaci\u00f3n, sino hacerlo todo legalmente. El rapto y huida con el menor no entraba en sus planes. Por eso le escribi\u00f3 la famosa carta del 18 de julio de 1936, ya en Granada, en la que le ped\u00eda que no estuviera triste, pues s\u00f3lo faltaban dos meses para partir: \u201cNo llores. Dos meses pasan pronto\u2026\u201d Garc\u00eda Lorca deb\u00eda pensar que su separaci\u00f3n durar\u00eda hasta septiembre, cuando ambos tomar\u00edan el trasatl\u00e1ntico en C\u00e1diz.<\/p>\n<div class=\"divdest\" style=\"text-align: justify;\">\n<div class=\"media media-element-container media-default\">\n<div id=\"file-33820\" class=\"file file-image file-image-png\">\n<h2 class=\"element-invisible\"><img data-recalc-dims=\"1\" loading=\"lazy\" decoding=\"async\" class=\"media-element file-default\" src=\"https:\/\/i0.wp.com\/www.elindependientedegranada.es\/sites\/default\/files\/situacion_de_las_zonas_de_conflicto.png?resize=425%2C300\" alt=\"\" width=\"425\" height=\"300\" data-delta=\"5\" \/><\/h2>\n<\/div>\n<\/div>\n<p>Situaci\u00f3n de las zonas en conflicto al estallar la <strong>guerra civil<\/strong> en julio de 1936.<\/div>\n<p style=\"text-align: justify;\">La carta lleg\u00f3 a manos del <em>Rubio<\/em> de Albacete justo cuatro d\u00edas despu\u00e9s del Alzamiento. Debi\u00f3 ser de las \u00faltimas en llegar antes de que se estabilizara el frente de guerra y cada uno quedara en un territorio. En Granada triunf\u00f3 la sublevaci\u00f3n inmediatamente; en Albacete triunf\u00f3 en un primer momento, pero pocos d\u00edas despu\u00e9s cambi\u00f3 la situaci\u00f3n y los sindicatos-partidos izquierdistas consiguieron dar la vuelta a la tortilla. De hecho, Albacete se convertir\u00eda con el discurrir de la guerra civil en una importante ciudad-corredor entre Madrid y los puertos mediterr\u00e1neos. Adem\u00e1s, fue <em>capital<\/em> de las Brigadas Internacionales.<\/p>\n<p class=\"sumari\" style=\"text-align: justify;\">Pero ocurri\u00f3 lo que no estaba previsto y Federico acab\u00f3 sacado de casa Rosales y asesinado vilmente en un lugar desconocido entre V\u00edznar y Alfacar. Aquella ma\u00f1ana del 18 de agosto de 1936, con el cad\u00e1ver a\u00fan caliente, la noticia de su muerte corri\u00f3 calladamente de boca en boca de granadinos: la escribieron los hermanos B\u00e9rriz Madrigal a su cu\u00f1ado Manuel Rodr\u00edguez Acosta<\/p>\n<p style=\"text-align: justify;\">En aquel clima b\u00e9lico de Albacete sobresal\u00eda la figura de Otoniel Ram\u00edrez de Lucas, el m\u00e9dico hermano mayor del <em>Rubio<\/em>. Hab\u00eda sido miembro destacado de Juventudes Socialistas y con el tiempo llegar\u00eda a ser presidente provincial de Uni\u00f3n Republicana. Otoniel y su grupo marxista controlaban uno de los peri\u00f3dicos provinciales, el <em>Diario de Albacete<\/em>, al que hab\u00edan convertido en su \u00f3rgano de informaci\u00f3n y propaganda. Otoniel escrib\u00eda en \u00e9l con cierta regularidad.<\/p>\n<p style=\"text-align: justify;\">El frente de guerra que separaba ambas zonas part\u00eda de Ja\u00e9n, pasaba por el Puerto de la Mora, Sierra Nevada y la Costa. Granada era una isla nacional, mientras Guadix y Baza fueron el centro de poder de los fieles a la Rep\u00fablica. Aunque las comunicaciones estaban cortadas, hab\u00eda cierta permeabilidad e intercambio de mensajes a trav\u00e9s de las sierras. Incluso de fugas de personas de una a otra zona.<\/p>\n<p style=\"text-align: justify;\">Hasta que el 16 de agosto de 1936 le lleg\u00f3 el turno a Federico Garc\u00eda Lorca. Estaba protegido en casa de la familia <strong>Rosales Camacho<\/strong>, era su invitado. Hab\u00eda ido all\u00ed por la gran amistad que manten\u00eda con Luis Rosales, estudiante en Madrid y gran disc\u00edpulo, seguidor y admirador de Federico. Llevarlo a su casa para protegerlo fue un gran honor para \u00e9l. Jam\u00e1s pens\u00f3 que all\u00ed, en casa de la familia falangista con m\u00e1s poder, iba a correr peligro.<\/p>\n<p class=\"sumari\" style=\"text-align: justify;\">No he sido capaz de avanzar m\u00e1s acerca del modo en que la noticia del asesinato de Federico lleg\u00f3 tan pronto a Guadix. All\u00ed se sab\u00eda cuatro d\u00edas despu\u00e9s. En 1983 habl\u00e9 dos veces con Luis Rosales y jam\u00e1s se me ocurri\u00f3 pregunt\u00e1rselo. \u00c9l seguro que lo sab\u00eda y tuvo algo que ver con la expansi\u00f3n de la noticia para que la conociera Espa\u00f1a y resto del mundo<\/p>\n<p style=\"text-align: justify;\">Pero ocurri\u00f3 lo que no estaba previsto y Federico acab\u00f3 sacado de casa Rosales y asesinado vilmente en un lugar desconocido entre V\u00edznar y Alfacar. Aquella ma\u00f1ana del 18 de agosto de 1936, con el cad\u00e1ver a\u00fan caliente, la noticia de su muerte corri\u00f3 calladamente de boca en boca de granadinos: la escribieron los hermanos <strong>B\u00e9rriz Madrigal<\/strong> a su cu\u00f1ado <strong>Manuel Rodr\u00edguez Acosta<\/strong>; <strong>Emilia Llanos<\/strong> (amiga \u00edntima de Lorca) la supo por boca de <strong>Ram\u00f3n P\u00e9rez Roda, Enrique G\u00f3mez Arboleya y Antonio Gallego Bur\u00edn<\/strong>; a la familia del poeta se lo comunic\u00f3 el padre de los Rosales.<\/p>\n<p style=\"text-align: justify;\">No he sido capaz de avanzar m\u00e1s acerca del modo en que la noticia del asesinato de Federico lleg\u00f3 tan pronto a Guadix. All\u00ed se sab\u00eda cuatro d\u00edas despu\u00e9s. En 1983 habl\u00e9 dos veces con <strong>Luis Rosales<\/strong> y jam\u00e1s se me ocurri\u00f3 pregunt\u00e1rselo. \u00c9l seguro que lo sab\u00eda y tuvo algo que ver con la expansi\u00f3n de la noticia para que la conociera Espa\u00f1a y resto del mundo. Nunca se lo pregunt\u00e9 porque jam\u00e1s Luis Rosales habl\u00f3 del mejor secreto que guardaba su admirado Federico; para entonces nadie ten\u00edamos idea de que el <em>Rubio<\/em> de Albacete ten\u00eda tanto guardado en el armario, referido al gran poeta. \u00bfDejar\u00eda el encargo Garc\u00eda Lorca a Luis Rosales de que avisara a su amante si le ocurr\u00eda algo? \u00bfTendr\u00edan algo que ver los Rosales con el <em>paso<\/em> de la noticia a zona republicada? Conjeturas es lo \u00fanico que puedo manejar. Pero pudo haber ocurrido, los Rosales se movieron por los frentes y pasaron gente protegida a ambos lados. De hecho, Luis Rosales siempre dijo que podr\u00eda haberlo hecho con Lorca si as\u00ed lo hubiese querido \u00e9l. Adem\u00e1s, los Rosales ten\u00edan grandes relaciones de parentesco en la comarca de Guadix a trav\u00e9s de los Vallecillo.<\/p>\n<p style=\"text-align: justify;\">Fuese de una u otra manera, lo cierto es que el d\u00eda 29 de agosto de 1936 la noticia del asesinato de Garc\u00eda Lorca en Granada ya hab\u00eda llegado a Albacete. El <em>cu\u00f1ado<\/em> de Federico \u2013Otoniel Ram\u00edrez de Lucas\u2013 como jerifalte de milicianos y responsable del <em>Diario de Albacete<\/em> decidi\u00f3 publicar lo que por entonces todav\u00eda era un rumor confuso. Se basaba en comentarios que hab\u00edan partido de Guadix y llegado a Albacete; la noticia aventuraba que Garc\u00eda Lorca hab\u00eda sido asesinado en C\u00f3rdoba, no en Granada.<\/p>\n<div class=\"divdest\" style=\"text-align: justify;\">\n<div class=\"media media-element-container media-default\">\n<div id=\"file-33821\" class=\"file file-image file-image-png\">\n<h2 class=\"element-invisible\"><img data-recalc-dims=\"1\" loading=\"lazy\" decoding=\"async\" class=\"media-element file-default\" src=\"https:\/\/i0.wp.com\/www.elindependientedegranada.es\/sites\/default\/files\/primera_pagina.png?resize=425%2C625\" alt=\"\" width=\"425\" height=\"625\" data-delta=\"6\" \/><\/h2>\n<\/div>\n<\/div>\n<div id=\"file-33822\" class=\"file file-image file-image-png\">\n<div class=\"content\"><img data-recalc-dims=\"1\" loading=\"lazy\" decoding=\"async\" class=\"media-element file-default\" src=\"https:\/\/i0.wp.com\/www.elindependientedegranada.es\/sites\/default\/files\/primera_2.png?resize=261%2C442\" alt=\"\" width=\"261\" height=\"442\" data-delta=\"7\" \/><\/div>\n<\/div>\n<p><strong>Primera p\u00e1gina del <em>Diario de Albacete<\/em> <\/strong>donde se dio la exclusiva mundial del asesinato de Garc\u00eda Lorca (en el \u00f3valo rojo). Debajo, noticia ampliada. 30 de agosto de 1936.<\/div>\n<p style=\"text-align: justify;\">A partir de aquel 30 de agosto de 1936, el rumor se propag\u00f3 en la mayor\u00eda de peri\u00f3dicos de la zona republicana. Poco a poco, fue tomando cuerpo de noticia, si bien de modos muy confusos. Hasta que acab\u00f3 por confirmarse. El d\u00eda 2 de septiembre lo publicaron un peri\u00f3dico de Madrid y otro de Tarragona; ambos hac\u00edan referencia a la noticia del <em>Diario de Albacete<\/em>, recordemos que controlado por Otoniel Ram\u00edrez de Lucas, hermano de la\u00a0<em>pareja<\/em> del asesinado.<\/p>\n<p style=\"text-align: justify;\">El dolor se adue\u00f1\u00f3 del coraz\u00f3n del <em>Rubio<\/em> de Albacete. Ya nunca m\u00e1s ver\u00eda a su amado Federico. Jam\u00e1s partir\u00edan juntos hacia Am\u00e9rica. Ya no ser\u00eda actor. Ya no ten\u00eda sentido intentar convencer a su padre en busca del permiso. Empez\u00f3 a odiar a su padre y a culparse de haber tenido parte en la muerte de Federico. Juan tambi\u00e9n deseaba morir.<\/p>\n<div class=\"divdest\" style=\"text-align: justify;\">\n<div class=\"media media-element-container media-default\">\n<div id=\"file-33823\" class=\"file file-image file-image-png\">\n<div class=\"content\"><img data-recalc-dims=\"1\" loading=\"lazy\" decoding=\"async\" class=\"media-element file-default\" src=\"https:\/\/i0.wp.com\/www.elindependientedegranada.es\/sites\/default\/files\/el_liberal.png?resize=448%2C704\" alt=\"\" width=\"448\" height=\"704\" data-delta=\"8\" \/><\/div>\n<\/div>\n<\/div>\n<p><em><strong>El Liberal<\/strong><\/em><strong> de Madrid<\/strong> replic\u00f3 la noticia del <em>Diario de Albacete<\/em> el 2 de septiembre de 1936 (en el recuadro central).<\/div>\n<div class=\"divdest\" style=\"text-align: justify;\">\n<div class=\"media media-element-container media-default\">\n<div id=\"file-33824\" class=\"file file-image file-image-png\">\n<div class=\"content\"><img data-recalc-dims=\"1\" loading=\"lazy\" decoding=\"async\" class=\"media-element file-default\" src=\"https:\/\/i0.wp.com\/www.elindependientedegranada.es\/sites\/default\/files\/el_diari_de_tarragona.png?resize=425%2C200\" alt=\"\" width=\"425\" height=\"200\" data-delta=\"9\" \/><\/div>\n<\/div>\n<\/div>\n<p>El <strong><em>Diari de Tarragona<\/em><\/strong> tambi\u00e9n reprodujo la noticia originaria de Albacete, el 2 de septiembre de 1936.<\/div>\n<div class=\"divdest\" style=\"text-align: justify;\">\n<div class=\"media media-element-container media-default\">\n<div id=\"file-33825\" class=\"file file-image file-image-png\">\n<h2 class=\"element-invisible\"><img data-recalc-dims=\"1\" loading=\"lazy\" decoding=\"async\" class=\"media-element file-default\" src=\"https:\/\/i0.wp.com\/www.elindependientedegranada.es\/sites\/default\/files\/a_partir_del_1_i.png?resize=425%2C377\" alt=\"\" width=\"425\" height=\"377\" data-delta=\"10\" \/><\/h2>\n<\/div>\n<\/div>\n<div class=\"media media-element-container media-default\">\n<div id=\"file-33826\" class=\"file file-image file-image-png\">\n<div class=\"content\"><img data-recalc-dims=\"1\" loading=\"lazy\" decoding=\"async\" class=\"media-element file-default\" src=\"https:\/\/i0.wp.com\/www.elindependientedegranada.es\/sites\/default\/files\/a_partir_2.png?resize=176%2C338\" alt=\"\" width=\"176\" height=\"338\" data-delta=\"11\" \/><\/div>\n<\/div>\n<\/div>\n<p><strong>A partir del d\u00eda 9, el asesinato de Garc\u00eda Lorca comenz\u00f3 a extenderse por toda la prensa espa\u00f1ola<\/strong>. El 14 de octubre se interes\u00f3 por el tema el Presidente del Pen Club de Londres. Todo el mundo conoc\u00eda ya el destino del poeta, aunque hab\u00eda mucha confusi\u00f3n y rumores sobre c\u00f3mo hab\u00eda ocurrido y d\u00f3nde. Abajo, recorte de <em>El Sol<\/em> (14 de octubre de 1936)<\/div>\n<div class=\"divdest\" style=\"text-align: justify;\">\n<div class=\"media media-element-container media-default\">\n<div id=\"file-33827\" class=\"file file-image file-image-png\">\n<h2 class=\"element-invisible\"><img data-recalc-dims=\"1\" loading=\"lazy\" decoding=\"async\" class=\"media-element file-default\" src=\"https:\/\/i0.wp.com\/www.elindependientedegranada.es\/sites\/default\/files\/la_voz.png?resize=406%2C550\" alt=\"\" width=\"406\" height=\"550\" data-delta=\"12\" \/><\/h2>\n<\/div>\n<\/div>\n<p><strong>La <em>Voz de Oviedo<\/em><\/strong> dedic\u00f3 su columna de apertura a dar la noticia de la muerte del poeta. 8 de septiembre de 1936.<\/div>\n<div class=\"divdest\" style=\"text-align: justify;\">\n<div class=\"media media-element-container media-default\">\n<div id=\"file-33828\" class=\"file file-image file-image-png\">\n<h2 class=\"element-invisible\"><\/h2>\n<div class=\"content\"><img data-recalc-dims=\"1\" loading=\"lazy\" decoding=\"async\" class=\"media-element file-default\" src=\"https:\/\/i0.wp.com\/www.elindependientedegranada.es\/sites\/default\/files\/albacete.png?resize=425%2C206\" alt=\"\" width=\"425\" height=\"206\" data-delta=\"13\" \/><\/div>\n<\/div>\n<\/div>\n<p><strong>Albacete fue la primera ciudad en poner una calle<\/strong> con el nombre del poeta (Feperico???) asesinado. EL DEFENSOR DE ALBACETE, 20 DE OCTUBRE DE 1936.<\/div>\n<div class=\"divdest\" style=\"text-align: justify;\">\n<div class=\"media media-element-container media-default\">\n<div id=\"file-33829\" class=\"file file-image file-image-png\">\n<h2 class=\"element-invisible\"><img data-recalc-dims=\"1\" loading=\"lazy\" decoding=\"async\" class=\"media-element file-default\" src=\"https:\/\/i0.wp.com\/www.elindependientedegranada.es\/sites\/default\/files\/pagina_especial_que_le_dedico_mundo.png?resize=493%2C706\" alt=\"\" width=\"493\" height=\"706\" data-delta=\"14\" \/><\/h2>\n<\/div>\n<\/div>\n<p>P\u00e1gina especial que le dedic\u00f3 <strong><em>Mundo Gr\u00e1fico<\/em><\/strong> el 16 de septiembre de 1936.<\/div>\n<h4 style=\"text-align: justify;\"><strong>Recordando al ser amado en medio del combate<\/strong><\/h4>\n<p style=\"text-align: justify;\">En 1937 seguimos los pasos de los hermanos Juan y Otoniel Ram\u00edrez de Lucas dentro de la XV Divisi\u00f3n que actuaba en la zona de Madrid. Debieron prestar servicios para Sanidad y Propaganda. Recordemos que Otoniel era m\u00e9dico aficionado al periodismo en las publicaciones de Albacete, tanto en el <em>Diario<\/em> como en el <em>Defensor<\/em>. Tambi\u00e9n Juan, quien ya hac\u00eda sus primeras cr\u00f3nicas y con el tiempo acabar\u00eda dedicado al periodismo.<\/p>\n<p style=\"text-align: justify;\">En el seno de la XV Divisi\u00f3n \u2013tambi\u00e9n se extend\u00eda a otras brigadas\u2013 naci\u00f3 un peri\u00f3dico dedicado a dar noticias de sanidad, aunque tambi\u00e9n de otros muchos temas. Se llam\u00f3 <em>La Voz de la Sanidad.<\/em> Era publicado en tres idiomas, ya que tambi\u00e9n iba dirigido a los brigadistas internacionales. Durante el tiempo de su existencia (25 de mayo de 1937 a 27 de enero de 1938) fue Otoniel el que m\u00e1s se prodig\u00f3 con sus art\u00edculos de corte sanitario.<\/p>\n<p style=\"text-align: justify;\">No obstante, en los 18 n\u00fameros que salieron he encontrado dos colaboraciones del currinche de periodismo Juan Ram\u00edrez Lucas. La primera de ellas es una extensa cr\u00f3nica de la Escuela de Pr\u00e1cticas de Sanidad, en la que estaba aprendiendo el <em>Rubio<\/em>. El estilo de la cr\u00f3nica resulta sumamente po\u00e9tico, m\u00e1s propio de <strong>Juan Ram\u00f3n Jim\u00e9nez<\/strong> o de <strong>Rub\u00e9n Dar\u00edo<\/strong> que de un militar asustado entre las bombas de Madrid. Resulta curioso comprobar que en aquellas mismas p\u00e1ginas empezaba a mostrar su vena art\u00edstica un joven llamado <strong>Antonio Buero Vallejo<\/strong>; con la pluma y con el carboncillo de dibujante. Firmaba sus pinturas como <em>BVERO XXXVII.<\/em><\/p>\n<p style=\"text-align: justify;\">La sorpresa nos la da la \u00faltima p\u00e1gina de <em>La Voz de la Sanidad<\/em> en su edici\u00f3n del 17 de noviembre de 1937: Comparten su espacio un art\u00edculo sanitario de Antonio Buero Vallejo y un precioso poema de Juan Ram\u00edrez de Lucas titulado <em>Jard\u00edn de los Molinos<\/em>. La poes\u00eda va ilustrada con una acuarela de BVERO XXXVII. No hay que ser muy perspicaz para adivinar el sentimiento de abandono, soledad, falta de consuelo, ausencia de abrazos, melancol\u00eda, silencio, etc. que rezuman los versos. Tampoco es dif\u00edcil adivinar en qui\u00e9n estaba pensando cuando lo escribi\u00f3 y a qui\u00e9n le hubiese gustado dedic\u00e1rselo. Y envi\u00e1rselo escrito en el reverso de una factura de la Academia Orad, igual que hizo Federico cuando le regal\u00f3 el poema <em>Romance del Rubio de Albacete, <\/em>que le volv\u00eda loco de amor.<\/p>\n<div class=\"divdest\" style=\"text-align: justify;\">\n<div class=\"media media-element-container media-default\">\n<div id=\"file-33831\" class=\"file file-image file-image-png\">\n<h2 class=\"element-invisible\"><img data-recalc-dims=\"1\" loading=\"lazy\" decoding=\"async\" class=\"media-element file-default\" src=\"https:\/\/i0.wp.com\/www.elindependientedegranada.es\/sites\/default\/files\/portada_del_periodico_militar.png?resize=425%2C217\" alt=\"\" width=\"425\" height=\"217\" data-delta=\"15\" \/><\/h2>\n<\/div>\n<\/div>\n<div class=\"media media-element-container media-default\">\n<div id=\"file-33832\" class=\"file file-image file-image-png\">\n<div class=\"content\"><img data-recalc-dims=\"1\" loading=\"lazy\" decoding=\"async\" class=\"media-element file-default\" src=\"https:\/\/i0.wp.com\/www.elindependientedegranada.es\/sites\/default\/files\/portada_del_perio_i.png?resize=419%2C592\" alt=\"\" width=\"419\" height=\"592\" data-delta=\"16\" \/><\/div>\n<\/div>\n<\/div>\n<div class=\"media media-element-container media-default\">\n<div id=\"file-33833\" class=\"file file-image file-image-png\">\n<div class=\"content\"><img data-recalc-dims=\"1\" loading=\"lazy\" decoding=\"async\" class=\"media-element file-default\" src=\"https:\/\/i0.wp.com\/www.elindependientedegranada.es\/sites\/default\/files\/portada_del_operiodico_iii.png?resize=425%2C296\" alt=\"\" width=\"425\" height=\"296\" data-delta=\"17\" \/><\/div>\n<\/div>\n<\/div>\n<p>Portada del peri\u00f3dico militar, p\u00e1gina escrita y dibujada por <strong>A. Buero Vallejo<\/strong>, y poema de <strong>Juan Ram\u00edrez<\/strong>.<\/div>\n<div class=\"divdest\" style=\"text-align: justify;\">\n<div class=\"media media-element-container media-default\">\n<div id=\"file-33834\" class=\"file file-image file-image-png\">\n<h2 class=\"element-invisible\"><img data-recalc-dims=\"1\" loading=\"lazy\" decoding=\"async\" class=\"media-element file-default\" src=\"https:\/\/i0.wp.com\/www.elindependientedegranada.es\/sites\/default\/files\/hospital_de_campana_en_la.png?resize=425%2C241\" alt=\"\" width=\"425\" height=\"241\" data-delta=\"18\" \/><\/h2>\n<\/div>\n<\/div>\n<p>Hospital de campa\u00f1a en la Sierra de Madrid donde fue <strong>sanitario militar el <em>Rubio<\/em> de Albacete<\/strong>.<\/div>\n<p style=\"text-align: justify;\"><strong>Otoniel Ram\u00edrez de Lucas<\/strong> prosigui\u00f3 la guerra en Albacete. Tambi\u00e9n su actividad pol\u00edtica. En el congreso que celebraron los miembros de la Uni\u00f3n Republicana de Albacete result\u00f3 elegido su presidente el 31 de julio de 1938. Lo primero que hizo fue enviar un mensaje inquebrantable de adhesi\u00f3n y fidelidad al Presidente de la Rep\u00fablica. Pero la Batalla del Ebro daba comienzo e iba a suponer el principio del fin para la causa roja. Otoniel fue retrocediendo hasta Barcelona y, finalmente, acab\u00f3 por exiliarse en Francia. All\u00ed permaneci\u00f3 hasta noviembre de 1941, cuando consigui\u00f3 pasaje en el barco <em>Nerpa Pinto<\/em> y huir hacia M\u00e9xico. La Junta de Auxilio a Republicanos en el pa\u00eds azteca le concedi\u00f3 un subsidio y le ayud\u00f3 a sobrevivir durante un mes, hasta que le hicieron un pr\u00e9stamo de 1.218 pesos y adquiri\u00f3 instrumental para ejercer de m\u00e9dico ur\u00f3logo. En Am\u00e9rica ejerci\u00f3 hasta su regreso a Espa\u00f1a en las postrimer\u00edas del franquismo. De nada la hab\u00eda servido interceder por derechistas, religiosos y conservadores de Albacete, a quienes salv\u00f3 la vida durante los disturbios del 16-17 de marzo de 1936.<\/p>\n<p style=\"text-align: justify;\">Juan, el <em>Rubio<\/em>, se qued\u00f3 en Albacete. Era un muchacho que no hab\u00eda sobresalido ni pol\u00edtica ni militarmente. Pero arrastraba el bald\u00f3n de haber sido rojo junto a su destacado hermano. Tal como ocurri\u00f3 en otras muchas familias de la zona roja, se vio obligado a alistarse en la Divisi\u00f3n Azul. Estuvo en Rusia en la 250 Divisi\u00f3n hasta que result\u00f3 herido y fue licenciado con una pensi\u00f3n alemana. \u00c9l y su familia hab\u00edan lavado su pasado rojo, aunque la mayor\u00eda de ellos eran conservadores y mon\u00e1rquicos.<\/p>\n<div class=\"divdest\" style=\"text-align: justify;\">\n<div class=\"media media-element-container media-default\">\n<div id=\"file-33867\" class=\"file file-image file-image-jpeg\">\n<h2 class=\"element-invisible\"><img data-recalc-dims=\"1\" loading=\"lazy\" decoding=\"async\" class=\"media-element file-default\" src=\"https:\/\/i0.wp.com\/www.elindependientedegranada.es\/sites\/default\/files\/foto_mejor.jpg?resize=588%2C393\" alt=\"\" width=\"588\" height=\"393\" data-delta=\"21\" \/><\/h2>\n<\/div>\n<\/div>\n<p><strong>Juan Ram\u00edrez<\/strong>, cuando trabajaba en ABC en la d\u00e9cada de los a\u00f1os cincuenta.<\/div>\n<p style=\"text-align: justify;\"><strong>Juan Ram\u00edrez de Lucas <\/strong>se afinc\u00f3 en Madrid, estudi\u00f3 periodismo y consigui\u00f3 entrar a trabajar en el diario ABC de la mano de Luis Rosales. Para entonces, el poeta granadino ya comenzaba a encumbrarse. Era uno de los autores m\u00e1s valorados del momento. Pero no escondo que la historia de la literatura le hubiese tratado mejor de no arrastrar la losa del falangismo y no haber conseguido salvar a Garc\u00eda Lorca. Consta que \u00e9l y casi todos sus hermanos lo intentaron con extenuaci\u00f3n.<\/p>\n<h4 style=\"text-align: justify;\"><strong>La herencia del &#8216;viudo&#8217; de Garc\u00eda Lorca<\/strong><\/h4>\n<p style=\"text-align: justify;\">Hace unos meses le\u00ed una entrevista (en el <em>Peri\u00f3dico de Extremadura<\/em>) en la que un hermano de Juan Ram\u00edrez (Jes\u00fas) dec\u00eda que, en cierto modo, Federico fue su <em>cu\u00f1ado<\/em>. Siguiendo con la met\u00e1fora, el <em>viudo<\/em> de Lorca falleci\u00f3 en el a\u00f1o 2010. Su discreci\u00f3n durante m\u00e1s de 70 a\u00f1os en los ambientes period\u00edsticos y culturales de Espa\u00f1a hizo que jam\u00e1s se supiera que hab\u00eda sido el \u00faltimo gran amor del granadino. Poqu\u00edsimas personas sospecharon de la relaci\u00f3n entre ambos.<\/p>\n<div class=\"divdest\" style=\"text-align: justify;\">\n<div class=\"media media-element-container media-default\">\n<div id=\"file-33836\" class=\"file file-image file-image-png\">\n<div class=\"content\"><img data-recalc-dims=\"1\" loading=\"lazy\" decoding=\"async\" class=\"media-element file-default\" src=\"https:\/\/i0.wp.com\/www.elindependientedegranada.es\/sites\/default\/files\/foto_de_la_familia_ramirez.png?resize=380%2C296\" alt=\"\" width=\"380\" height=\"296\" data-delta=\"20\" \/><\/div>\n<\/div>\n<\/div>\n<p>Foto de la <strong>familia Ram\u00edrez de Lucas<\/strong>. Juan es el segundo por la derecha. FUENTE: EL PERI\u00d3DICO DE EXTREMADURA.<\/div>\n<p style=\"text-align: justify;\">El <em>Rubio<\/em> fue un gran personaje de la vida cultural madrile\u00f1a y de Albacete. Se code\u00f3 con los grandes artistas espa\u00f1oles del siglo XX. Encontr\u00f3 otro amigo, con el que mantuvo una larga relaci\u00f3n \u00edntima. Incluso dej\u00f3 una colecci\u00f3n de arte pendiente de llenar un museo. Su libro sobre arte est\u00e1 repleto de gui\u00f1os a Garc\u00eda Lorca (<em>Arte Popular<\/em>, 1976). El secreto de su <em>armario<\/em> lo confi\u00f3 toda su vida a una hermana monja; eran muy pocos en su familia quienes sab\u00edan detalles a fondo. Pidi\u00f3 que dieran a conocer su relaci\u00f3n con Lorca, una vez hubiese fallecido \u00e9l. Las dudas y discrepancias entre sus hermanos y sobrinos les mantuvo sin tomar decisiones a partir de 2010.<\/p>\n<p style=\"text-align: justify;\">Pero uno de sus sobrinos coment\u00f3 el tema de su t\u00edo con un m\u00e9dico. Y ah\u00ed entr\u00f3 en acci\u00f3n el autor de <em>Los amores oscuros<\/em>. El <em>armario<\/em> de Juan Ram\u00edrez de Lucas comenz\u00f3 a abrirse y empezamos a conocer parte de su contenido. El <em>Rubio<\/em> dej\u00f3 un diario en el que habla de sus relaciones con Garc\u00eda Lorca entre finales de 1934 y julio de 1936. Y tambi\u00e9n de sus vivencias posteriores. Un sector de la familia Ram\u00edrez de Lucas desea cumplir con su \u00faltima voluntad, pero otro alberga dudas. Por el libo se ha interesado m\u00e1s de una editorial.<\/p>\n<p class=\"sumari\" style=\"text-align: justify;\">Pero uno de sus sobrinos coment\u00f3 el tema de su t\u00edo con un m\u00e9dico. Y ah\u00ed entr\u00f3 en acci\u00f3n el autor de Los amores oscuros. El armario de Juan Ram\u00edrez de Lucas comenz\u00f3 a abrirse y empezamos a conocer parte de su contenido. El Rubio dej\u00f3 un diario en el que habla de sus relaciones con Garc\u00eda Lorca entre finales de 1934 y julio de 1936.<\/p>\n<p style=\"text-align: justify;\">Hasta que <strong>Manuel Francisco Reina<\/strong> abri\u00f3 el <em>armario<\/em> de Juan, nadie ajeno a su c\u00edrculo conoc\u00eda nada. Solamente Agust\u00edn Pen\u00f3n olisque\u00f3 algo e intent\u00f3 conocer a Juan, pero seguramente Pura Ucelay le protegi\u00f3 al darse cuenta de la indiscreci\u00f3n que hab\u00eda cometido por mencionar su nombre al investigador catalano-americano. La famosa maleta de Pen\u00f3n fue dando tumbos por varias manos sin que nadie supiera o pudiera sacar jugo al tema del <em>Rubio<\/em>.<\/p>\n<p style=\"text-align: justify;\">La referencia que hizo Agust\u00edn Pen\u00f3n en sus apuntes al tema de Juan Ram\u00edrez fue publicada en 2001 por <strong>Marta Osorio<\/strong> en el libro <em>Miedo, olvido y fantas\u00eda<\/em>. Como en tantas otras apreciaciones sobre Lorca, Pen\u00f3n fue muy por delante de todos los investigadores. Sobre Juan Ram\u00edrez dej\u00f3 escrito lo siguiente: <em>\u201c\u2026 Comenta tambi\u00e9n que a Federico no le gusta viajar solo. Que si alguien le hubiera acompa\u00f1ado quiz\u00e1s se hubiera ido, que dec\u00eda: \u201cQu\u00e9 horror! \u00bfqui\u00e9n se va de viaje ahora\u2026?\u201d Que le daba pereza meterse en el barco.<\/em><\/p>\n<p style=\"text-align: justify;\"><em>Pura Ucelay sonr\u00ede recordando una vez que a la salida de uno de los ensayos Federico le dijo: \u201cOye, Pura, \u00bfpero de d\u00f3nde sacas t\u00fa unos hombres tan guamos\u2026?\u201d Parece que la \u00faltima ilusi\u00f3n amorosa de Federico fue precisamente un joven actor del Club Anfistora, un muchacho muy guapo y con un gran atractivo. Se llamaba Juan Ram\u00edrez, era de Albacete y pertenec\u00eda a una buena familia. Federico estaba loco por \u00e9l. Le prometi\u00f3 que lo har\u00eda un gran actor, que lo llevar\u00eda al extranjero, a todos los teatros, que se le aclamar\u00eda en el mundo entero\u2026<\/em><\/p>\n<p style=\"text-align: justify;\"><em>Inmediatamente le pido a Pura si habr\u00eda alguna posibilidad de que pudiera conocerlo, ser\u00eda important\u00edsimo para mi trabajo poder saber a trav\u00e9s de \u00e9l los \u00faltimos y m\u00e1s \u00edntimos sentimientos de Federico. Pura Ucelay no me da ninguna seguridad, aunque me dice que lo intentar\u00e1. Quiz\u00e1s del alg\u00fan modo quiera proteger la intimidad de este muchacho que no era un homosexual declarado.<\/em><\/p>\n<p style=\"text-align: justify;\"><em>Me pregunto si entonces: \u00bfpudo ser tambi\u00e9n este nuevo amor lo que demor\u00f3 su partida hacia M\u00e9jico\u2026?\u201d (P\u00e1gina 632).<\/em><\/p>\n<div class=\"divdest\" style=\"text-align: justify;\"><strong>PENDIENTE DE PUBLICAR POR DIPUTACI\u00d3N DE GRANADA<\/strong><\/p>\n<p>El <em>Diario secreto de Juan Ram\u00edrez de Lucas <\/em>ha sido ofrecido a la Diputaci\u00f3n de Granada (Casa Natal de Fuente Vaqueros). El ofrecimiento lleg\u00f3 por parte de los herederos a su director, Alfonso Alcal\u00e1 (fallecido hace un par de a\u00f1os); ambas partes estuvieron negociando con sumo inter\u00e9s: los herederos no buscaban lucrarse con la venta del libro, sino asegurar un resultado de calidad. Esa calidad se la garantizaba la Diputaci\u00f3n de Granada. Pero el fallecimiento de Alfonso Alcal\u00e1, primero, y la negativa de una de las hermanas del Rubio, despu\u00e9s, mantienen atascadas las negociaciones. S\u00f3lo falta que la mujer estampe su firma de consentimiento.<\/p>\n<p>El ofrecimiento de publicaci\u00f3n alcanzaba s\u00f3lo al Diario, especialmente a lo referido a los a\u00f1os 1934-35-36. No se inclu\u00eda el dep\u00f3sito del original entre los documentos de la Fundaci\u00f3n Lorca de Fuente Vaqueros. Posteriormente se pensaba continuar negociando la aportaci\u00f3n de otros documentos de Garc\u00eda Lorca en manos de los Ram\u00edrez de Lucas. <strong>Incluso ya estaba elegido el especialista que har\u00e1 el estudio preliminar, el hispanista Christopher Maurer<\/strong>.<\/p>\n<p>El tema est\u00e1 atascado, de momento. Me consta que la diputada de Cultura y Memoria Hist\u00f3rica \u2013F\u00e1tima G\u00f3mez\u2013 tiene mucho inter\u00e9s en llevar a buen puerto este asunto. Ser\u00eda interesante para Granada que ese diario de Juan Ram\u00edrez recalara en Granada, bien en Fuente Vaqueros bien en el Centro Lorca de la Romanilla.<\/p><\/div>\n<div style=\"text-align: justify;\"><strong>Agradecimientos:<\/strong><\/div>\n<ul>\n<li>Al <strong>Archivo Hist\u00f3rico del Ayuntamiento de Albacete.<\/strong><\/li>\n<li>A la <strong>Biblioteca Nacional<\/strong>.<\/li>\n<\/ul>\n<p><strong>Para ampliar informaci\u00f3n:<\/strong><\/p>\n<ul>\n<li><em>Los amores oscuros<\/em>, de <strong>Manuel Antonio Reina<\/strong> (2012).<\/li>\n<li><em>Miedo, Olvido y Fantas\u00eda<\/em>, de <strong>Agust\u00edn Pen\u00f3n<\/strong> (2001).<\/li>\n<\/ul>\n<\/div>\n<\/div>\n<p>FOTO PORTADA: Parte de la plantilla del Club Teatro Anfistora poco antes del estreno en que debut\u00f3 el Rubio de Albacete, con 17 a\u00f1os. \u00bfSer\u00eda el joven que aparece tercero por la izquierda?<\/p>\n","protected":false},"excerpt":{"rendered":"<p>Un excepcional reportaje, con pasajes nunca antes publicados, del investigador Gabriel Pozo Felguera, que desvela&#8230;<\/p>\n","protected":false},"author":1,"featured_media":27038,"comment_status":"closed","ping_status":"closed","sticky":false,"template":"","format":"standard","meta":{"_coblocks_attr":"","_coblocks_dimensions":"","_coblocks_responsive_height":"","_coblocks_accordion_ie_support":"","jetpack_post_was_ever_published":false,"_jetpack_newsletter_access":"","_jetpack_dont_email_post_to_subs":false,"_jetpack_newsletter_tier_id":0,"_jetpack_memberships_contains_paywalled_content":false,"_jetpack_memberships_contains_paid_content":false,"footnotes":"","jetpack_publicize_message":"","jetpack_publicize_feature_enabled":true,"jetpack_social_post_already_shared":false,"jetpack_social_options":{"image_generator_settings":{"template":"highway","default_image_id":0,"enabled":false},"version":2}},"categories":[9,44,15],"tags":[4488,502],"class_list":["post-27037","post","type-post","status-publish","format-standard","has-post-thumbnail","hentry","category-medio-ambiente","category-noticias-de-hoy","category-ultimas-noticias","tag-federico-garcia-lorca","tag-homosexualidad"],"jetpack_publicize_connections":[],"jetpack_featured_media_url":"https:\/\/i0.wp.com\/miradordeatarfe.es\/wp-content\/uploads\/2018\/11\/portada_2.png?fit=650%2C404&ssl=1","jetpack_likes_enabled":true,"jetpack_sharing_enabled":true,"_links":{"self":[{"href":"https:\/\/miradordeatarfe.es\/index.php?rest_route=\/wp\/v2\/posts\/27037","targetHints":{"allow":["GET"]}}],"collection":[{"href":"https:\/\/miradordeatarfe.es\/index.php?rest_route=\/wp\/v2\/posts"}],"about":[{"href":"https:\/\/miradordeatarfe.es\/index.php?rest_route=\/wp\/v2\/types\/post"}],"author":[{"embeddable":true,"href":"https:\/\/miradordeatarfe.es\/index.php?rest_route=\/wp\/v2\/users\/1"}],"replies":[{"embeddable":true,"href":"https:\/\/miradordeatarfe.es\/index.php?rest_route=%2Fwp%2Fv2%2Fcomments&post=27037"}],"version-history":[{"count":1,"href":"https:\/\/miradordeatarfe.es\/index.php?rest_route=\/wp\/v2\/posts\/27037\/revisions"}],"predecessor-version":[{"id":27039,"href":"https:\/\/miradordeatarfe.es\/index.php?rest_route=\/wp\/v2\/posts\/27037\/revisions\/27039"}],"wp:featuredmedia":[{"embeddable":true,"href":"https:\/\/miradordeatarfe.es\/index.php?rest_route=\/wp\/v2\/media\/27038"}],"wp:attachment":[{"href":"https:\/\/miradordeatarfe.es\/index.php?rest_route=%2Fwp%2Fv2%2Fmedia&parent=27037"}],"wp:term":[{"taxonomy":"category","embeddable":true,"href":"https:\/\/miradordeatarfe.es\/index.php?rest_route=%2Fwp%2Fv2%2Fcategories&post=27037"},{"taxonomy":"post_tag","embeddable":true,"href":"https:\/\/miradordeatarfe.es\/index.php?rest_route=%2Fwp%2Fv2%2Ftags&post=27037"}],"curies":[{"name":"wp","href":"https:\/\/api.w.org\/{rel}","templated":true}]}}