{"id":2705,"date":"2015-06-30T06:11:46","date_gmt":"2015-06-30T06:11:46","guid":{"rendered":"http:\/\/miradordeatarfe.es\/?p=2705"},"modified":"2015-07-11T11:07:22","modified_gmt":"2015-07-11T11:07:22","slug":"queridos-y-maltratados-maestros","status":"publish","type":"post","link":"https:\/\/miradordeatarfe.es\/?p=2705","title":{"rendered":"Queridos (y maltratados) maestros"},"content":{"rendered":"<div class=\"article estirar\">\n<div class=\"columna_texto\">\n<div id=\"cuerpo_noticia\" class=\"cuerpo_noticia estirar\">\n<p>\u00bfPor qu\u00e9 no nos pensamos en serio convertir la docencia en una profesi\u00f3n de prestigio? El buen o mal funcionamiento de un sistema educativo no se mide s\u00f3lo en t\u00e9rminos acad\u00e9micos sino de cohesi\u00f3n social y equidad. Y si los profesores, que son los actores principales, no se sienten bien en el sistema, ser\u00e1 imposible que \u00e9ste mejore. y lo necesitamos, \u00a1ya lo creo que lo necesitamos!<\/p>\n<p><!--more--><\/p>\n<p>Ahora que los cr\u00edos ya empiezan sus vacaciones, o est\u00e1n a punto de hacerlo,\u00a0 <strong>\u00bfqu\u00e9 tal si nos ocupamos un poco de los profesores, de los maestros?<\/strong> porque resulta que <strong>esta semana hay miles de hombres y mujeres en toda Espa\u00f1a que viven su particular<\/strong> \u201cselectividad\u201d, el examen para intentar acceder a una plaza. Y no est\u00e1 mal que nos acordemos, al menos por dos razones: de entrada, porque una cierta estabilidad en su funci\u00f3n tendr\u00eda efectos positivos, muy positivos sin duda; pero <strong>se da la paradoja que muchos de los que ahora se examinan llevan a\u00f1os trabajando sin conseguirla<\/strong>.<\/p>\n<p>Y en segundo lugar \u2013esta es una reflexi\u00f3n m\u00e1s de fondo- porque tal vez ahora que el pa\u00eds se ha puesto en modo cambio, ahora que se cuestiona y se revisa pr\u00e1cticamente todo, <strong>\u00bfpor qu\u00e9 no nos pensamos en serio convertir la docencia en una profesi\u00f3n de prestigio?<\/strong> Pero de prestigio de verdad, empezando por el reconocimiento econ\u00f3mico y terminando por su reputaci\u00f3n social. \u00bfQue c\u00f3mo se hace eso? <strong>Pues tal vez atendiendo las recomendaciones que hace tiempo nos marca la OCDE<\/strong>; este organismo se\u00f1ala que no sufrimos un problema grave por el n\u00famero de maestros o por el gasto p\u00fablico en educaci\u00f3n, que podr\u00eda ser mayor, sin duda, pero que tampoco est\u00e1 tan mal. No, <strong>los grandes obst\u00e1culos son: la retribuci\u00f3n econ\u00f3mica, efectivamente, pero tambi\u00e9n: un gran nivel de aislamiento<\/strong>, es decir no estar al tanto de lo que hacen otros centros del entorno, no incidir en el reciclaje profesional\u2026.y despu\u00e9s, por \u00faltimo, muy importante: la falta de autonom\u00eda del docente.<\/p>\n<div id=\"sumario_1|foto\" class=\"izquierda\">\n<div class=\"datos_sumario\">\u00a0En otros pa\u00edses, los maestros \u2013adem\u00e1s de impartir conocimientos- se sienten parte del sistema, se dedican a desarrollarlo, contribuyen a dise\u00f1arlo. <strong>Aqu\u00ed no, por desgracia.<\/strong> As\u00ed que llegados a este punto s\u00f3lo recordar dos cosas: que <strong>el buen o mal funcionamiento de un sistema educativo no se mide s\u00f3lo en t\u00e9rminos acad\u00e9micos sino de cohesi\u00f3n social y equidad<\/strong>. Y si los profesores, que son los actores principales, no se sienten bien en el sistema, ser\u00e1 imposible que \u00e9ste mejore. y lo necesitamos, <strong>\u00a1ya lo creo que lo necesitamos!<\/strong><\/div>\n<\/div>\n<\/div>\n<\/div>\n<\/div>\n<p>&nbsp;<\/p>\n","protected":false},"excerpt":{"rendered":"<p>\u00bfPor qu\u00e9 no nos pensamos en serio convertir la docencia en una profesi\u00f3n de prestigio?&#8230;<\/p>\n","protected":false},"author":1,"featured_media":2707,"comment_status":"closed","ping_status":"closed","sticky":false,"template":"","format":"standard","meta":{"_coblocks_attr":"","_coblocks_dimensions":"","_coblocks_responsive_height":"","_coblocks_accordion_ie_support":"","jetpack_post_was_ever_published":false,"_jetpack_newsletter_access":"","_jetpack_dont_email_post_to_subs":false,"_jetpack_newsletter_tier_id":0,"_jetpack_memberships_contains_paywalled_content":false,"_jetpack_memberships_contains_paid_content":false,"footnotes":"","jetpack_publicize_message":"","jetpack_publicize_feature_enabled":true,"jetpack_social_post_already_shared":false,"jetpack_social_options":{"image_generator_settings":{"template":"highway","default_image_id":0,"enabled":false},"version":2}},"categories":[187,9,15],"tags":[971,972,973],"class_list":["post-2705","post","type-post","status-publish","format-standard","has-post-thumbnail","hentry","category-centros-educativos","category-medio-ambiente","category-ultimas-noticias","tag-dignificar","tag-maestros7as","tag-sistema-educativo"],"jetpack_publicize_connections":[],"jetpack_featured_media_url":"https:\/\/i0.wp.com\/miradordeatarfe.es\/wp-content\/uploads\/2015\/06\/DIGNIFICAR.jpg?fit=328%2C153&ssl=1","jetpack_likes_enabled":true,"jetpack_sharing_enabled":true,"_links":{"self":[{"href":"https:\/\/miradordeatarfe.es\/index.php?rest_route=\/wp\/v2\/posts\/2705","targetHints":{"allow":["GET"]}}],"collection":[{"href":"https:\/\/miradordeatarfe.es\/index.php?rest_route=\/wp\/v2\/posts"}],"about":[{"href":"https:\/\/miradordeatarfe.es\/index.php?rest_route=\/wp\/v2\/types\/post"}],"author":[{"embeddable":true,"href":"https:\/\/miradordeatarfe.es\/index.php?rest_route=\/wp\/v2\/users\/1"}],"replies":[{"embeddable":true,"href":"https:\/\/miradordeatarfe.es\/index.php?rest_route=%2Fwp%2Fv2%2Fcomments&post=2705"}],"version-history":[{"count":2,"href":"https:\/\/miradordeatarfe.es\/index.php?rest_route=\/wp\/v2\/posts\/2705\/revisions"}],"predecessor-version":[{"id":2708,"href":"https:\/\/miradordeatarfe.es\/index.php?rest_route=\/wp\/v2\/posts\/2705\/revisions\/2708"}],"wp:featuredmedia":[{"embeddable":true,"href":"https:\/\/miradordeatarfe.es\/index.php?rest_route=\/wp\/v2\/media\/2707"}],"wp:attachment":[{"href":"https:\/\/miradordeatarfe.es\/index.php?rest_route=%2Fwp%2Fv2%2Fmedia&parent=2705"}],"wp:term":[{"taxonomy":"category","embeddable":true,"href":"https:\/\/miradordeatarfe.es\/index.php?rest_route=%2Fwp%2Fv2%2Fcategories&post=2705"},{"taxonomy":"post_tag","embeddable":true,"href":"https:\/\/miradordeatarfe.es\/index.php?rest_route=%2Fwp%2Fv2%2Ftags&post=2705"}],"curies":[{"name":"wp","href":"https:\/\/api.w.org\/{rel}","templated":true}]}}