{"id":27063,"date":"2018-11-20T11:35:56","date_gmt":"2018-11-20T10:35:56","guid":{"rendered":"http:\/\/miradordeatarfe.es\/?p=27063"},"modified":"2018-11-19T11:25:46","modified_gmt":"2018-11-19T10:25:46","slug":"el-atarfe-merece-mas-en-martos-1-0","status":"publish","type":"post","link":"https:\/\/miradordeatarfe.es\/?p=27063","title":{"rendered":"El Atarfe merece m\u00e1s en Martos, 1-0"},"content":{"rendered":"<div class=\"bloque_big_izda\">\n<div class=\"introduccion\" style=\"text-align: justify;\">De nuevo una jugada a bal\u00f3n parado conden\u00f3 a los atarfe\u00f1os<\/div>\n<div class=\"limpia\" style=\"text-align: justify;\"><!--more--><\/div>\n<div class=\"foto\" style=\"text-align: justify;\"><\/div>\n<div style=\"text-align: justify;\">El Atarfe Industrial sigue con su mala din\u00e1mica de resultados tras caer por 1-0 ante el Martos, que durante muchas fases del partido estuvo a merced de los atarfe\u00f1os. Pero el equipo de Jorge Moreno volvi\u00f3 a demostrar sus dos pecados capitales esta temporada, no concretar sus ocasiones y las jugadas a bal\u00f3n parado. A los atarfe\u00f1os tampoco les acompa\u00f1\u00f3 el arbitraje, que fue muy casero.<\/div>\n<div style=\"text-align: justify;\"><\/div>\n<div style=\"text-align: justify;\">Desde el inicio el Atarfe intent\u00f3 hacerse con el dominio del bal\u00f3n.\u00a0 El partido transcurr\u00eda con dominio alterno de ambos equipos, pero sin ocasiones para ninguno de los dos equipos. Pasado el ecuador de la primera mitad empezaron los dos equipos a merodear el \u00e1rea, pero se segu\u00eda sin ver ocasiones claras en el encuentro, por lo que al intermedio se lleg\u00f3 con la igualada a cero.<\/div>\n<div style=\"text-align: justify;\"><\/div>\n<div style=\"text-align: justify;\">En la segunda mitad el Atarfe intent\u00f3 a dar un paso y buscaba el gol en la porter\u00eda marte\u00f1a, pero los delanteros atarfe\u00f1os. Por su parte, el mayor peligro del Martos, era su veterano jugador Sutil, que fue un incordio durante toda la tarde para la zaga atarfe\u00f1a y de este jugador se inici\u00f3 la jugada del gol de los jienenses, Sutil bot\u00f3 una falta lateral y Etamane cabece\u00f3 a la red de la porter\u00eda de Dar\u00edo.<\/div>\n<div><\/div>\n<div style=\"text-align: justify;\">Con desventaja en el marcador el Atarfe se volc\u00f3 sobre la porter\u00eda del Martos y puso cerco a la defensa jiennense, pero no estuvieron muy afortunados en los \u00faltimos metros. Los atarfe\u00f1os reclamaron una pena m\u00e1xima, que tanto el colegiado como el asistente decidieron obviarlo ante la presi\u00f3n ambiental. En el a\u00f1adido el Atarfe se qued\u00f3 en inferioridad al ver el cancerbero Dar\u00edo la segunda cartulina amarilla.<\/div>\n<div style=\"text-align: justify;\"><\/div>\n<div>\n<div style=\"text-align: justify;\"><strong>C.D. MARTOS:<\/strong> Nauzet, Eloge, Marc, Javi, Pep\u00f3n, \u00c1lex, Fernando (Enes, 53\u2019), Adil (Borja, 75\u2019), Etamane, Sutil, Melvin (Pahama, 63\u2019).<\/div>\n<div style=\"text-align: justify;\"><\/div>\n<div style=\"text-align: justify;\"><strong>ATARFE INDUSTRIAL: <\/strong>Dar\u00edo, Aya, Marcos Toro, Sergio Bustos, Fernando, Canario (Dani, 84\u2019), Dani Salvatierra, Miguel Jim\u00e9nez (Duche, 84\u2019), Pablo (Jordi, 60\u2019), \u00c1lex Ortega, Isra Pel\u00e1ez<\/div>\n<div style=\"text-align: justify;\"><\/div>\n<div><strong>GOLES: <\/strong>1-0 (74\u2019) Etamane<\/div>\n<div><\/div>\n<div><strong>\u00c1RBITRO: <\/strong>Cant\u00f3n Martos (Almer\u00eda). Expuls\u00f3 al local \u00c1lex y al visitante Dar\u00edo (90\u2019) ambos por doble amarilla. Amonest\u00f3 a los locales Javi, Pep\u00f3n, Etamane y Marc y a los visitantes Canario, Fernando y Jordi<\/div>\n<div><\/div>\n<div><strong>INCIDENCIAS: <\/strong>Encuentro disputado en el Municipal Ciudad de Martos<\/div>\n<div><\/div>\n<\/div>\n<div>redaccion@granadaenjuego.com<\/div>\n<\/div>\n<p>FOTO: Al Atarfe le sigue sin acompa\u00f1ar la suerte en este inicio de temporada (CARCAJAL\/ARCHIVO)<\/p>\n","protected":false},"excerpt":{"rendered":"<p>De nuevo una jugada a bal\u00f3n parado conden\u00f3 a los atarfe\u00f1os<\/p>\n","protected":false},"author":1,"featured_media":27064,"comment_status":"closed","ping_status":"closed","sticky":false,"template":"","format":"standard","meta":{"_coblocks_attr":"","_coblocks_dimensions":"","_coblocks_responsive_height":"","_coblocks_accordion_ie_support":"","jetpack_post_was_ever_published":false,"_jetpack_newsletter_access":"","_jetpack_dont_email_post_to_subs":false,"_jetpack_newsletter_tier_id":0,"_jetpack_memberships_contains_paywalled_content":false,"_jetpack_memberships_contains_paid_content":false,"footnotes":"","jetpack_publicize_message":"","jetpack_publicize_feature_enabled":true,"jetpack_social_post_already_shared":false,"jetpack_social_options":{"image_generator_settings":{"template":"highway","default_image_id":0,"enabled":false},"version":2}},"categories":[2,182,44,15],"tags":[5176,666],"class_list":["post-27063","post","type-post","status-publish","format-standard","has-post-thumbnail","hentry","category-atarfe","category-deportes","category-noticias-de-hoy","category-ultimas-noticias","tag-atarfe-industeial","tag-futbol"],"jetpack_publicize_connections":[],"jetpack_featured_media_url":"https:\/\/i0.wp.com\/miradordeatarfe.es\/wp-content\/uploads\/2018\/11\/imagennoticia36701_0.jpg?fit=350%2C511&ssl=1","jetpack_likes_enabled":true,"jetpack_sharing_enabled":true,"_links":{"self":[{"href":"https:\/\/miradordeatarfe.es\/index.php?rest_route=\/wp\/v2\/posts\/27063","targetHints":{"allow":["GET"]}}],"collection":[{"href":"https:\/\/miradordeatarfe.es\/index.php?rest_route=\/wp\/v2\/posts"}],"about":[{"href":"https:\/\/miradordeatarfe.es\/index.php?rest_route=\/wp\/v2\/types\/post"}],"author":[{"embeddable":true,"href":"https:\/\/miradordeatarfe.es\/index.php?rest_route=\/wp\/v2\/users\/1"}],"replies":[{"embeddable":true,"href":"https:\/\/miradordeatarfe.es\/index.php?rest_route=%2Fwp%2Fv2%2Fcomments&post=27063"}],"version-history":[{"count":1,"href":"https:\/\/miradordeatarfe.es\/index.php?rest_route=\/wp\/v2\/posts\/27063\/revisions"}],"predecessor-version":[{"id":27065,"href":"https:\/\/miradordeatarfe.es\/index.php?rest_route=\/wp\/v2\/posts\/27063\/revisions\/27065"}],"wp:featuredmedia":[{"embeddable":true,"href":"https:\/\/miradordeatarfe.es\/index.php?rest_route=\/wp\/v2\/media\/27064"}],"wp:attachment":[{"href":"https:\/\/miradordeatarfe.es\/index.php?rest_route=%2Fwp%2Fv2%2Fmedia&parent=27063"}],"wp:term":[{"taxonomy":"category","embeddable":true,"href":"https:\/\/miradordeatarfe.es\/index.php?rest_route=%2Fwp%2Fv2%2Fcategories&post=27063"},{"taxonomy":"post_tag","embeddable":true,"href":"https:\/\/miradordeatarfe.es\/index.php?rest_route=%2Fwp%2Fv2%2Ftags&post=27063"}],"curies":[{"name":"wp","href":"https:\/\/api.w.org\/{rel}","templated":true}]}}