{"id":27083,"date":"2018-11-23T11:15:09","date_gmt":"2018-11-23T10:15:09","guid":{"rendered":"http:\/\/miradordeatarfe.es\/?p=27083"},"modified":"2020-06-26T12:53:30","modified_gmt":"2020-06-26T10:53:30","slug":"atarfe-y-la-iglesia-de-1099-por-jose-enrique-granados","status":"publish","type":"post","link":"https:\/\/miradordeatarfe.es\/?p=27083","title":{"rendered":"\u00abATARFE Y LA IGLESIA DE 1099\u00bb por Jos\u00e9 Enrique Granados"},"content":{"rendered":"<div dir=\"auto\">\n<div dir=\"auto\">Juan Mart\u00ednez Ruiz en su libro editado por la Fundaci\u00f3n Sierra Elvira en 2017 nos habla de Medina Elvira en los siguientes t\u00e9rminos<\/div>\n<div dir=\"auto\"><!--more--><\/div>\n<div dir=\"auto\" style=\"text-align: justify;\">\u201cDurante los siglos IX al X, Castilla, o hadhira Elvira, fue la capital m\u00e1s importante de la cora o provincia. All\u00ed conviv\u00edan los mulad\u00edes (mestizos) y \u201cmureemitas\u201d (renegados), que eran menospreciados por la orgullosa aristocracia \u00e1rabe, dispersa por la vega, igual que les ocurr\u00eda a los moz\u00e1rabes, residentes a\u00fan en Illiberri. Frente a la puerta de Elvira existi\u00f3 una hermosa iglesia, demolida por los musulmanes en 1099; su solar qued\u00f3 incluido m\u00e1s tarde en el gran cementerio existente a la salida de esa puerta\u201d.<\/div>\n<div dir=\"auto\" style=\"text-align: justify;\"><\/div>\n<div dir=\"auto\" style=\"text-align: justify;\">Hace unos d\u00edas que concluyeron las excavaciones codirigidas por el catedr\u00e1tico de la UGR, Antonio Malpica y Marian Rebkowski miembro de la academia polaca de las Ciencias y la Arqueolog\u00eda, efectuadas por arque\u00f3logos procedentes de esa instituci\u00f3n, voluntarios y estudiantes de la universidad granadina.<\/div>\n<div dir=\"auto\" style=\"text-align: justify;\"><\/div>\n<div dir=\"auto\" style=\"text-align: justify;\">En ellas han puesto de manifiesto la existencia de unas estructuras que podr\u00edan pertenecer a una gran edificaci\u00f3n, posiblemente relacionada con el culto cristiano. \u00bfPodr\u00eda ser la iglesia demolida en 1099 y a la que hace alusi\u00f3n el profesor Mart\u00ednez Ruiz en el texto antes citado?<\/div>\n<div dir=\"auto\" style=\"text-align: justify;\"><\/div>\n<div dir=\"auto\" style=\"text-align: justify;\">Recreaci\u00f3n de Medina Elvira efectuada por Sa\u00fal Meral.\u00a0 A m\u00ed, me parece fant\u00e1stica\u2026\u2026\u2026\u2026\u2026\u2026.<\/div>\n<div dir=\"auto\" style=\"text-align: justify;\"><\/div>\n<div dir=\"auto\" style=\"text-align: justify;\">Curiosidades elvirenses.<\/div>\n<div dir=\"auto\"><a href=\"https:\/\/i0.wp.com\/miradordeatarfe.es\/wp-content\/uploads\/2018\/11\/FB_IMG_1542291625320.jpg?ssl=1\"><img data-recalc-dims=\"1\" loading=\"lazy\" decoding=\"async\" class=\"size-full wp-image-27084 aligncenter\" src=\"https:\/\/i0.wp.com\/miradordeatarfe.es\/wp-content\/uploads\/2018\/11\/FB_IMG_1542291625320.jpg?resize=640%2C276&#038;ssl=1\" alt=\"\" width=\"640\" height=\"276\" srcset=\"https:\/\/i0.wp.com\/miradordeatarfe.es\/wp-content\/uploads\/2018\/11\/FB_IMG_1542291625320.jpg?w=720&amp;ssl=1 720w, https:\/\/i0.wp.com\/miradordeatarfe.es\/wp-content\/uploads\/2018\/11\/FB_IMG_1542291625320.jpg?resize=300%2C130&amp;ssl=1 300w, https:\/\/i0.wp.com\/miradordeatarfe.es\/wp-content\/uploads\/2018\/11\/FB_IMG_1542291625320.jpg?resize=600%2C259&amp;ssl=1 600w\" sizes=\"auto, (max-width: 640px) 100vw, 640px\" \/><\/a><\/div>\n<\/div>\n<p style=\"text-align: justify;\">\n<p style=\"text-align: justify;\">foto principal: La entrada musulmana en la Pen\u00ednsula. Elvira en tiempos de la conquista.\u00a0 Ilustraci\u00f3n de Pedro Romero.<\/p>\n","protected":false},"excerpt":{"rendered":"<p>Juan Mart\u00ednez Ruiz en su libro editado por la Fundaci\u00f3n Sierra Elvira en 2017 nos&#8230;<\/p>\n","protected":false},"author":1,"featured_media":27085,"comment_status":"closed","ping_status":"closed","sticky":false,"template":"","format":"standard","meta":{"_coblocks_attr":"","_coblocks_dimensions":"","_coblocks_responsive_height":"","_coblocks_accordion_ie_support":"","jetpack_post_was_ever_published":false,"_jetpack_newsletter_access":"","_jetpack_dont_email_post_to_subs":false,"_jetpack_newsletter_tier_id":0,"_jetpack_memberships_contains_paywalled_content":false,"_jetpack_memberships_contains_paid_content":false,"footnotes":"","jetpack_publicize_message":"","jetpack_publicize_feature_enabled":true,"jetpack_social_post_already_shared":false,"jetpack_social_options":{"image_generator_settings":{"template":"highway","default_image_id":0,"enabled":false},"version":2}},"categories":[12,1225,186,38,44,15],"tags":[81,5478],"class_list":["post-27083","post","type-post","status-publish","format-standard","has-post-thumbnail","hentry","category-cultura","category-ha-de-atarfe","category-instituciones","category-opinion-de-jose-enrique-granados","category-noticias-de-hoy","category-ultimas-noticias","tag-atarfe","tag-iglesia-1099"],"jetpack_publicize_connections":[],"jetpack_featured_media_url":"https:\/\/i0.wp.com\/miradordeatarfe.es\/wp-content\/uploads\/2018\/11\/6.jpg?fit=1181%2C702&ssl=1","jetpack_likes_enabled":true,"jetpack_sharing_enabled":true,"_links":{"self":[{"href":"https:\/\/miradordeatarfe.es\/index.php?rest_route=\/wp\/v2\/posts\/27083","targetHints":{"allow":["GET"]}}],"collection":[{"href":"https:\/\/miradordeatarfe.es\/index.php?rest_route=\/wp\/v2\/posts"}],"about":[{"href":"https:\/\/miradordeatarfe.es\/index.php?rest_route=\/wp\/v2\/types\/post"}],"author":[{"embeddable":true,"href":"https:\/\/miradordeatarfe.es\/index.php?rest_route=\/wp\/v2\/users\/1"}],"replies":[{"embeddable":true,"href":"https:\/\/miradordeatarfe.es\/index.php?rest_route=%2Fwp%2Fv2%2Fcomments&post=27083"}],"version-history":[{"count":2,"href":"https:\/\/miradordeatarfe.es\/index.php?rest_route=\/wp\/v2\/posts\/27083\/revisions"}],"predecessor-version":[{"id":36371,"href":"https:\/\/miradordeatarfe.es\/index.php?rest_route=\/wp\/v2\/posts\/27083\/revisions\/36371"}],"wp:featuredmedia":[{"embeddable":true,"href":"https:\/\/miradordeatarfe.es\/index.php?rest_route=\/wp\/v2\/media\/27085"}],"wp:attachment":[{"href":"https:\/\/miradordeatarfe.es\/index.php?rest_route=%2Fwp%2Fv2%2Fmedia&parent=27083"}],"wp:term":[{"taxonomy":"category","embeddable":true,"href":"https:\/\/miradordeatarfe.es\/index.php?rest_route=%2Fwp%2Fv2%2Fcategories&post=27083"},{"taxonomy":"post_tag","embeddable":true,"href":"https:\/\/miradordeatarfe.es\/index.php?rest_route=%2Fwp%2Fv2%2Ftags&post=27083"}],"curies":[{"name":"wp","href":"https:\/\/api.w.org\/{rel}","templated":true}]}}