{"id":27176,"date":"2018-11-23T10:45:00","date_gmt":"2018-11-23T09:45:00","guid":{"rendered":"http:\/\/miradordeatarfe.es\/?p=27176"},"modified":"2018-11-22T20:10:12","modified_gmt":"2018-11-22T19:10:12","slug":"aterfe-programa-50o-aniversario-del-ies-iliberis","status":"publish","type":"post","link":"https:\/\/miradordeatarfe.es\/?p=27176","title":{"rendered":"ATERFE: PROGRAMA 50\u00ba ANIVERSARIO DEL  IES ILIBERIS:"},"content":{"rendered":"<p style=\"text-align: justify;\">Os presentamos el programa de actos previstos para celebrar el quincuag\u00e9simo aniversario de la inauguraci\u00f3n del IES ILIBERIS DE ATARFE<!--more--><\/p>\n<p style=\"text-align: justify;\"><strong>Jueves, 29 de noviembre de 2018-<\/strong> Sal\u00f3n de actos IES \u00abIl\u00edberis\u00bb, 12:00h. La Innovaci\u00f3n educativa: Mesa redonda: <i>\u201cIES Il\u00edberis: 50 a\u00f1os apostando por la educaci\u00f3n\u201d.<\/i><\/p>\n<p style=\"text-align: justify;\"><strong>Jueves, 24 de enero de 2019 <\/strong>\u2013 Centro Cultural \u00abMedina Elvira\u00bb, 12:00 h. Acto institucional del 50\u00aa aniversario. Conferencia a cargo de D. Federico Mayor Zaragoza.D\u00eda de la M\u00fasica con actuaciones municipales y del centro.<\/p>\n<p style=\"text-align: justify;\"><strong>Jueves, 21 de febrero de 2019<\/strong> \u2013 Centro Cultural \u00abMedina Elvira\u00bb, 12:00 h. La Actividad Deportiva en Atarfe: Conferencia y mesa redonda. Coordina: Departamento de Educaci\u00f3n F\u00edsica del IES \u201cIl\u00edberis\u201d.<\/p>\n<p style=\"text-align: justify;\"><strong>Jueves, 28 de marzo de 2019 <\/strong>\u2013 Centro Cultural \u00abMedina Elvira\u00bb, 12:00 h. Historia y Medio Ambiente: Conferencia y mesa redonda con \u201cVega-Educa\u201d Festival \u201cViva la Vega\u201d que tendr\u00e1 lugar el d\u00eda 23 de marzo, y \u201cEco marcha\u201d.<\/p>\n<p style=\"text-align: justify;\"><strong>Jueves, 25 de abril de 2019<\/strong> Centro Cultural \u00abMedina Elvira\u00bb, 12:00 h. Cultura, Poes\u00eda y Literatura: Presentaci\u00f3n del libro: \u201cLa Historia del IES IL\u00cdBERIS\u201d. Realizado por profesorado del centro. Recital po\u00e9tico: \u201cLorca y la Vega\u201d a cargo de D. Francisco Vaquero S\u00e1nchez. Semana celebraci\u00f3n D\u00eda del libro.<\/p>\n<p style=\"text-align: justify;\"><strong>Viernes, 31 de mayo de 2019 <\/strong>\u2013 Pistas polideportivas del IES \u00abIl\u00edberis\u00bb. A partir de las 12:00 h. Fin de los actos del 50\u00ba aniversario. Paella y actuaciones musicales.\u00a0 Invitaciones: Se enviar\u00e1n a todos los representantes de Instituciones, AMPAS de Atarfe y Centros Educativos de Atarfe. Comisi\u00f3n de protocolo.<\/p>\n<p><a href=\"https:\/\/i0.wp.com\/miradordeatarfe.es\/wp-content\/uploads\/2018\/11\/cartel-50A-peque.jpg?ssl=1\"><img data-recalc-dims=\"1\" loading=\"lazy\" decoding=\"async\" class=\"size-full wp-image-27177 aligncenter\" src=\"https:\/\/i0.wp.com\/miradordeatarfe.es\/wp-content\/uploads\/2018\/11\/cartel-50A-peque.jpg?resize=316%2C447&#038;ssl=1\" alt=\"\" width=\"316\" height=\"447\" srcset=\"https:\/\/i0.wp.com\/miradordeatarfe.es\/wp-content\/uploads\/2018\/11\/cartel-50A-peque.jpg?w=316&amp;ssl=1 316w, https:\/\/i0.wp.com\/miradordeatarfe.es\/wp-content\/uploads\/2018\/11\/cartel-50A-peque.jpg?resize=212%2C300&amp;ssl=1 212w\" sizes=\"auto, (max-width: 316px) 100vw, 316px\" \/><\/a><\/p>\n","protected":false},"excerpt":{"rendered":"<p>Os presentamos el programa de actos previstos para celebrar el quincuag\u00e9simo aniversario de la inauguraci\u00f3n&#8230;<\/p>\n","protected":false},"author":1,"featured_media":27178,"comment_status":"closed","ping_status":"closed","sticky":false,"template":"","format":"standard","meta":{"_coblocks_attr":"","_coblocks_dimensions":"","_coblocks_responsive_height":"","_coblocks_accordion_ie_support":"","jetpack_post_was_ever_published":false,"_jetpack_newsletter_access":"","_jetpack_dont_email_post_to_subs":false,"_jetpack_newsletter_tier_id":0,"_jetpack_memberships_contains_paywalled_content":false,"_jetpack_memberships_contains_paid_content":false,"footnotes":"","jetpack_publicize_message":"","jetpack_publicize_feature_enabled":true,"jetpack_social_post_already_shared":false,"jetpack_social_options":{"image_generator_settings":{"template":"highway","default_image_id":0,"enabled":false},"version":2}},"categories":[2,187,186,44,15],"tags":[373,81,27],"class_list":["post-27176","post","type-post","status-publish","format-standard","has-post-thumbnail","hentry","category-atarfe","category-centros-educativos","category-instituciones","category-noticias-de-hoy","category-ultimas-noticias","tag-aniversario","tag-atarfe","tag-educacion"],"jetpack_publicize_connections":[],"jetpack_featured_media_url":"https:\/\/i0.wp.com\/miradordeatarfe.es\/wp-content\/uploads\/2018\/11\/cartel-50A-peque-2.jpg?fit=311%2C213&ssl=1","jetpack_likes_enabled":true,"jetpack_sharing_enabled":true,"_links":{"self":[{"href":"https:\/\/miradordeatarfe.es\/index.php?rest_route=\/wp\/v2\/posts\/27176","targetHints":{"allow":["GET"]}}],"collection":[{"href":"https:\/\/miradordeatarfe.es\/index.php?rest_route=\/wp\/v2\/posts"}],"about":[{"href":"https:\/\/miradordeatarfe.es\/index.php?rest_route=\/wp\/v2\/types\/post"}],"author":[{"embeddable":true,"href":"https:\/\/miradordeatarfe.es\/index.php?rest_route=\/wp\/v2\/users\/1"}],"replies":[{"embeddable":true,"href":"https:\/\/miradordeatarfe.es\/index.php?rest_route=%2Fwp%2Fv2%2Fcomments&post=27176"}],"version-history":[{"count":1,"href":"https:\/\/miradordeatarfe.es\/index.php?rest_route=\/wp\/v2\/posts\/27176\/revisions"}],"predecessor-version":[{"id":27179,"href":"https:\/\/miradordeatarfe.es\/index.php?rest_route=\/wp\/v2\/posts\/27176\/revisions\/27179"}],"wp:featuredmedia":[{"embeddable":true,"href":"https:\/\/miradordeatarfe.es\/index.php?rest_route=\/wp\/v2\/media\/27178"}],"wp:attachment":[{"href":"https:\/\/miradordeatarfe.es\/index.php?rest_route=%2Fwp%2Fv2%2Fmedia&parent=27176"}],"wp:term":[{"taxonomy":"category","embeddable":true,"href":"https:\/\/miradordeatarfe.es\/index.php?rest_route=%2Fwp%2Fv2%2Fcategories&post=27176"},{"taxonomy":"post_tag","embeddable":true,"href":"https:\/\/miradordeatarfe.es\/index.php?rest_route=%2Fwp%2Fv2%2Ftags&post=27176"}],"curies":[{"name":"wp","href":"https:\/\/api.w.org\/{rel}","templated":true}]}}