{"id":27231,"date":"2018-11-28T08:37:14","date_gmt":"2018-11-28T07:37:14","guid":{"rendered":"http:\/\/miradordeatarfe.es\/?p=27231"},"modified":"2018-11-26T11:57:59","modified_gmt":"2018-11-26T10:57:59","slug":"alquiler-abusivo-ya-no-les-intereso","status":"publish","type":"post","link":"https:\/\/miradordeatarfe.es\/?p=27231","title":{"rendered":"Alquiler abusivo: \u00abYa no les intereso\u00bb"},"content":{"rendered":"<div class=\"row-center\">\n<div class=\"col-xs-12 col-sm-12 col-md-12\">\n<header class=\"ep-detail-header\">\n<div class=\"subtitle\">\n<p>Silvia tiene 58 a\u00f1os y lleva desde los 50 en paro. Se ha sentido intimidada por de las formas y debe abandonar el piso que alquilaba<\/p>\n<\/div>\n<\/header>\n<\/div>\n<\/div>\n<p><!--more--><\/p>\n<div class=\"row-center\">\n<div class=\"col-xs-12 col-sm-12 col-md-8 following-ad-ref-container\">\n<div class=\"ep-detail-body\">\n<div class=\"ep-media\">\n<div class=\"thumb\" style=\"text-align: justify;\"><picture><source srcset=\"https:\/\/estaticos.elperiodico.com\/resources\/jpg\/9\/6\/silvia-gonzalez-piso-esplugues-llobregat-1524389184569.jpg 1x\" media=\"(max-width: 25em)\" \/><source srcset=\"https:\/\/estaticos.elperiodico.com\/resources\/jpg\/1\/0\/silvia-gonzalez-piso-esplugues-llobregat-1524389184501.jpg 1x\" media=\"(max-width: 48em)\" \/><source srcset=\"https:\/\/estaticos.elperiodico.com\/resources\/jpg\/1\/0\/silvia-gonzalez-piso-esplugues-llobregat-1524389184501.jpg 1x\" media=\"(max-width: 62em)\" \/><source srcset=\"https:\/\/estaticos.elperiodico.com\/resources\/jpg\/6\/7\/silvia-gonzalez-piso-esplugues-llobregat-1524389184276.jpg 1x\" media=\"(min-width: 62em)\" \/><\/picture>El piso de<strong>\u00a0Silvia Gonz\u00e1lez<\/strong>\u00a0est\u00e1 lleno de\u00a0<strong>cajas<\/strong>, acomodadas entre muebles para molestar lo m\u00ednimo su d\u00eda a d\u00eda. A la espera de que a finales de este mes le venza el contrato de alquiler de la que durante tres a\u00f1os ha sido su casa. \u00abLa\u00a0<strong>propietaria\u00a0<\/strong>no quiere renovar, porque me ha dicho que necesita el piso para ella\u00bb, comenta esta vecina de<strong>\u00a0Esplugues de Llobregat<\/strong>. \u00abMe he sentido bastante intimidada por las formas con las que lo ha gestionado, as\u00ed que me ir\u00e9, pero necesito tiempo para encontrar otro sitio\u00bb.<\/div>\n<\/div>\n<p style=\"text-align: justify;\">Silvia tiene 58 a\u00f1os y lleva desde los 50 en paro, con el breve par\u00e9ntesis de seis meses que le ofreci\u00f3 un programa de ocupaci\u00f3n municipal. Sus\u00a0<strong>ingresos\u00a0<\/strong>se basan en una prestaci\u00f3n de 430 euros para desempleados mayores de 55 a\u00f1os. De alquiler paga 660\u00a0<strong>euros<\/strong>, equivalente al 150% de su renta. Para llegar a fin de mes, sus padres y sus hijos le pasan dinero. \u00abLos ahorros hace tiempo que los agot\u00e9. Ropa ya no me acuerdo la \u00faltima vez que me compr\u00e9, lo remiendo todo, y como hice hace a\u00f1os un curso de peluquer\u00eda, el pelo me lo cort\u00f3 yo misma\u00bb, explica Silvia.<\/p>\n<p style=\"text-align: justify;\">Esta madre divorciada con dos hijos ya en la trentena explica que fue despedida de su \u00faltimo empleo en Bios\u00ed, una tienda de productos ecol\u00f3gicos ubicada en el barrio de Gr\u00e0cia de Barcelona, despu\u00e9s de reincorporarse tras una prolongada baja por una enfermedad inmunol\u00f3gica que todav\u00eda arrastra. \u00abCobre la indemnizaci\u00f3n correspondiente, pero a mi edad y en plena crisis, encontrar empleo es misi\u00f3n imposible\u00bb, se lamenta. \u00abTrabajo desde los 14 a\u00f1os, y si alguien hace un tiempo me hubiera dicho que me ver\u00eda en la situaci\u00f3n en la que estoy no le hubiera cre\u00eddo\u00bb.<\/p>\n<p style=\"text-align: justify;\">Silvia lleva varias semanas buscando pisos para un nuevo alquiler. Le cuesta encontrar algo se adapte a sus ingresos y las pocas oportunidades que se desmarcan un poco, esconden detr\u00e1s de las fotos un estado \u00ablamentable que a las inmobiliarias les deber\u00eda dar verg\u00fcenza ense\u00f1ar\u00bb, dice.<\/p>\n<p style=\"text-align: justify;\">No puede marcharse lejos para hallar alquileres m\u00e1s bajos de los que ofrece la periferia barcelonesa porque sus padres est\u00e1n muy mayores y por el sobrecoste del transporte. Podr\u00eda apretarse con ellos en el piso, tambi\u00e9n de alquiler, en el que viven&#8230; \u00abPero yo quiero tener mi propio espacio, la vivienda es un derecho\u00bb, reivindica.<\/p>\n<h3 style=\"text-align: justify;\">Como ganado<\/h3>\n<p style=\"text-align: justify;\">\u00abPara alquilar un piso hoy los arrendadores te piden todo tipo de documentaci\u00f3n sobre tu vida personal y financiera y luego eligen entre las muchas opciones que siempre tienen como si fu\u00e9ramos ganado\u00bb, se queja Silvia, que junto a la prestaci\u00f3n que cobra tiene que presentar el aval de sus padres. \u00abHe llegado a un momento de mi vida que siento que el mundo me dice: \u2018T\u00fa ya no nos interesas\u00bb, reflexiona.\n<\/p>\n<p style=\"text-align: justify;\"><span class=\"author-link\">Gabriel Ubieto<\/span><\/p>\n<p><a href=\"https:\/\/www.elperiodico.com\/es\/economia\/20180422\/alquiler-abusivo-ya-no-les-intereso-6775675\">https:\/\/www.elperiodico.com\/es\/economia\/20180422\/alquiler-abusivo-ya-no-les-intereso-6775675<\/a><\/p>\n<p>FOTO: Silvia Gonz\u00e1lez, en su piso de\u00a0Esplugues de Llobregat. \/ <span class=\"author\">JOAN CORTADELLAS<\/span><\/p>\n<\/div>\n<\/div>\n<\/div>\n","protected":false},"excerpt":{"rendered":"<p>Silvia tiene 58 a\u00f1os y lleva desde los 50 en paro. Se ha sentido intimidada&#8230;<\/p>\n","protected":false},"author":1,"featured_media":27232,"comment_status":"closed","ping_status":"closed","sticky":false,"template":"","format":"standard","meta":{"_coblocks_attr":"","_coblocks_dimensions":"","_coblocks_responsive_height":"","_coblocks_accordion_ie_support":"","jetpack_post_was_ever_published":false,"_jetpack_newsletter_access":"","_jetpack_dont_email_post_to_subs":false,"_jetpack_newsletter_tier_id":0,"_jetpack_memberships_contains_paywalled_content":false,"_jetpack_memberships_contains_paid_content":false,"footnotes":"","jetpack_publicize_message":"","jetpack_publicize_feature_enabled":true,"jetpack_social_post_already_shared":false,"jetpack_social_options":{"image_generator_settings":{"template":"highway","default_image_id":0,"enabled":false},"version":2}},"categories":[1161,9,44,15],"tags":[2325,1012,682],"class_list":["post-27231","post","type-post","status-publish","format-standard","has-post-thumbnail","hentry","category-ciudadania","category-medio-ambiente","category-noticias-de-hoy","category-ultimas-noticias","tag-alquileres","tag-derechos","tag-vivienda"],"jetpack_publicize_connections":[],"jetpack_featured_media_url":"https:\/\/i0.wp.com\/miradordeatarfe.es\/wp-content\/uploads\/2018\/11\/silvia-gonzalez-piso-esplugues-llobregat-1524389184276.jpg?fit=1200%2C670&ssl=1","jetpack_likes_enabled":true,"jetpack_sharing_enabled":true,"_links":{"self":[{"href":"https:\/\/miradordeatarfe.es\/index.php?rest_route=\/wp\/v2\/posts\/27231","targetHints":{"allow":["GET"]}}],"collection":[{"href":"https:\/\/miradordeatarfe.es\/index.php?rest_route=\/wp\/v2\/posts"}],"about":[{"href":"https:\/\/miradordeatarfe.es\/index.php?rest_route=\/wp\/v2\/types\/post"}],"author":[{"embeddable":true,"href":"https:\/\/miradordeatarfe.es\/index.php?rest_route=\/wp\/v2\/users\/1"}],"replies":[{"embeddable":true,"href":"https:\/\/miradordeatarfe.es\/index.php?rest_route=%2Fwp%2Fv2%2Fcomments&post=27231"}],"version-history":[{"count":1,"href":"https:\/\/miradordeatarfe.es\/index.php?rest_route=\/wp\/v2\/posts\/27231\/revisions"}],"predecessor-version":[{"id":27233,"href":"https:\/\/miradordeatarfe.es\/index.php?rest_route=\/wp\/v2\/posts\/27231\/revisions\/27233"}],"wp:featuredmedia":[{"embeddable":true,"href":"https:\/\/miradordeatarfe.es\/index.php?rest_route=\/wp\/v2\/media\/27232"}],"wp:attachment":[{"href":"https:\/\/miradordeatarfe.es\/index.php?rest_route=%2Fwp%2Fv2%2Fmedia&parent=27231"}],"wp:term":[{"taxonomy":"category","embeddable":true,"href":"https:\/\/miradordeatarfe.es\/index.php?rest_route=%2Fwp%2Fv2%2Fcategories&post=27231"},{"taxonomy":"post_tag","embeddable":true,"href":"https:\/\/miradordeatarfe.es\/index.php?rest_route=%2Fwp%2Fv2%2Ftags&post=27231"}],"curies":[{"name":"wp","href":"https:\/\/api.w.org\/{rel}","templated":true}]}}