{"id":2724,"date":"2015-07-01T08:01:08","date_gmt":"2015-07-01T08:01:08","guid":{"rendered":"http:\/\/miradordeatarfe.es\/?p=2724"},"modified":"2015-07-02T07:45:39","modified_gmt":"2015-07-02T07:45:39","slug":"atarfe-saca-a-concurso-oposicion-la-plaza-de-tesorero-interino","status":"publish","type":"post","link":"https:\/\/miradordeatarfe.es\/?p=2724","title":{"rendered":"Atarfe saca a concurso &#8211; oposici\u00f3n la plaza de tesorero interino"},"content":{"rendered":"<div id=\"container_principal\" class=\"disp_float\">\n<div class=\"columna_central\">\n<div class=\"normal\">\n<div class=\"single\">\n<p class=\"titular\">Esta convocatoria en tiempo &#8216;r\u00e9cord&#8217; se saca tras la reunicia del existente un d\u00eda antes de que se constituyera el Ayuntamiento<\/p>\n<p><!--more--><\/p>\n<div class=\"contenedor\">\n<p>La localidad granadina de <strong>Atarfe<\/strong> ha aprobado las bases y convocatoria del concurso oposici\u00f3n para la selecci\u00f3n de un funcionario interino del puesto de tesorero del Ayuntamiento despu\u00e9s de que el anterior presentase su renuncia un d\u00eda antes del pleno de investidura de la nueva corpo<a href=\"http:\/\/www.ahoragranada.com\/noticia\/el-interventor-y-el-tesorero-de-atarfe-renunciaron-a-sus-cargos-antes-del-pleno-de-investidura\/\" target=\"_blank\">r<\/a>aci\u00f3n municipal.<\/p>\n<p>Ante esta vacante, seg\u00fan se recoge en el Bolet\u00edn Oficial de la Provincia, se considera \u201cnecesaria y urgente\u201d la cobertura de esta vacante de dicha plaza de la plantilla de personal funcionario del Consistorio atarfe\u00f1o. De este modo se procede con car\u00e1cter de interinidad, en tanto no sea provista por funcionario de carrera del pertinente proceso selectivo.<br \/>\nLa plaza convocada requiere que los aspirantes pertenezcan al grupo A1, escala de Administraci\u00f3n General. El plazo para presentar solicitudes ser\u00e1 hasta el pr\u00f3ximo s\u00e1bado, cuando hayan transcurrido los cinco d\u00edas naturales a partir de la publicaci\u00f3n de <a href=\"https:\/\/bop.dipgra.es\/paginasbop\/20150629002.pdf\" target=\"_blank\">la convocatoria en el BOP. <\/a>Las bases especifican que es necesario poseer la capacidad funcional para el desempe\u00f1o de las tareas habituales de la convocatoria y estar en posesi\u00f3n de la licenciatura o t\u00edtulo equivalente en Derecho, Licenciatura en Administraci\u00f3n y Direcci\u00f3n de Empresas, Licenciatura en Econom\u00eda o en Ciencias Actuariales y Financieras.El candidato seleccionado ser\u00e1 nombrado por la Alcald\u00eda como tesorero interino del Ayuntamiento de Atarfe,<br \/>\nhasta que se cubra con car\u00e1cter definitivo por funcionario de carrera.<\/p>\n<p><a href=\"http:\/\/www.ahoragranada.com\/noticia\/atarfe-saca-a-concurso-oposicion-de-la-plaza-de-tesorero-interino\/\">http:\/\/www.ahoragranada.com\/noticia\/atarfe-saca-a-concurso-oposicion-de-la-plaza-de-tesorero-interino\/<\/a><\/p>\n<\/div>\n<\/div>\n<\/div>\n<\/div>\n<\/div>\n","protected":false},"excerpt":{"rendered":"<p>Esta convocatoria en tiempo &#8216;r\u00e9cord&#8217; se saca tras la reunicia del existente un d\u00eda antes&#8230;<\/p>\n","protected":false},"author":1,"featured_media":2725,"comment_status":"closed","ping_status":"closed","sticky":false,"template":"","format":"standard","meta":{"_coblocks_attr":"","_coblocks_dimensions":"","_coblocks_responsive_height":"","_coblocks_accordion_ie_support":"","jetpack_post_was_ever_published":false,"_jetpack_newsletter_access":"","_jetpack_dont_email_post_to_subs":false,"_jetpack_newsletter_tier_id":0,"_jetpack_memberships_contains_paywalled_content":false,"_jetpack_memberships_contains_paid_content":false,"footnotes":"","jetpack_publicize_message":"","jetpack_publicize_feature_enabled":true,"jetpack_social_post_already_shared":false,"jetpack_social_options":{"image_generator_settings":{"template":"highway","default_image_id":0,"enabled":false},"version":2}},"categories":[2,15],"tags":[81,931],"class_list":["post-2724","post","type-post","status-publish","format-standard","has-post-thumbnail","hentry","category-atarfe","category-ultimas-noticias","tag-atarfe","tag-tesoreria"],"jetpack_publicize_connections":[],"jetpack_featured_media_url":"https:\/\/i0.wp.com\/miradordeatarfe.es\/wp-content\/uploads\/2015\/06\/teso.jpg?fit=266%2C190&ssl=1","jetpack_likes_enabled":true,"jetpack_sharing_enabled":true,"_links":{"self":[{"href":"https:\/\/miradordeatarfe.es\/index.php?rest_route=\/wp\/v2\/posts\/2724","targetHints":{"allow":["GET"]}}],"collection":[{"href":"https:\/\/miradordeatarfe.es\/index.php?rest_route=\/wp\/v2\/posts"}],"about":[{"href":"https:\/\/miradordeatarfe.es\/index.php?rest_route=\/wp\/v2\/types\/post"}],"author":[{"embeddable":true,"href":"https:\/\/miradordeatarfe.es\/index.php?rest_route=\/wp\/v2\/users\/1"}],"replies":[{"embeddable":true,"href":"https:\/\/miradordeatarfe.es\/index.php?rest_route=%2Fwp%2Fv2%2Fcomments&post=2724"}],"version-history":[{"count":1,"href":"https:\/\/miradordeatarfe.es\/index.php?rest_route=\/wp\/v2\/posts\/2724\/revisions"}],"predecessor-version":[{"id":2726,"href":"https:\/\/miradordeatarfe.es\/index.php?rest_route=\/wp\/v2\/posts\/2724\/revisions\/2726"}],"wp:featuredmedia":[{"embeddable":true,"href":"https:\/\/miradordeatarfe.es\/index.php?rest_route=\/wp\/v2\/media\/2725"}],"wp:attachment":[{"href":"https:\/\/miradordeatarfe.es\/index.php?rest_route=%2Fwp%2Fv2%2Fmedia&parent=2724"}],"wp:term":[{"taxonomy":"category","embeddable":true,"href":"https:\/\/miradordeatarfe.es\/index.php?rest_route=%2Fwp%2Fv2%2Fcategories&post=2724"},{"taxonomy":"post_tag","embeddable":true,"href":"https:\/\/miradordeatarfe.es\/index.php?rest_route=%2Fwp%2Fv2%2Ftags&post=2724"}],"curies":[{"name":"wp","href":"https:\/\/api.w.org\/{rel}","templated":true}]}}