{"id":27274,"date":"2018-11-28T11:30:13","date_gmt":"2018-11-28T10:30:13","guid":{"rendered":"http:\/\/miradordeatarfe.es\/?p=27274"},"modified":"2019-12-12T10:41:45","modified_gmt":"2019-12-12T09:41:45","slug":"granadinas-por-la-libertad","status":"publish","type":"post","link":"https:\/\/miradordeatarfe.es\/?p=27274","title":{"rendered":"PAQUI FUILLERAT ENTRE LAS PREMIADAS COMO GRANADINAS POR LA LIBERTAD"},"content":{"rendered":"<div class=\"pg-body\">\n<div class=\"mce-body \">\n<h4 class=\"mce\" style=\"text-align: justify;\">La Subdelegaci\u00f3n del Gobierno en Granada acogi\u00f3 el lunes\u00a0 una conferencia en el marco de los actos programados con motivo del <strong>40 aniversario de la Constituci\u00f3n<\/strong> bajo el t\u00edtulo &#8216;<strong class=\"mce\">Granadinas por la libertad<\/strong>: once figuras femeninas para la democracia espa\u00f1ola&#8217;. Entre ellas nuestra vecina <strong>FRANCISCA FUILLERAT PEREZ.<\/strong><!--more--><\/h4>\n<p class=\"mce\" style=\"text-align: justify;\">La encargada de impartir la charla fue la por la profesora titular de Did\u00e1ctica de la Literatura de la Universidad de Granada y vicepresidenta de la Asociaci\u00f3n Colegial de Escritores de Espa\u00f1a, <strong class=\"mce\">Remedios S\u00e1nchez<\/strong>.<\/p>\n<p class=\"mce\" style=\"text-align: justify;\">Al acto asistieron diez de las <strong class=\"mce\">once mujeres homenajeadas<\/strong>:<\/p>\n<p class=\"mce\" style=\"text-align: justify;\"><strong>Mercedes Moll, <\/strong><\/p>\n<p><a href=\"https:\/\/i0.wp.com\/miradordeatarfe.es\/wp-content\/uploads\/2018\/11\/IMG_20181126_201624_656.jpg?ssl=1\"><img data-recalc-dims=\"1\" loading=\"lazy\" decoding=\"async\" class=\"alignnone wp-image-27279\" src=\"https:\/\/i0.wp.com\/miradordeatarfe.es\/wp-content\/uploads\/2018\/11\/IMG_20181126_201624_656.jpg?resize=363%2C271&#038;ssl=1\" alt=\"\" width=\"363\" height=\"271\" srcset=\"https:\/\/i0.wp.com\/miradordeatarfe.es\/wp-content\/uploads\/2018\/11\/IMG_20181126_201624_656.jpg?w=1600&amp;ssl=1 1600w, https:\/\/i0.wp.com\/miradordeatarfe.es\/wp-content\/uploads\/2018\/11\/IMG_20181126_201624_656.jpg?resize=300%2C224&amp;ssl=1 300w, https:\/\/i0.wp.com\/miradordeatarfe.es\/wp-content\/uploads\/2018\/11\/IMG_20181126_201624_656.jpg?resize=768%2C575&amp;ssl=1 768w, https:\/\/i0.wp.com\/miradordeatarfe.es\/wp-content\/uploads\/2018\/11\/IMG_20181126_201624_656.jpg?resize=1024%2C766&amp;ssl=1 1024w, https:\/\/i0.wp.com\/miradordeatarfe.es\/wp-content\/uploads\/2018\/11\/IMG_20181126_201624_656.jpg?resize=600%2C449&amp;ssl=1 600w, https:\/\/i0.wp.com\/miradordeatarfe.es\/wp-content\/uploads\/2018\/11\/IMG_20181126_201624_656.jpg?w=1280&amp;ssl=1 1280w\" sizes=\"auto, (max-width: 363px) 100vw, 363px\" \/><\/a><\/p>\n<p class=\"mce\" style=\"text-align: justify;\"><strong>Antonina Rodrigo, <\/strong><\/p>\n<p><a href=\"https:\/\/i0.wp.com\/miradordeatarfe.es\/wp-content\/uploads\/2018\/11\/IMG_20181126_202629_199.jpg?ssl=1\"><img data-recalc-dims=\"1\" loading=\"lazy\" decoding=\"async\" class=\"alignnone wp-image-27280\" src=\"https:\/\/i0.wp.com\/miradordeatarfe.es\/wp-content\/uploads\/2018\/11\/IMG_20181126_202629_199.jpg?resize=357%2C477&#038;ssl=1\" alt=\"\" width=\"357\" height=\"477\" srcset=\"https:\/\/i0.wp.com\/miradordeatarfe.es\/wp-content\/uploads\/2018\/11\/IMG_20181126_202629_199.jpg?w=1197&amp;ssl=1 1197w, https:\/\/i0.wp.com\/miradordeatarfe.es\/wp-content\/uploads\/2018\/11\/IMG_20181126_202629_199.jpg?resize=224%2C300&amp;ssl=1 224w, https:\/\/i0.wp.com\/miradordeatarfe.es\/wp-content\/uploads\/2018\/11\/IMG_20181126_202629_199.jpg?resize=768%2C1027&amp;ssl=1 768w, https:\/\/i0.wp.com\/miradordeatarfe.es\/wp-content\/uploads\/2018\/11\/IMG_20181126_202629_199.jpg?resize=766%2C1024&amp;ssl=1 766w, https:\/\/i0.wp.com\/miradordeatarfe.es\/wp-content\/uploads\/2018\/11\/IMG_20181126_202629_199.jpg?resize=600%2C802&amp;ssl=1 600w\" sizes=\"auto, (max-width: 357px) 100vw, 357px\" \/><\/a><\/p>\n<p class=\"mce\" style=\"text-align: justify;\"><strong>Francisca Fuillerat, <\/strong><\/p>\n<p><a href=\"https:\/\/i0.wp.com\/miradordeatarfe.es\/wp-content\/uploads\/2018\/11\/IMG_20181126_200406_872.jpg?ssl=1\"><img data-recalc-dims=\"1\" loading=\"lazy\" decoding=\"async\" class=\"alignnone wp-image-27281\" src=\"https:\/\/i0.wp.com\/miradordeatarfe.es\/wp-content\/uploads\/2018\/11\/IMG_20181126_200406_872.jpg?resize=371%2C277&#038;ssl=1\" alt=\"\" width=\"371\" height=\"277\" srcset=\"https:\/\/i0.wp.com\/miradordeatarfe.es\/wp-content\/uploads\/2018\/11\/IMG_20181126_200406_872.jpg?w=1600&amp;ssl=1 1600w, https:\/\/i0.wp.com\/miradordeatarfe.es\/wp-content\/uploads\/2018\/11\/IMG_20181126_200406_872.jpg?resize=300%2C224&amp;ssl=1 300w, https:\/\/i0.wp.com\/miradordeatarfe.es\/wp-content\/uploads\/2018\/11\/IMG_20181126_200406_872.jpg?resize=768%2C575&amp;ssl=1 768w, https:\/\/i0.wp.com\/miradordeatarfe.es\/wp-content\/uploads\/2018\/11\/IMG_20181126_200406_872.jpg?resize=1024%2C766&amp;ssl=1 1024w, https:\/\/i0.wp.com\/miradordeatarfe.es\/wp-content\/uploads\/2018\/11\/IMG_20181126_200406_872.jpg?resize=600%2C449&amp;ssl=1 600w, https:\/\/i0.wp.com\/miradordeatarfe.es\/wp-content\/uploads\/2018\/11\/IMG_20181126_200406_872.jpg?w=1280&amp;ssl=1 1280w\" sizes=\"auto, (max-width: 371px) 100vw, 371px\" \/><\/a><\/p>\n<p><strong>Milagros Mantilla<\/strong><\/p>\n<p><a href=\"https:\/\/i0.wp.com\/miradordeatarfe.es\/wp-content\/uploads\/2018\/11\/IMG_20181126_201407_278.jpg?ssl=1\"><img data-recalc-dims=\"1\" loading=\"lazy\" decoding=\"async\" class=\"alignnone  wp-image-27312\" src=\"https:\/\/i0.wp.com\/miradordeatarfe.es\/wp-content\/uploads\/2018\/11\/IMG_20181126_201407_278.jpg?resize=385%2C288&#038;ssl=1\" alt=\"\" width=\"385\" height=\"288\" srcset=\"https:\/\/i0.wp.com\/miradordeatarfe.es\/wp-content\/uploads\/2018\/11\/IMG_20181126_201407_278.jpg?w=1600&amp;ssl=1 1600w, https:\/\/i0.wp.com\/miradordeatarfe.es\/wp-content\/uploads\/2018\/11\/IMG_20181126_201407_278.jpg?resize=300%2C224&amp;ssl=1 300w, https:\/\/i0.wp.com\/miradordeatarfe.es\/wp-content\/uploads\/2018\/11\/IMG_20181126_201407_278.jpg?resize=768%2C575&amp;ssl=1 768w, https:\/\/i0.wp.com\/miradordeatarfe.es\/wp-content\/uploads\/2018\/11\/IMG_20181126_201407_278.jpg?resize=1024%2C766&amp;ssl=1 1024w, https:\/\/i0.wp.com\/miradordeatarfe.es\/wp-content\/uploads\/2018\/11\/IMG_20181126_201407_278.jpg?resize=600%2C449&amp;ssl=1 600w, https:\/\/i0.wp.com\/miradordeatarfe.es\/wp-content\/uploads\/2018\/11\/IMG_20181126_201407_278.jpg?w=1280&amp;ssl=1 1280w\" sizes=\"auto, (max-width: 385px) 100vw, 385px\" \/><\/a><\/p>\n<p class=\"mce\" style=\"text-align: justify;\"><strong>Concepci\u00f3n Fern\u00e1ndez-Pi\u00f1ar, <\/strong><\/p>\n<p><a href=\"https:\/\/i0.wp.com\/miradordeatarfe.es\/wp-content\/uploads\/2018\/11\/IMG_20181126_195917_798.jpg?ssl=1\"><img data-recalc-dims=\"1\" loading=\"lazy\" decoding=\"async\" class=\"alignnone wp-image-27282\" src=\"https:\/\/i0.wp.com\/miradordeatarfe.es\/wp-content\/uploads\/2018\/11\/IMG_20181126_195917_798.jpg?resize=371%2C278&#038;ssl=1\" alt=\"\" width=\"371\" height=\"278\" srcset=\"https:\/\/i0.wp.com\/miradordeatarfe.es\/wp-content\/uploads\/2018\/11\/IMG_20181126_195917_798.jpg?w=1600&amp;ssl=1 1600w, https:\/\/i0.wp.com\/miradordeatarfe.es\/wp-content\/uploads\/2018\/11\/IMG_20181126_195917_798.jpg?resize=300%2C224&amp;ssl=1 300w, https:\/\/i0.wp.com\/miradordeatarfe.es\/wp-content\/uploads\/2018\/11\/IMG_20181126_195917_798.jpg?resize=768%2C575&amp;ssl=1 768w, https:\/\/i0.wp.com\/miradordeatarfe.es\/wp-content\/uploads\/2018\/11\/IMG_20181126_195917_798.jpg?resize=1024%2C766&amp;ssl=1 1024w, https:\/\/i0.wp.com\/miradordeatarfe.es\/wp-content\/uploads\/2018\/11\/IMG_20181126_195917_798.jpg?resize=600%2C449&amp;ssl=1 600w, https:\/\/i0.wp.com\/miradordeatarfe.es\/wp-content\/uploads\/2018\/11\/IMG_20181126_195917_798.jpg?w=1280&amp;ssl=1 1280w\" sizes=\"auto, (max-width: 371px) 100vw, 371px\" \/><\/a><\/p>\n<p class=\"mce\" style=\"text-align: justify;\"><strong>Mar\u00eda Izquierdo,(No pudo asistir)<br \/>\n<\/strong><\/p>\n<p><a href=\"https:\/\/i0.wp.com\/miradordeatarfe.es\/wp-content\/uploads\/2018\/11\/foto_maria.jpg?ssl=1\"><img data-recalc-dims=\"1\" loading=\"lazy\" decoding=\"async\" class=\"alignnone size-full wp-image-27283\" src=\"https:\/\/i0.wp.com\/miradordeatarfe.es\/wp-content\/uploads\/2018\/11\/foto_maria.jpg?resize=205%2C291&#038;ssl=1\" alt=\"\" width=\"205\" height=\"291\" \/><\/a><\/p>\n<p class=\"mce\" style=\"text-align: justify;\"><strong>Natividad Bullejos, <\/strong><\/p>\n<p><a href=\"https:\/\/i0.wp.com\/miradordeatarfe.es\/wp-content\/uploads\/2018\/11\/IMG_20181126_195207_605.jpg?ssl=1\"><img data-recalc-dims=\"1\" loading=\"lazy\" decoding=\"async\" class=\"alignnone wp-image-27284\" src=\"https:\/\/i0.wp.com\/miradordeatarfe.es\/wp-content\/uploads\/2018\/11\/IMG_20181126_195207_605.jpg?resize=348%2C260&#038;ssl=1\" alt=\"\" width=\"348\" height=\"260\" srcset=\"https:\/\/i0.wp.com\/miradordeatarfe.es\/wp-content\/uploads\/2018\/11\/IMG_20181126_195207_605.jpg?w=1600&amp;ssl=1 1600w, https:\/\/i0.wp.com\/miradordeatarfe.es\/wp-content\/uploads\/2018\/11\/IMG_20181126_195207_605.jpg?resize=300%2C224&amp;ssl=1 300w, https:\/\/i0.wp.com\/miradordeatarfe.es\/wp-content\/uploads\/2018\/11\/IMG_20181126_195207_605.jpg?resize=768%2C575&amp;ssl=1 768w, https:\/\/i0.wp.com\/miradordeatarfe.es\/wp-content\/uploads\/2018\/11\/IMG_20181126_195207_605.jpg?resize=1024%2C766&amp;ssl=1 1024w, https:\/\/i0.wp.com\/miradordeatarfe.es\/wp-content\/uploads\/2018\/11\/IMG_20181126_195207_605.jpg?resize=600%2C449&amp;ssl=1 600w, https:\/\/i0.wp.com\/miradordeatarfe.es\/wp-content\/uploads\/2018\/11\/IMG_20181126_195207_605.jpg?w=1280&amp;ssl=1 1280w\" sizes=\"auto, (max-width: 348px) 100vw, 348px\" \/><\/a><\/p>\n<p class=\"mce\" style=\"text-align: justify;\"><strong>Maril\u00f3 Garc\u00eda, <\/strong><\/p>\n<p><a href=\"https:\/\/i0.wp.com\/miradordeatarfe.es\/wp-content\/uploads\/2018\/11\/IMG_20181126_200935_065.jpg?ssl=1\"><img data-recalc-dims=\"1\" loading=\"lazy\" decoding=\"async\" class=\"alignnone wp-image-27285\" src=\"https:\/\/i0.wp.com\/miradordeatarfe.es\/wp-content\/uploads\/2018\/11\/IMG_20181126_200935_065.jpg?resize=358%2C268&#038;ssl=1\" alt=\"\" width=\"358\" height=\"268\" srcset=\"https:\/\/i0.wp.com\/miradordeatarfe.es\/wp-content\/uploads\/2018\/11\/IMG_20181126_200935_065.jpg?w=1600&amp;ssl=1 1600w, https:\/\/i0.wp.com\/miradordeatarfe.es\/wp-content\/uploads\/2018\/11\/IMG_20181126_200935_065.jpg?resize=300%2C224&amp;ssl=1 300w, https:\/\/i0.wp.com\/miradordeatarfe.es\/wp-content\/uploads\/2018\/11\/IMG_20181126_200935_065.jpg?resize=768%2C575&amp;ssl=1 768w, https:\/\/i0.wp.com\/miradordeatarfe.es\/wp-content\/uploads\/2018\/11\/IMG_20181126_200935_065.jpg?resize=1024%2C766&amp;ssl=1 1024w, https:\/\/i0.wp.com\/miradordeatarfe.es\/wp-content\/uploads\/2018\/11\/IMG_20181126_200935_065.jpg?resize=600%2C449&amp;ssl=1 600w, https:\/\/i0.wp.com\/miradordeatarfe.es\/wp-content\/uploads\/2018\/11\/IMG_20181126_200935_065.jpg?w=1280&amp;ssl=1 1280w\" sizes=\"auto, (max-width: 358px) 100vw, 358px\" \/><\/a><\/p>\n<p class=\"mce\" style=\"text-align: justify;\"><strong>Amalia Jim\u00e9nez\u00a0 <\/strong><\/p>\n<p><a href=\"https:\/\/i0.wp.com\/miradordeatarfe.es\/wp-content\/uploads\/2018\/11\/IMG_20181126_201130_690.jpg?ssl=1\"><img data-recalc-dims=\"1\" loading=\"lazy\" decoding=\"async\" class=\"alignnone wp-image-27286\" src=\"https:\/\/i0.wp.com\/miradordeatarfe.es\/wp-content\/uploads\/2018\/11\/IMG_20181126_201130_690.jpg?resize=361%2C270&#038;ssl=1\" alt=\"\" width=\"361\" height=\"270\" srcset=\"https:\/\/i0.wp.com\/miradordeatarfe.es\/wp-content\/uploads\/2018\/11\/IMG_20181126_201130_690.jpg?w=1600&amp;ssl=1 1600w, https:\/\/i0.wp.com\/miradordeatarfe.es\/wp-content\/uploads\/2018\/11\/IMG_20181126_201130_690.jpg?resize=300%2C224&amp;ssl=1 300w, https:\/\/i0.wp.com\/miradordeatarfe.es\/wp-content\/uploads\/2018\/11\/IMG_20181126_201130_690.jpg?resize=768%2C575&amp;ssl=1 768w, https:\/\/i0.wp.com\/miradordeatarfe.es\/wp-content\/uploads\/2018\/11\/IMG_20181126_201130_690.jpg?resize=1024%2C766&amp;ssl=1 1024w, https:\/\/i0.wp.com\/miradordeatarfe.es\/wp-content\/uploads\/2018\/11\/IMG_20181126_201130_690.jpg?resize=600%2C449&amp;ssl=1 600w, https:\/\/i0.wp.com\/miradordeatarfe.es\/wp-content\/uploads\/2018\/11\/IMG_20181126_201130_690.jpg?w=1280&amp;ssl=1 1280w\" sizes=\"auto, (max-width: 361px) 100vw, 361px\" \/><\/a><\/p>\n<p class=\"mce\" style=\"text-align: justify;\"><strong>Fermina Puerta.<\/strong><\/p>\n<p><a href=\"https:\/\/i0.wp.com\/miradordeatarfe.es\/wp-content\/uploads\/2018\/11\/IMG_20181126_202309_375.jpg?ssl=1\"><img data-recalc-dims=\"1\" loading=\"lazy\" decoding=\"async\" class=\"alignnone wp-image-27287\" src=\"https:\/\/i0.wp.com\/miradordeatarfe.es\/wp-content\/uploads\/2018\/11\/IMG_20181126_202309_375.jpg?resize=373%2C279&#038;ssl=1\" alt=\"\" width=\"373\" height=\"279\" srcset=\"https:\/\/i0.wp.com\/miradordeatarfe.es\/wp-content\/uploads\/2018\/11\/IMG_20181126_202309_375.jpg?w=1600&amp;ssl=1 1600w, https:\/\/i0.wp.com\/miradordeatarfe.es\/wp-content\/uploads\/2018\/11\/IMG_20181126_202309_375.jpg?resize=300%2C224&amp;ssl=1 300w, https:\/\/i0.wp.com\/miradordeatarfe.es\/wp-content\/uploads\/2018\/11\/IMG_20181126_202309_375.jpg?resize=768%2C575&amp;ssl=1 768w, https:\/\/i0.wp.com\/miradordeatarfe.es\/wp-content\/uploads\/2018\/11\/IMG_20181126_202309_375.jpg?resize=1024%2C766&amp;ssl=1 1024w, https:\/\/i0.wp.com\/miradordeatarfe.es\/wp-content\/uploads\/2018\/11\/IMG_20181126_202309_375.jpg?resize=600%2C449&amp;ssl=1 600w, https:\/\/i0.wp.com\/miradordeatarfe.es\/wp-content\/uploads\/2018\/11\/IMG_20181126_202309_375.jpg?w=1280&amp;ssl=1 1280w\" sizes=\"auto, (max-width: 373px) 100vw, 373px\" \/><\/a><\/p>\n<p style=\"text-align: justify;\"><strong>Mariluz Escribano, <\/strong><\/p>\n<p><a href=\"https:\/\/i0.wp.com\/miradordeatarfe.es\/wp-content\/uploads\/2018\/11\/IMG_20181126_203303_053.jpg?ssl=1\"><img data-recalc-dims=\"1\" loading=\"lazy\" decoding=\"async\" class=\"alignnone wp-image-27288\" src=\"https:\/\/i0.wp.com\/miradordeatarfe.es\/wp-content\/uploads\/2018\/11\/IMG_20181126_203303_053.jpg?resize=381%2C285&#038;ssl=1\" alt=\"\" width=\"381\" height=\"285\" srcset=\"https:\/\/i0.wp.com\/miradordeatarfe.es\/wp-content\/uploads\/2018\/11\/IMG_20181126_203303_053.jpg?w=1600&amp;ssl=1 1600w, https:\/\/i0.wp.com\/miradordeatarfe.es\/wp-content\/uploads\/2018\/11\/IMG_20181126_203303_053.jpg?resize=300%2C224&amp;ssl=1 300w, https:\/\/i0.wp.com\/miradordeatarfe.es\/wp-content\/uploads\/2018\/11\/IMG_20181126_203303_053.jpg?resize=768%2C575&amp;ssl=1 768w, https:\/\/i0.wp.com\/miradordeatarfe.es\/wp-content\/uploads\/2018\/11\/IMG_20181126_203303_053.jpg?resize=1024%2C766&amp;ssl=1 1024w, https:\/\/i0.wp.com\/miradordeatarfe.es\/wp-content\/uploads\/2018\/11\/IMG_20181126_203303_053.jpg?resize=600%2C449&amp;ssl=1 600w, https:\/\/i0.wp.com\/miradordeatarfe.es\/wp-content\/uploads\/2018\/11\/IMG_20181126_203303_053.jpg?w=1280&amp;ssl=1 1280w\" sizes=\"auto, (max-width: 381px) 100vw, 381px\" \/><\/a><\/p>\n<div class=\"td-post-content\" style=\"text-align: justify;\">\n<p>Remedios S\u00e1nchez\u00a0Profesora Titular de Did\u00e1ctica de la Literatura en la Universidad de Granada y Vicepresidenta\u00a0de la Asociaci\u00f3n Colegial de Escritores de Espa\u00f1a recuerda como hace\u00a0ahora cuarenta a\u00f1os, en\u00a0 la Espa\u00f1a todav\u00eda en blanco y negro de 1978, se respiraba un\u00a0deseo de libertad, de traspasar\u00a0cuatro ominosas d\u00e9cadas de dictadura, represi\u00f3n y\u00a0silencio. Un recordatorio que ha hecho en la conferencia\u00a0celebrada en la Subdelegaci\u00f3n del Gobierno en Granada titulada \u201cGranadinas por la libertad: once figuras femeninas para la democracia espa\u00f1ola\u201d, y que se enmarca en los actos programados por la Subdedelegaci\u00f3n del Gobierno, con motivo de la celebraci\u00f3n del 40 aniversario de la Constituci\u00f3n espa\u00f1ola.<\/p>\n<p><a href=\"https:\/\/i0.wp.com\/miradordeatarfe.es\/wp-content\/uploads\/2018\/11\/IMG_20181126_191143_976.jpg?ssl=1\"><img data-recalc-dims=\"1\" loading=\"lazy\" decoding=\"async\" class=\"alignnone wp-image-27289\" src=\"https:\/\/i0.wp.com\/miradordeatarfe.es\/wp-content\/uploads\/2018\/11\/IMG_20181126_191143_976.jpg?resize=503%2C376&#038;ssl=1\" alt=\"\" width=\"503\" height=\"376\" srcset=\"https:\/\/i0.wp.com\/miradordeatarfe.es\/wp-content\/uploads\/2018\/11\/IMG_20181126_191143_976.jpg?w=820&amp;ssl=1 820w, https:\/\/i0.wp.com\/miradordeatarfe.es\/wp-content\/uploads\/2018\/11\/IMG_20181126_191143_976.jpg?resize=300%2C224&amp;ssl=1 300w, https:\/\/i0.wp.com\/miradordeatarfe.es\/wp-content\/uploads\/2018\/11\/IMG_20181126_191143_976.jpg?resize=768%2C574&amp;ssl=1 768w, https:\/\/i0.wp.com\/miradordeatarfe.es\/wp-content\/uploads\/2018\/11\/IMG_20181126_191143_976.jpg?resize=600%2C449&amp;ssl=1 600w\" sizes=\"auto, (max-width: 503px) 100vw, 503px\" \/><\/a><\/p>\n<p>Remedios S\u00e1nchez se\u00f1ala como hab\u00eda ciudades con un dolor singular, como es\u00a0el caso de Granada, nunca recuperada de la muerte de\u00a0Federico y de tantos intelectuales l\u00facidos que en aquel\u00a0tiempo hicieron de nuestra provincia un referente.<\/p>\n<p>En\u00a0las \u00faltimas d\u00e9cadas se ha trabajado en la recuperaci\u00f3nnecesaria de su memoria, pero ahora toca tambi\u00e9n\u00a0reivindicar los nombres clave que trajeron con sus manos\u00a0limpias y su deseo de cambio la democracia a nuestro\u00a0pa\u00eds.<\/p>\n<p>Hasta no hace mucho ese rescate imprescindible se ha centrado en figuras masculinas que inauguraron un\u00a0tiempo nuevo, pero para que la verdad resplandezca en\u00a0su plenitud queda ahora rescatar del olvido los nombres\u00a0y los hechos de las grandes mujeres que igualmente estuvieron en la vanguardia del cambio y tuvieron un\u00a0papel esencial en la trasformaci\u00f3n hacia una sociedad\u00a0con valores democr\u00e1ticos.<\/p>\n<p>Esas mujeres, que fueron\u00a0pioneras en su tiempo, una br\u00fajula de ilusi\u00f3n entusiasta y un espejo en el que mirarnos, son las protagonistas\u00a0de este necesario homenaje. Porque dentro de las\u00a0estructuras patriarcales de la \u00e9poca, todas se jugaron\u00a0su porvenir por participar en la construcci\u00f3n de una\u00a0sociedad plural, libre, democr\u00e1tica y comprometida.<\/p>\n<p>Su ejemplo no debe ser olvidado por las nuevas\u00a0generaciones. Y por eso, ha llegado el momento de que,\u00a0ellas, que siempre estuvieron trabajando por el bien com\u00fan, con discreci\u00f3n y sin esperar nada a cambio,\u00a0reciban el aplauso, el recuerdo cari\u00f1oso y la admiraci\u00f3n\u00a0de la ciudadan\u00eda.<\/p>\n<\/div>\n<p class=\"mce\" style=\"text-align: justify;\">Adem\u00e1s, estuvieron tambi\u00e9n presentes la subdelegada del Gobierno en Granada, Inmaculada L\u00f3pez Calahorro y el presidente de la Diputaci\u00f3n Provincial, Pepe Entrena<\/p>\n<p style=\"text-align: justify;\"><a href=\"https:\/\/i0.wp.com\/miradordeatarfe.es\/wp-content\/uploads\/2018\/11\/granadinasporlalibertad_.png?ssl=1\"><img data-recalc-dims=\"1\" loading=\"lazy\" decoding=\"async\" class=\"alignnone size-full wp-image-27276\" src=\"https:\/\/i0.wp.com\/miradordeatarfe.es\/wp-content\/uploads\/2018\/11\/granadinasporlalibertad_.png?resize=640%2C449&#038;ssl=1\" alt=\"\" width=\"640\" height=\"449\" srcset=\"https:\/\/i0.wp.com\/miradordeatarfe.es\/wp-content\/uploads\/2018\/11\/granadinasporlalibertad_.png?w=846&amp;ssl=1 846w, https:\/\/i0.wp.com\/miradordeatarfe.es\/wp-content\/uploads\/2018\/11\/granadinasporlalibertad_.png?resize=300%2C210&amp;ssl=1 300w, https:\/\/i0.wp.com\/miradordeatarfe.es\/wp-content\/uploads\/2018\/11\/granadinasporlalibertad_.png?resize=768%2C538&amp;ssl=1 768w, https:\/\/i0.wp.com\/miradordeatarfe.es\/wp-content\/uploads\/2018\/11\/granadinasporlalibertad_.png?resize=600%2C421&amp;ssl=1 600w\" sizes=\"auto, (max-width: 640px) 100vw, 640px\" \/><\/a><\/p>\n<p style=\"text-align: justify;\">\n<\/div>\n<\/div>\n<div class=\" spklw-5spa00bmveoecdi\" data-spklw-widget=\"widget-5559c7a8296d0\" data-spklw-id=\"rhxzodzt2i\" data-spklw-client-id=\"widget-5559c7a8296d0\" data-spklw-widget-id=\"article-1\" data-spklw-initialized=\"1\" data-spklw-rendered=\"1\">\n<div class=\"spklw-widget spklw-near-view spklw-in-view\">\n<div class=\"spklw-header\" style=\"text-align: justify;\"><\/div>\n<\/div>\n<\/div>\n","protected":false},"excerpt":{"rendered":"<p>La Subdelegaci\u00f3n del Gobierno en Granada acogi\u00f3 el lunes\u00a0 una conferencia en el marco de&#8230;<\/p>\n","protected":false},"author":1,"featured_media":27275,"comment_status":"closed","ping_status":"closed","sticky":false,"template":"","format":"standard","meta":{"_coblocks_attr":"","_coblocks_dimensions":"","_coblocks_responsive_height":"","_coblocks_accordion_ie_support":"","jetpack_post_was_ever_published":false,"_jetpack_newsletter_access":"","_jetpack_dont_email_post_to_subs":false,"_jetpack_newsletter_tier_id":0,"_jetpack_memberships_contains_paywalled_content":false,"_jetpack_memberships_contains_paid_content":false,"footnotes":"","jetpack_publicize_message":"","jetpack_publicize_feature_enabled":true,"jetpack_social_post_already_shared":false,"jetpack_social_options":{"image_generator_settings":{"template":"highway","default_image_id":0,"enabled":false},"version":2}},"categories":[1161,14,186,44,6539,15],"tags":[1120,129,5493,5494],"class_list":["post-27274","post","type-post","status-publish","format-standard","has-post-thumbnail","hentry","category-ciudadania","category-feminismo","category-instituciones","category-noticias-de-hoy","category-personajes-de-ataref","category-ultimas-noticias","tag-constitucion","tag-granada","tag-mujeres-por-la-libertad","tag-subdelegacion"],"jetpack_publicize_connections":[],"jetpack_featured_media_url":"https:\/\/i0.wp.com\/miradordeatarfe.es\/wp-content\/uploads\/2018\/11\/Conferencia-Mujeres-003.jpg?fit=900%2C531&ssl=1","jetpack_likes_enabled":true,"jetpack_sharing_enabled":true,"_links":{"self":[{"href":"https:\/\/miradordeatarfe.es\/index.php?rest_route=\/wp\/v2\/posts\/27274","targetHints":{"allow":["GET"]}}],"collection":[{"href":"https:\/\/miradordeatarfe.es\/index.php?rest_route=\/wp\/v2\/posts"}],"about":[{"href":"https:\/\/miradordeatarfe.es\/index.php?rest_route=\/wp\/v2\/types\/post"}],"author":[{"embeddable":true,"href":"https:\/\/miradordeatarfe.es\/index.php?rest_route=\/wp\/v2\/users\/1"}],"replies":[{"embeddable":true,"href":"https:\/\/miradordeatarfe.es\/index.php?rest_route=%2Fwp%2Fv2%2Fcomments&post=27274"}],"version-history":[{"count":5,"href":"https:\/\/miradordeatarfe.es\/index.php?rest_route=\/wp\/v2\/posts\/27274\/revisions"}],"predecessor-version":[{"id":35881,"href":"https:\/\/miradordeatarfe.es\/index.php?rest_route=\/wp\/v2\/posts\/27274\/revisions\/35881"}],"wp:featuredmedia":[{"embeddable":true,"href":"https:\/\/miradordeatarfe.es\/index.php?rest_route=\/wp\/v2\/media\/27275"}],"wp:attachment":[{"href":"https:\/\/miradordeatarfe.es\/index.php?rest_route=%2Fwp%2Fv2%2Fmedia&parent=27274"}],"wp:term":[{"taxonomy":"category","embeddable":true,"href":"https:\/\/miradordeatarfe.es\/index.php?rest_route=%2Fwp%2Fv2%2Fcategories&post=27274"},{"taxonomy":"post_tag","embeddable":true,"href":"https:\/\/miradordeatarfe.es\/index.php?rest_route=%2Fwp%2Fv2%2Ftags&post=27274"}],"curies":[{"name":"wp","href":"https:\/\/api.w.org\/{rel}","templated":true}]}}