{"id":27295,"date":"2018-11-29T11:09:23","date_gmt":"2018-11-29T10:09:23","guid":{"rendered":"http:\/\/miradordeatarfe.es\/?p=27295"},"modified":"2018-11-27T17:14:57","modified_gmt":"2018-11-27T16:14:57","slug":"el-encendido-del-alumbrado-navideno-de-la-capital-se-adelanta-a-este-viernes-30-de-noviembre","status":"publish","type":"post","link":"https:\/\/miradordeatarfe.es\/?p=27295","title":{"rendered":"El encendido del alumbrado navide\u00f1o de la capital se adelanta a este viernes, 30 de noviembre"},"content":{"rendered":"<p style=\"text-align: justify;\">Estrella Morente accionar\u00e1 un \u00absorprendente\u00bb espect\u00e1culo de luz y sonido en la plaza del Carmen. <!--more--><\/p>\n<div id=\"main\">\n<div class=\"item\">\n<div class=\"cols2-2\">\n<div class=\"colA\">\n<div class=\"cuerpo\">\n<p style=\"text-align: justify;\">El Ayuntamiento de Granada adelanta la bienvenida a la Navidad de 2018 a este viernes, d\u00eda 30 de noviembre, con el tradicional encendido del alumbrado navide\u00f1o que, este a\u00f1o, correr\u00e1 a cargo de la cantaora Estrella Morente y contar\u00e1, a su vez, con el estreno de un \u201csorprendente\u201d espect\u00e1culo de luz y sonido en plaza del Carmen a las 19.30 horas, seg\u00fan el Consistorio.<\/p>\n<p style=\"text-align: justify;\">Estas son algunas de las novedades de la campa\u00f1a de Navidad presentada este lunes por la portavoz adjunta del equipo de gobierno y concejal de Presidencia, Ana Mu\u00f1oz Arquelladas, y la concejala de Turismo y Comercio en el Ayuntamiento de Granada,\u00a0 Raquel Ruz,\u00a0 quien ha destacado que Granada va a disfrutar esta Navidad de una intensa y completa programaci\u00f3n cultural y de ocio,\u00a0 \u201ccon las que este equipo de gobierno muestra su apuesta decidida en apoyo y promoci\u00f3n del comercio de cercan\u00eda y de calidad de Granada y sus barrios y del turismo\u201d.<\/p>\n<p style=\"text-align: justify;\">As\u00ed, la concejala de Turismo y Comercio, Raquel Ruz, ha calificado de \u201cacierto\u201d la decisi\u00f3n municipal de adelantar el encendido del alumbrado, situaci\u00f3n que se ha producido en \u201cciudades pr\u00f3ximas a la nuestra\u201d, con lo que \u201cGranada se refuerza como destino tur\u00edstico en fechas tan entra\u00f1ables y familiares como la Navidad, pero, sobre todo, aumenta el reclamo para potenciar y favorecer nuestro comercio, tanto en el Centro como en nuestros barrios\u201d.<\/p>\n<p style=\"text-align: justify;\">La ciudad incorpora este a\u00f1o a su oferta navide\u00f1a <strong>un espect\u00e1culo de luz y sonido, del que no se ha desvelado dato alguno \u201cpara mantener la expectaci\u00f3n y la sorpresa\u201d,<\/strong> ha resaltado Mu\u00f1oz Arquelladas, que se estrenar\u00e1 en el acto inaugural del encendido del alumbrado navide\u00f1o previsto<strong> este viernes a las 19.30 horas y se proyectar\u00e1 a lo largo de toda la Navidad en dos pases diarios a las 19.00 horas y 21.00 horas en plaza del Carmen hasta el d\u00eda 6 de enero<\/strong>. El espect\u00e1culo ha contado con el patrocinio de Cervezas Alhambra.<\/p>\n<p style=\"text-align: justify;\">Granada lucir\u00e1 esta Navidad m\u00e1s de dos millones de puntos de luz, que vuelven a ser tecnolog\u00eda 100% Led, en un alumbrado navide\u00f1o que se podr\u00e1 disfrutar en toda la ciudad. Destaca por su monumentalidad el tradicional abeto de m\u00e1s de 20 metros de altura de plaza Bib-rambla; tres almendros de 6 y 8 metros de altura en Puerta Real; las tradicionales figuras de los tres Reyes Magos, en Fuente e las Batallas, y la instalaci\u00f3n de 42 motivos semejantes a gotas de agua en plaza del Carmen.<\/p>\n<p style=\"text-align: justify;\">As\u00ed, con un presupuesto de 212.382 euros, Granada contar\u00e1 con 2.223.453 bombillas de bajo consumo distribuidas por toda la ciudad, que lucir\u00e1n desde 18.30 horas hasta las 0.00, con excepci\u00f3n de los vienes, s\u00e1bados y v\u00edspera\u00a0 de festivo que funcionar\u00e1n hasta las 3 de la madrugada. El Centro, con 1.445.05 puntos de luz mantendr\u00e1 id\u00e9ntico horario, si bien en Nochebuena y Nochevieja permanecer\u00e1n encendidas hasta las 6 horas.<\/p>\n<p style=\"text-align: justify;\">En los barrios se prev\u00e9 la instalaci\u00f3n de 283 arcos en las principales v\u00edas, la decoraci\u00f3n de 26 faroles, mientras que se engalanar\u00e1n numerosos \u00e1rboles, dice el Ayuntamiento.<\/p>\n<p>http:\/\/www.elindependientedegranada.es\/ciudadania\/encendido-alumbrado-navideno-capital-adelanta-viernes-30-noviembre<\/p>\n<div class=\"firma\">FOTO:granadaescultura.com<\/div>\n<div class=\"pie\">Bibrambla volver\u00e1 a tener un \u00e1rbol de m\u00e1s de 20 metros de altura.<\/div>\n<\/div>\n<\/div>\n<\/div>\n<\/div>\n<\/div>\n","protected":false},"excerpt":{"rendered":"<p>Estrella Morente accionar\u00e1 un \u00absorprendente\u00bb espect\u00e1culo de luz y sonido en la plaza del Carmen.<\/p>\n","protected":false},"author":1,"featured_media":27296,"comment_status":"closed","ping_status":"closed","sticky":false,"template":"","format":"standard","meta":{"_coblocks_attr":"","_coblocks_dimensions":"","_coblocks_responsive_height":"","_coblocks_accordion_ie_support":"","jetpack_post_was_ever_published":false,"_jetpack_newsletter_access":"","_jetpack_dont_email_post_to_subs":false,"_jetpack_newsletter_tier_id":0,"_jetpack_memberships_contains_paywalled_content":false,"_jetpack_memberships_contains_paid_content":false,"footnotes":"","jetpack_publicize_message":"","jetpack_publicize_feature_enabled":true,"jetpack_social_post_already_shared":false,"jetpack_social_options":{"image_generator_settings":{"template":"highway","default_image_id":0,"enabled":false},"version":2}},"categories":[1161,186,44,15],"tags":[129,1826],"class_list":["post-27295","post","type-post","status-publish","format-standard","has-post-thumbnail","hentry","category-ciudadania","category-instituciones","category-noticias-de-hoy","category-ultimas-noticias","tag-granada","tag-navidad"],"jetpack_publicize_connections":[],"jetpack_featured_media_url":"https:\/\/i0.wp.com\/miradordeatarfe.es\/wp-content\/uploads\/2018\/11\/bibrambla-navidad-encuadres-jose-cervera-660x330.jpg?fit=660%2C330&ssl=1","jetpack_likes_enabled":true,"jetpack_sharing_enabled":true,"_links":{"self":[{"href":"https:\/\/miradordeatarfe.es\/index.php?rest_route=\/wp\/v2\/posts\/27295","targetHints":{"allow":["GET"]}}],"collection":[{"href":"https:\/\/miradordeatarfe.es\/index.php?rest_route=\/wp\/v2\/posts"}],"about":[{"href":"https:\/\/miradordeatarfe.es\/index.php?rest_route=\/wp\/v2\/types\/post"}],"author":[{"embeddable":true,"href":"https:\/\/miradordeatarfe.es\/index.php?rest_route=\/wp\/v2\/users\/1"}],"replies":[{"embeddable":true,"href":"https:\/\/miradordeatarfe.es\/index.php?rest_route=%2Fwp%2Fv2%2Fcomments&post=27295"}],"version-history":[{"count":1,"href":"https:\/\/miradordeatarfe.es\/index.php?rest_route=\/wp\/v2\/posts\/27295\/revisions"}],"predecessor-version":[{"id":27297,"href":"https:\/\/miradordeatarfe.es\/index.php?rest_route=\/wp\/v2\/posts\/27295\/revisions\/27297"}],"wp:featuredmedia":[{"embeddable":true,"href":"https:\/\/miradordeatarfe.es\/index.php?rest_route=\/wp\/v2\/media\/27296"}],"wp:attachment":[{"href":"https:\/\/miradordeatarfe.es\/index.php?rest_route=%2Fwp%2Fv2%2Fmedia&parent=27295"}],"wp:term":[{"taxonomy":"category","embeddable":true,"href":"https:\/\/miradordeatarfe.es\/index.php?rest_route=%2Fwp%2Fv2%2Fcategories&post=27295"},{"taxonomy":"post_tag","embeddable":true,"href":"https:\/\/miradordeatarfe.es\/index.php?rest_route=%2Fwp%2Fv2%2Ftags&post=27295"}],"curies":[{"name":"wp","href":"https:\/\/api.w.org\/{rel}","templated":true}]}}