{"id":27298,"date":"2018-11-28T18:55:11","date_gmt":"2018-11-28T17:55:11","guid":{"rendered":"http:\/\/miradordeatarfe.es\/?p=27298"},"modified":"2018-11-28T13:58:43","modified_gmt":"2018-11-28T12:58:43","slug":"atarfe-50-aniversario-del-ies-iliberis","status":"publish","type":"post","link":"https:\/\/miradordeatarfe.es\/?p=27298","title":{"rendered":"ATARFE: 50 aniversario del IES ILIBERIS"},"content":{"rendered":"<p style=\"text-align: justify;\">Ma\u00f1ana se inician los actos del <a class=\"profileLink\" href=\"https:\/\/www.facebook.com\/aniversario.iesiliberis.3?__tn__=K-R&amp;eid=ARBj6pQXpPKJDBoOrVOgCn5_sQrbgQQKRKWIEyVaYfMDBAfDlZQFt-FjhmVyZksgrnSP29WSFa5FXzOy&amp;fref=mentions&amp;__xts__%5B0%5D=68.ARD90nk_uQ37WHY74PjK_djOgWd8vILC0K_p5E92GbekOU8o5K7SrF6UUQWuqUt0pu9-iHeOZHOpqzDs8ccx4E3_0YwiuawbsaoA8sb08_MxByal8T890X049ilraDhQtUMh9I-EZNutweqefBvGOJjmsEvhpHSdpeswl143AGRpPhd2MRmKhpYohhlofKiZqbaJO0o0XMdMuLqQzsobgiUxzghiBpFcuXUIRSSY9D-U5Y1vw6L96BwYYueX9hScO38AUsSBgkjjzlU93elJn8awxlJBAb0yTY2VwOystvspzOHlvPoM8-62VbHrEt0xu5688KU2niWlqw8CX03_zOWEQQ\" data-hovercard=\"\/ajax\/hovercard\/user.php?id=100017112315549&amp;extragetparams=%7B%22__tn__%22%3A%22%2CdK-R-R%22%2C%22eid%22%3A%22ARBj6pQXpPKJDBoOrVOgCn5_sQrbgQQKRKWIEyVaYfMDBAfDlZQFt-FjhmVyZksgrnSP29WSFa5FXzOy%22%2C%22fref%22%3A%22mentions%22%7D\" data-hovercard-prefer-more-content-show=\"1\">Cincuenta Aniversario Ies Il\u00edberis<\/a> con un amplio programa de actividades que permitir\u00e1 repasar el medio siglo de historia del instituto a trav\u00e9s de la mirada de antiguos alumnos y profesores.<!--more--><\/p>\n<p style=\"text-align: justify;\">Queremos trasladar nuestra felicitaci\u00f3n a profesores, alumnos y AMPA por tan importante aniversario, y nuestro m\u00e1s sincero agradecimiento a todas las personas que han formado parte de la comunidad educativa del IES Il\u00edberis en los \u00faltimos 50 a\u00f1os.<\/p>\n<p style=\"text-align: justify;\">Todos el<span class=\"text_exposed_show\">los han contribuido a la formaci\u00f3n integral de muchos vecinos y vecinas de Atarfe y municipios lim\u00edtrofes. <\/span><\/p>\n<p style=\"text-align: justify;\"><span class=\"text_exposed_show\">Hace 50 a\u00f1os el IES Il\u00edberis abr\u00eda las puertas en un acto al que asisti\u00f3 el alcalde de Atarfe, Alfonso Bail\u00f3n Verdejo, y el entonces rector de la Universidad de Granada, Federico Mayor Zaragoza.<\/span><\/p>\n<p style=\"text-align: justify;\"><span class=\"text_exposed_show\">Gracias a la colecci\u00f3n de im\u00e1genes de Jos\u00e9 Enrique Granados, contamos hoy con un documento gr\u00e1fico de tan importante momento. Medio siglo despu\u00e9s de su inauguraci\u00f3n, el IES Il\u00edberis es hoy, junto al resto de centros educativos de Atarfe, una de nuestras se\u00f1as de identidad, referente en su compromiso contra la exclusi\u00f3n social como lo demuestra el Premio Nacional de Educaci\u00f3n que obtuvo en 2015. \u00a1Muchas felicidades!<\/span><\/p>\n<p style=\"text-align: justify;\">AYUNTAMIENTO DE ATARFE<\/p>\n","protected":false},"excerpt":{"rendered":"<p>Ma\u00f1ana se inician los actos del Cincuenta Aniversario Ies Il\u00edberis con un amplio programa de&#8230;<\/p>\n","protected":false},"author":1,"featured_media":27299,"comment_status":"closed","ping_status":"closed","sticky":false,"template":"","format":"standard","meta":{"_coblocks_attr":"","_coblocks_dimensions":"","_coblocks_responsive_height":"","_coblocks_accordion_ie_support":"","jetpack_post_was_ever_published":false,"_jetpack_newsletter_access":"","_jetpack_dont_email_post_to_subs":false,"_jetpack_newsletter_tier_id":0,"_jetpack_memberships_contains_paywalled_content":false,"_jetpack_memberships_contains_paid_content":false,"footnotes":"","jetpack_publicize_message":"","jetpack_publicize_feature_enabled":true,"jetpack_social_post_already_shared":false,"jetpack_social_options":{"image_generator_settings":{"template":"highway","default_image_id":0,"enabled":false},"version":2}},"categories":[2,187,1161,44,15],"tags":[373,81,864,1971],"class_list":["post-27298","post","type-post","status-publish","format-standard","has-post-thumbnail","hentry","category-atarfe","category-centros-educativos","category-ciudadania","category-noticias-de-hoy","category-ultimas-noticias","tag-aniversario","tag-atarfe","tag-ayuntamiento","tag-instituciones"],"jetpack_publicize_connections":[],"jetpack_featured_media_url":"https:\/\/i0.wp.com\/miradordeatarfe.es\/wp-content\/uploads\/2018\/11\/46977845_2062885713775288_8959851792967925760_n.jpg?fit=960%2C631&ssl=1","jetpack_likes_enabled":true,"jetpack_sharing_enabled":true,"_links":{"self":[{"href":"https:\/\/miradordeatarfe.es\/index.php?rest_route=\/wp\/v2\/posts\/27298","targetHints":{"allow":["GET"]}}],"collection":[{"href":"https:\/\/miradordeatarfe.es\/index.php?rest_route=\/wp\/v2\/posts"}],"about":[{"href":"https:\/\/miradordeatarfe.es\/index.php?rest_route=\/wp\/v2\/types\/post"}],"author":[{"embeddable":true,"href":"https:\/\/miradordeatarfe.es\/index.php?rest_route=\/wp\/v2\/users\/1"}],"replies":[{"embeddable":true,"href":"https:\/\/miradordeatarfe.es\/index.php?rest_route=%2Fwp%2Fv2%2Fcomments&post=27298"}],"version-history":[{"count":1,"href":"https:\/\/miradordeatarfe.es\/index.php?rest_route=\/wp\/v2\/posts\/27298\/revisions"}],"predecessor-version":[{"id":27300,"href":"https:\/\/miradordeatarfe.es\/index.php?rest_route=\/wp\/v2\/posts\/27298\/revisions\/27300"}],"wp:featuredmedia":[{"embeddable":true,"href":"https:\/\/miradordeatarfe.es\/index.php?rest_route=\/wp\/v2\/media\/27299"}],"wp:attachment":[{"href":"https:\/\/miradordeatarfe.es\/index.php?rest_route=%2Fwp%2Fv2%2Fmedia&parent=27298"}],"wp:term":[{"taxonomy":"category","embeddable":true,"href":"https:\/\/miradordeatarfe.es\/index.php?rest_route=%2Fwp%2Fv2%2Fcategories&post=27298"},{"taxonomy":"post_tag","embeddable":true,"href":"https:\/\/miradordeatarfe.es\/index.php?rest_route=%2Fwp%2Fv2%2Ftags&post=27298"}],"curies":[{"name":"wp","href":"https:\/\/api.w.org\/{rel}","templated":true}]}}