{"id":27301,"date":"2018-12-07T11:08:34","date_gmt":"2018-12-07T10:08:34","guid":{"rendered":"http:\/\/miradordeatarfe.es\/?p=27301"},"modified":"2020-06-26T12:53:16","modified_gmt":"2020-06-26T10:53:16","slug":"el-25n-y-la-sociedad-atarfena-por-jose-enrique-granados","status":"publish","type":"post","link":"https:\/\/miradordeatarfe.es\/?p=27301","title":{"rendered":"\u00bb EL 25N Y LA SOCIEDAD ATARFE\u00d1A\u00bbpor Jos\u00e9 Enrique Granados"},"content":{"rendered":"<div id=\"js_1u\" class=\"_5pbx userContent _3576\" data-ad-preview=\"message\" data-ft=\"{&quot;tn&quot;:&quot;K&quot;}\">\n<p style=\"text-align: justify;\">El dia 25N celebramos el d\u00eda internacional contra la violencia de g\u00e9nero que est\u00e1 presente en la sociedad en forma de agresiones y abusos con miles de v\u00edctimas en todo el mundo. Hace unos a\u00f1os en el especial de las fiestas de IDEAL, nuestra amiga <strong>Ana Mar\u00eda Guerrero Pozo<\/strong> escribi\u00f3 sobre los malos tratos, art\u00edculo que transcribimos a continuaci\u00f3n.<!--more--><\/p>\n<p style=\"text-align: justify;\"><em>\u201cSe que hay muchos art\u00edculos en peri\u00f3dicos y revistas que hablan sobre este tema, pero no quer\u00eda dejar pasar la ocasi\u00f3n para manifestar mi entera repulsa ante estos hechos, y dar mi opini\u00f3n junto a algunas ideas, que ojal\u00e1 puedan ayudar a alguna de esas mujeres a quitarse el yugo que las oprime.<\/em><\/p>\n<p style=\"text-align: justify;\"><em>Pienso que es un deber de todos, el poner nuestro granito de arena para que esta sociedad sea un poco m\u00e1s justa y d\u00e9 la clave para que cada vez ocurran menos casos de malos tratos. La mujer, en esto, tiene el papel m\u00e1s importante, pues ella es la que puede dar las pautas para una buena educaci\u00f3n, desde la cuna, ense\u00f1ando a los hijos el respeto y cari\u00f1o hacia los dem\u00e1s, que la madre no es una \u201cmula de carga\u201d siempre dispuesta a todo, a no estar siempre con el varapalo para hacerte obedecer, pues siempre se ha dicho que se cazan m\u00e1s moscas con una gota de miel que con un barril de vinagre.<\/em><\/p>\n<p style=\"text-align: justify;\"><em>No existe un tipo de mujer predispuesta para recibir un trato vejatorio e inhumano por parte de su \u201cmarido\u201d, pues hay muchas diferencias de clase, educaci\u00f3n, cultura, etc., lo que las une, es el aguante ante este tipo de vida y el no demostrar al exterior el infierno que les supone el d\u00eda a d\u00eda. Yo no entiendo a algunas de esas mujeres cuando dicen \u201csufro, pero lo quiero mucho\u201d y \u201cno soy capaz de dejarlo, pues luego se arrepiente y parece otro\u201d. Son mujeres \u201can\u00f3nimas\u201d, indefensas, humilladas muchas veces, menospreciadas, que se vuelven incapaces de defender a sus hijos y a ellas mismas, ante ese tirano despreciable que es su \u201cmarido\u201d.<\/em><\/p>\n<p style=\"text-align: justify;\"><em>La mujer siempre ha estado muy presionada socialmente, y en muchos casos ha pasado del maltrato del padre al maltrato del marido. La mayor\u00eda de las veces est\u00e1 frustrada, tanto si trabaja fuera de casa, como si no. Casi ninguna tiene las mismas oportunidades que el hombre y eso puede llevar a la desesperaci\u00f3n, a auto marginarse y a aguantar todo lo que le echen, pensando que no tiene otras salidas. La falta de autonom\u00eda econ\u00f3mica, entre otros factores, favorece la aparici\u00f3n de situaciones de fuerte dependencia que las hace m\u00e1s vulnerables y puede llegar a constituirse en un foco de violencia continuada.<\/em><\/p>\n<p style=\"text-align: justify;\"><em>Las mujeres del siglo XXI siguen siendo v\u00edctimas de la violencia masculina, tienen a\u00fan demasiados obst\u00e1culos para acceder al poder, cualquiera que \u00e9ste sea, pues a\u00fan vivimos en una \u00e9poca machista.<\/em><\/p>\n<p style=\"text-align: justify;\"><em>La lectura de un libro escrito por el Dr. Miguel Llorente Acosta, profesor de Medicina Legal de la Universidad de Granada, me ha resultado muy impactante, tanto su t\u00edtulo \u201cMi marido me pega lo normal\u201d, como su contenido. El autor cuenta su experiencia como m\u00e9dico forense, y \u00e9l mejor que nadie sabe c\u00f3mo la brutalidad se oculta, se disfraza y se convierte en algo cotidiano de la vida en pareja.<\/em><\/p>\n<p style=\"text-align: justify;\"><em>El reconocimiento de las agresiones est\u00e1 obstaculizado por una multitud de creencias, explicaciones y justificaciones incluso por parte de las mismas mujeres y por las madres de \u00e9stas. Siempre se trata de justificar al verdugo y de cubrir las apariencias. Cuando la mujer recibe el primer golpe se queda inm\u00f3vil, vac\u00eda, incr\u00e9dula ante su destino, llena de dudas y sabiendo que ser\u00e1 el primero de una cadena. Se encontrar\u00e1 sola para abordarlo, nadie le echar\u00e1 una mano, la misma familia no sabe si est\u00e1 bien o si est\u00e1 mal, si el motivo est\u00e1 \u201cjustificado\u201d, si la culpa es del marido o de ella misma que \u201cprovoca\u201d la agresi\u00f3n. Existe un enorme desequilibrio de fuerzas a favor del agresor, del hombre, y la mayor\u00eda de las mujeres esperan recibir m\u00e1s \u201cpalos\u201d en muchos a\u00f1os, hasta darse cuenta de que no se trata de un mal sue\u00f1o sino de una realidad injusta contra la que se puede luchar, aun en contra de sus propios hijos. Hay mucha gente, quiz\u00e1 demasiada, que trata de minimizar la importancia de los malos tratos, creen que los \u201ctrapos sucios\u201d hay que lavarlos en casa porque son problemas \u201cprivados\u201d de la intimidad de la pareja.<\/em><\/p>\n<p style=\"text-align: justify;\"><em>Existen muchos dramas en el camino, uno de ellos es cuando las v\u00edctimas dan el paso para denunciar el calvario que es su vida, las mismas fuerzas del orden las hacen desistir del empe\u00f1o de denunciar hasta que pasa lo peor y ya&#8230; no hay remedio. Si consiguen salvar este obst\u00e1culo y llegan a juicio terminan, en algunos casos, con la absoluci\u00f3n del acusado o en una detenci\u00f3n rid\u00edcula comparada con el mal que ha hecho.<\/em><\/p>\n<p style=\"text-align: justify;\"><em>Yo me hago algunas preguntas: \u00bfpor qu\u00e9 siendo la v\u00edctima, se tiene que ir de su casa, de su entorno familiar, en algunos casos estar \u201cprisionera\u201d y vivir otra vida distinta a la suya? \u00bfPorque ese desarraigo de su vida anterior, cuando lo \u00fanico que ha hecho es aguantar y sufrir? Se hacen estad\u00edsticas sobre el n\u00famero de mujeres que mueren por malos tratos, \u00bfy las que llegan al suicidio por no poder afrontar, no s\u00f3lo los malos tratos f\u00edsicos, sino las vejaciones y la poca estima que se llegan a tener ellas mismas?<\/em><\/p>\n<p style=\"text-align: justify;\"><em>Seg\u00fan fuentes autorizadas en la materia la mente del hombre y de la mujer son diferentes. El hombre est\u00e1 menos preparado para ver sus problemas internos, sus comportamientos, sus sentimientos. La mujer se siente mucho m\u00e1s libre para profundizar en ella misma. Al hombre que maltrata le es dif\u00edcil enfrentarse a sus errores, a sus frustraciones, se r\u00ede de sus ataques de c\u00f3lera y lleva la negaci\u00f3n de lo que ha hecho a l\u00edmites extremos, no puede ver que nada de lo que ha llevado a cabo, \u00e9ste mal, por lo que no siente culpa, es fr\u00edo en sus motivaciones y seg\u00fan algunos reputados especialistas \u201ctiene mucho que ver la infancia y el aprendizaje de cada individuos para llegar a cometer estos actos\u201d.<\/em><\/p>\n<p style=\"text-align: justify;\"><em>La pasividad y la agresividad son actitudes que est\u00e1n sumamente unidas, y una persona que haya aguantado mucho durante su vida, que lo hay pasado mal, aunque en principio sea buena, puede hartarse de todo y llegar a lo \u00faltimo, dar muerte a una persona.<\/em><\/p>\n<p><a href=\"https:\/\/i0.wp.com\/miradordeatarfe.es\/wp-content\/uploads\/2018\/11\/45344852_2010019249084080_7144452220270936064_n.jpg?ssl=1\"><img data-recalc-dims=\"1\" loading=\"lazy\" decoding=\"async\" class=\"size-full wp-image-27302 aligncenter\" src=\"https:\/\/i0.wp.com\/miradordeatarfe.es\/wp-content\/uploads\/2018\/11\/45344852_2010019249084080_7144452220270936064_n.jpg?resize=640%2C937&#038;ssl=1\" alt=\"\" width=\"640\" height=\"937\" srcset=\"https:\/\/i0.wp.com\/miradordeatarfe.es\/wp-content\/uploads\/2018\/11\/45344852_2010019249084080_7144452220270936064_n.jpg?w=656&amp;ssl=1 656w, https:\/\/i0.wp.com\/miradordeatarfe.es\/wp-content\/uploads\/2018\/11\/45344852_2010019249084080_7144452220270936064_n.jpg?resize=205%2C300&amp;ssl=1 205w, https:\/\/i0.wp.com\/miradordeatarfe.es\/wp-content\/uploads\/2018\/11\/45344852_2010019249084080_7144452220270936064_n.jpg?resize=600%2C878&amp;ssl=1 600w\" sizes=\"auto, (max-width: 640px) 100vw, 640px\" \/><\/a><\/p>\n<p style=\"text-align: justify;\"><em>Por desgracia el n\u00famero de mujeres que mata, para librarse del maltrato f\u00edsico y psicol\u00f3gico es elevado. Afortunadamente el futuro se presenta esperanzador, ya han comenzado a surgir en el pa\u00eds numerosas asociaciones dispuestas a hacer visibles nuestras reivindicaciones. Nos hemos montado en el tren para poder avanzar y ver la realidad que esta sociedad patriarcal y androc\u00e9ntrica, nos ha adjudicado a hombres y mujeres, lo que nos permite actuar en consecuencia, a todos y a todas, sea cual sea el sector social al que pertenezcamos y olvidando todo lo que a\u00fan nos divide: mujer, hombre, heterosexual, homosexual, etnias, razas, color de piel, creencias, etc.<\/em><\/p>\n<p style=\"text-align: justify;\"><em>Bien s\u00e9 que no abordo hoy un problema \u201cexclusivo de las mujeres\u201d, sino una cuesti\u00f3n que nos afecta a todos por igual. Mientras haya mujeres que oculten los hechos y digan: \u201ctengo que aguantar por el que dir\u00e1 la gente\u201d o bien \u201cadonde voy a ir yo si le dejo\u201d; o haya hombres que cuando se consume la tragedia dicen, paradojas de la vida, \u201cera a quien m\u00e1s quer\u00eda\u201d.<\/em><\/p>\n<p style=\"text-align: justify;\"><em>Creo que lo que m\u00e1s separa a hombres y mujeres es el poder y la fuerza, y a\u00f1adir\u00eda la desigualdad manifiesta en las tareas dom\u00e9sticas y el cuidado de los hijos, as\u00ed que impliqu\u00e9mosles a ellos. Ser mujer es algo grande, no es igual a ser hombre, es, tal vez, un poco m\u00e1s, as\u00ed que, adelante\u201d.<\/em><\/p>\n<p>&nbsp;<\/p>\n<p style=\"text-align: justify;\">Fotograf\u00eda de Paco Garc\u00eda Aguilera.<\/p>\n<p style=\"text-align: justify;\">Curiosidades elvirenses.<\/p>\n<\/div>\n<p>&nbsp;<\/p>\n","protected":false},"excerpt":{"rendered":"<p>El dia 25N celebramos el d\u00eda internacional contra la violencia de g\u00e9nero que est\u00e1 presente&#8230;<\/p>\n","protected":false},"author":1,"featured_media":27303,"comment_status":"closed","ping_status":"closed","sticky":false,"template":"","format":"standard","meta":{"_coblocks_attr":"","_coblocks_dimensions":"","_coblocks_responsive_height":"","_coblocks_accordion_ie_support":"","jetpack_post_was_ever_published":false,"_jetpack_newsletter_access":"","_jetpack_dont_email_post_to_subs":false,"_jetpack_newsletter_tier_id":0,"_jetpack_memberships_contains_paywalled_content":false,"_jetpack_memberships_contains_paid_content":false,"footnotes":"","jetpack_publicize_message":"","jetpack_publicize_feature_enabled":true,"jetpack_social_post_already_shared":false,"jetpack_social_options":{"image_generator_settings":{"template":"highway","default_image_id":0,"enabled":false},"version":2}},"categories":[2,1161,14,186,38,44,15],"tags":[1695,81],"class_list":["post-27301","post","type-post","status-publish","format-standard","has-post-thumbnail","hentry","category-atarfe","category-ciudadania","category-feminismo","category-instituciones","category-opinion-de-jose-enrique-granados","category-noticias-de-hoy","category-ultimas-noticias","tag-25n","tag-atarfe"],"jetpack_publicize_connections":[],"jetpack_featured_media_url":"https:\/\/i0.wp.com\/miradordeatarfe.es\/wp-content\/uploads\/2018\/11\/violencia_machista_logo.jpg?fit=2667%2C2667&ssl=1","jetpack_likes_enabled":true,"jetpack_sharing_enabled":true,"_links":{"self":[{"href":"https:\/\/miradordeatarfe.es\/index.php?rest_route=\/wp\/v2\/posts\/27301","targetHints":{"allow":["GET"]}}],"collection":[{"href":"https:\/\/miradordeatarfe.es\/index.php?rest_route=\/wp\/v2\/posts"}],"about":[{"href":"https:\/\/miradordeatarfe.es\/index.php?rest_route=\/wp\/v2\/types\/post"}],"author":[{"embeddable":true,"href":"https:\/\/miradordeatarfe.es\/index.php?rest_route=\/wp\/v2\/users\/1"}],"replies":[{"embeddable":true,"href":"https:\/\/miradordeatarfe.es\/index.php?rest_route=%2Fwp%2Fv2%2Fcomments&post=27301"}],"version-history":[{"count":2,"href":"https:\/\/miradordeatarfe.es\/index.php?rest_route=\/wp\/v2\/posts\/27301\/revisions"}],"predecessor-version":[{"id":36370,"href":"https:\/\/miradordeatarfe.es\/index.php?rest_route=\/wp\/v2\/posts\/27301\/revisions\/36370"}],"wp:featuredmedia":[{"embeddable":true,"href":"https:\/\/miradordeatarfe.es\/index.php?rest_route=\/wp\/v2\/media\/27303"}],"wp:attachment":[{"href":"https:\/\/miradordeatarfe.es\/index.php?rest_route=%2Fwp%2Fv2%2Fmedia&parent=27301"}],"wp:term":[{"taxonomy":"category","embeddable":true,"href":"https:\/\/miradordeatarfe.es\/index.php?rest_route=%2Fwp%2Fv2%2Fcategories&post=27301"},{"taxonomy":"post_tag","embeddable":true,"href":"https:\/\/miradordeatarfe.es\/index.php?rest_route=%2Fwp%2Fv2%2Ftags&post=27301"}],"curies":[{"name":"wp","href":"https:\/\/api.w.org\/{rel}","templated":true}]}}