{"id":27318,"date":"2018-11-29T14:46:09","date_gmt":"2018-11-29T13:46:09","guid":{"rendered":"http:\/\/miradordeatarfe.es\/?p=27318"},"modified":"2018-11-29T14:46:25","modified_gmt":"2018-11-29T13:46:25","slug":"atarfela-aprobacion-del-inventario-y-de-una-nueva-ordenanza-del-cementerio-principales-temas-del-pleno-ordinario-de-noviembre","status":"publish","type":"post","link":"https:\/\/miradordeatarfe.es\/?p=27318","title":{"rendered":"ATARFE:La aprobaci\u00f3n del inventario y de una nueva ordenanza del cementerio, principales temas del pleno ordinario de noviembre"},"content":{"rendered":"<div class=\"post-meta\" style=\"text-align: justify;\">La sesi\u00f3n se celebra\u00a0 HOY\u00a0 jueves 29, a las 19 horas, y se retransmitir\u00e1 en directo.<\/div>\n<p style=\"text-align: justify;\"><!--more--><\/p>\n<p style=\"text-align: justify;\">La propuesta de nueva ordenanza reguladora del cementerio, la aprobaci\u00f3n del inventario municipal de bienes, y el reconocimiento de la empresa municipal que gestiona las instalaciones deportivas (Acidesa) como medio propio del Ayuntamiento de Atarfe, son aguunas de las cuestiones importantes que se\u00a0debatir\u00e1n en el pleno ordinario del pr\u00f3ximo jueves, 29 de septiembre.<\/p>\n<p style=\"text-align: justify;\">En dicha sesi\u00f3n se propone tambi\u00e9n para su aprobaci\u00f3n el proyecto de actuaci\u00f3n de la empresa Av\u00edcola Garrido, la correcci\u00f3n de un error derivado del Plan Especial de Fomento del Empleo Agrario, y distintos asuntos econ\u00f3micos de los que el alcalde, Francisco Rodr\u00edguez Quesada, informar\u00e1 a los grupos municipales.<\/p>\n<p style=\"text-align: justify;\">En el cap\u00edtulo de mociones, los distintos grupos municipales presentan varias iniciativas: el grupo municipal socialista propone la creaci\u00f3n de una mesa para la contrataci\u00f3n de los planes de empleo de la Junta de Andaluc\u00eda, Ciudadanos lleva a pleno la promoci\u00f3n de la Feria de la Ciencia con motivo de su d\u00e9cimo aniversario que se celebrar\u00e1 en 2019, y Ganemos solicitar\u00e1 la adhesi\u00f3n del Ayuntamiento de Atarfe al manifiesto\u00a0que propone la concesi\u00f3n del Premio Nobel de Literatura, a t\u00edtulo p\u00f3stumo, a Federico Grac\u00eda Lorca, adem\u00e1s de presentar\u00a0otra iniciativa de apoyo a las m\u00fajeres v\u00edctimas de malos tratos que incluye, entre otros compromisos, que se declare el municipio de Atarfe libre de violencia de g\u00e9nero.<\/p>\n<p style=\"text-align: justify;\">A continuaci\u00f3n habr\u00e1 un turno de ruegos y preguntas y la posibilidad de que el p\u00fablico asistente pueda intervenir para plantear cuestiones que sean de inter\u00e9s.<\/p>\n<p style=\"text-align: justify;\">Como en anteriores ocasiones, se retransmitir\u00e1 en directo por internet.<\/p>\n","protected":false},"excerpt":{"rendered":"<p>La sesi\u00f3n se celebra\u00a0 HOY\u00a0 jueves 29, a las 19 horas, y se retransmitir\u00e1 en&#8230;<\/p>\n","protected":false},"author":1,"featured_media":27319,"comment_status":"closed","ping_status":"closed","sticky":false,"template":"","format":"standard","meta":{"_coblocks_attr":"","_coblocks_dimensions":"","_coblocks_responsive_height":"","_coblocks_accordion_ie_support":"","jetpack_post_was_ever_published":false,"_jetpack_newsletter_access":"","_jetpack_dont_email_post_to_subs":false,"_jetpack_newsletter_tier_id":0,"_jetpack_memberships_contains_paywalled_content":false,"_jetpack_memberships_contains_paid_content":false,"footnotes":"","jetpack_publicize_message":"","jetpack_publicize_feature_enabled":true,"jetpack_social_post_already_shared":false,"jetpack_social_options":{"image_generator_settings":{"template":"highway","default_image_id":0,"enabled":false},"version":2}},"categories":[2,1161,186,9,44,15],"tags":[81,1713],"class_list":["post-27318","post","type-post","status-publish","format-standard","has-post-thumbnail","hentry","category-atarfe","category-ciudadania","category-instituciones","category-medio-ambiente","category-noticias-de-hoy","category-ultimas-noticias","tag-atarfe","tag-pleno-municipal"],"jetpack_publicize_connections":[],"jetpack_featured_media_url":"https:\/\/i0.wp.com\/miradordeatarfe.es\/wp-content\/uploads\/2018\/11\/pleno-atarfe-30.jpg?fit=600%2C400&ssl=1","jetpack_likes_enabled":true,"jetpack_sharing_enabled":true,"_links":{"self":[{"href":"https:\/\/miradordeatarfe.es\/index.php?rest_route=\/wp\/v2\/posts\/27318","targetHints":{"allow":["GET"]}}],"collection":[{"href":"https:\/\/miradordeatarfe.es\/index.php?rest_route=\/wp\/v2\/posts"}],"about":[{"href":"https:\/\/miradordeatarfe.es\/index.php?rest_route=\/wp\/v2\/types\/post"}],"author":[{"embeddable":true,"href":"https:\/\/miradordeatarfe.es\/index.php?rest_route=\/wp\/v2\/users\/1"}],"replies":[{"embeddable":true,"href":"https:\/\/miradordeatarfe.es\/index.php?rest_route=%2Fwp%2Fv2%2Fcomments&post=27318"}],"version-history":[{"count":2,"href":"https:\/\/miradordeatarfe.es\/index.php?rest_route=\/wp\/v2\/posts\/27318\/revisions"}],"predecessor-version":[{"id":27321,"href":"https:\/\/miradordeatarfe.es\/index.php?rest_route=\/wp\/v2\/posts\/27318\/revisions\/27321"}],"wp:featuredmedia":[{"embeddable":true,"href":"https:\/\/miradordeatarfe.es\/index.php?rest_route=\/wp\/v2\/media\/27319"}],"wp:attachment":[{"href":"https:\/\/miradordeatarfe.es\/index.php?rest_route=%2Fwp%2Fv2%2Fmedia&parent=27318"}],"wp:term":[{"taxonomy":"category","embeddable":true,"href":"https:\/\/miradordeatarfe.es\/index.php?rest_route=%2Fwp%2Fv2%2Fcategories&post=27318"},{"taxonomy":"post_tag","embeddable":true,"href":"https:\/\/miradordeatarfe.es\/index.php?rest_route=%2Fwp%2Fv2%2Ftags&post=27318"}],"curies":[{"name":"wp","href":"https:\/\/api.w.org\/{rel}","templated":true}]}}