{"id":27333,"date":"2018-12-01T11:31:15","date_gmt":"2018-12-01T10:31:15","guid":{"rendered":"http:\/\/miradordeatarfe.es\/?p=27333"},"modified":"2018-11-30T10:35:21","modified_gmt":"2018-11-30T09:35:21","slug":"fundacion-sierra-elvira-avance-sobre-actividades-durante-2019","status":"publish","type":"post","link":"https:\/\/miradordeatarfe.es\/?p=27333","title":{"rendered":"FUNDACI\u00d3N SIERRA ELVIRA: Avance sobre actividades durante 2019"},"content":{"rendered":"<p>Se relaciona una previsi\u00f3n de los concursos a celebrar durante el pr\u00f3ximo a\u00f1o 2019, con objeto de facilitar la participaci\u00f3n de los interesados e informar al p\u00fablico en general. No es un programa definitivo. Seg\u00fan las circunstancias que puedan incidir, posteriormente, se har\u00edan las modificaciones oportunas.<!--more--><\/p>\n<h3>2\u00ba Concurso de dibujo juvenil<\/h3>\n<p>Es un concurso anual para escolares atarfe\u00f1os. Se organiza en colaboraci\u00f3n con los centros docentes de Atarfe.<br \/>\nConvocatoria: <b>a principios de 2019<\/b>.<\/p>\n<h3>3\u00ba Concurso de Escultura<\/h3>\n<p>Es un concurso bienal, organizado en colaboraci\u00f3n con el Depto. de Escultura de la Universidad de Granada. Tiene un \u00e1mbito nacional, para adultos que no sobrepasen los 30 a\u00f1os de edad.<br \/>\nConvocatoria: <b>primavera de 2019<\/b><\/p>\n<h3>VIII Concurso de Fotograf\u00eda<\/h3>\n<p>Es un concurso anual, organizado en colaboraci\u00f3n con el Depto. de Escultura de la Universidad de Granada. Va dirigido a adultos que no sobrepasen los 35 a\u00f1os, naturales de la provincia de Granada o con residencia en dicha provincia.<br \/>\nConvocatoria: <b>primavera de 2019<\/b>.<\/p>\n<h3>4\u00ba Concurso de Poes\u00eda juvenil \u00abal-Rakuniyya\u00bb<\/h3>\n<p>Es un concurso anual para escolares atarfe\u00f1os. Se organiza en colaboraci\u00f3n con los centros docentes de Atarfe.<br \/>\nConvocatoria: <b>primavera de 2019<\/b>.<\/p>\n<h3>4\u00ba Concurso de Relatos de Ciencia Ficci\u00f3n \u00abSomnium\u00bb<\/h3>\n<p>Es un concurso bienal, organizado en colaboraci\u00f3n con la Facultad de Ciencias de la Universidad de Granada. Tiene un \u00e1mbito regional, dirigido a adultos, nacidos o que residan en Andaluc\u00eda, que no sobrepasen los 32 a\u00f1os.<br \/>\nConvocatoria: <b>enero de 2019<\/b>.<\/p>\n<p><center><\/center><\/p>\n","protected":false},"excerpt":{"rendered":"<p>Se relaciona una previsi\u00f3n de los concursos a celebrar durante el pr\u00f3ximo a\u00f1o 2019, con&#8230;<\/p>\n","protected":false},"author":1,"featured_media":27334,"comment_status":"closed","ping_status":"closed","sticky":false,"template":"","format":"standard","meta":{"_coblocks_attr":"","_coblocks_dimensions":"","_coblocks_responsive_height":"","_coblocks_accordion_ie_support":"","jetpack_post_was_ever_published":false,"_jetpack_newsletter_access":"","_jetpack_dont_email_post_to_subs":false,"_jetpack_newsletter_tier_id":0,"_jetpack_memberships_contains_paywalled_content":false,"_jetpack_memberships_contains_paid_content":false,"footnotes":"","jetpack_publicize_message":"","jetpack_publicize_feature_enabled":true,"jetpack_social_post_already_shared":false,"jetpack_social_options":{"image_generator_settings":{"template":"highway","default_image_id":0,"enabled":false},"version":2}},"categories":[2,12,186,9,44,15],"tags":[81,332],"class_list":["post-27333","post","type-post","status-publish","format-standard","has-post-thumbnail","hentry","category-atarfe","category-cultura","category-instituciones","category-medio-ambiente","category-noticias-de-hoy","category-ultimas-noticias","tag-atarfe","tag-fundacion-sierra-elvira"],"jetpack_publicize_connections":[],"jetpack_featured_media_url":"https:\/\/i0.wp.com\/miradordeatarfe.es\/wp-content\/uploads\/2018\/11\/fencabez.gif?fit=670%2C155&ssl=1","jetpack_likes_enabled":true,"jetpack_sharing_enabled":true,"_links":{"self":[{"href":"https:\/\/miradordeatarfe.es\/index.php?rest_route=\/wp\/v2\/posts\/27333","targetHints":{"allow":["GET"]}}],"collection":[{"href":"https:\/\/miradordeatarfe.es\/index.php?rest_route=\/wp\/v2\/posts"}],"about":[{"href":"https:\/\/miradordeatarfe.es\/index.php?rest_route=\/wp\/v2\/types\/post"}],"author":[{"embeddable":true,"href":"https:\/\/miradordeatarfe.es\/index.php?rest_route=\/wp\/v2\/users\/1"}],"replies":[{"embeddable":true,"href":"https:\/\/miradordeatarfe.es\/index.php?rest_route=%2Fwp%2Fv2%2Fcomments&post=27333"}],"version-history":[{"count":1,"href":"https:\/\/miradordeatarfe.es\/index.php?rest_route=\/wp\/v2\/posts\/27333\/revisions"}],"predecessor-version":[{"id":27335,"href":"https:\/\/miradordeatarfe.es\/index.php?rest_route=\/wp\/v2\/posts\/27333\/revisions\/27335"}],"wp:featuredmedia":[{"embeddable":true,"href":"https:\/\/miradordeatarfe.es\/index.php?rest_route=\/wp\/v2\/media\/27334"}],"wp:attachment":[{"href":"https:\/\/miradordeatarfe.es\/index.php?rest_route=%2Fwp%2Fv2%2Fmedia&parent=27333"}],"wp:term":[{"taxonomy":"category","embeddable":true,"href":"https:\/\/miradordeatarfe.es\/index.php?rest_route=%2Fwp%2Fv2%2Fcategories&post=27333"},{"taxonomy":"post_tag","embeddable":true,"href":"https:\/\/miradordeatarfe.es\/index.php?rest_route=%2Fwp%2Fv2%2Ftags&post=27333"}],"curies":[{"name":"wp","href":"https:\/\/api.w.org\/{rel}","templated":true}]}}