{"id":27336,"date":"2018-12-01T11:37:34","date_gmt":"2018-12-01T10:37:34","guid":{"rendered":"http:\/\/miradordeatarfe.es\/?p=27336"},"modified":"2018-11-30T10:41:54","modified_gmt":"2018-11-30T09:41:54","slug":"atarfe-la-junta-sostiene-que-el-laboratorio-de-atarfe-hara-analisis-de-aceituna-con-normalidad","status":"publish","type":"post","link":"https:\/\/miradordeatarfe.es\/?p=27336","title":{"rendered":"ATARFE: La Junta sostiene que el laboratorio de Atarfe har\u00e1 an\u00e1lisis de aceituna \u201ccon normalidad\u201d"},"content":{"rendered":"<div id=\"content\" class=\"fw\">\n<div class=\"w66 pr7 left col1\">\n<article class=\"fw main hentry post-126794 noticias type-noticias status-publish has-post-thumbnail hentry secciones-area-metropolitana secciones-atarfe etiquetas-aceituna etiquetas-area-metropolitana etiquetas-atarfe etiquetas-laboratorio-agroalimentario-atarfe\">\n<section class=\"fw\">\n<p class=\"intro\" style=\"text-align: justify;\">El delegado del ramo garantiza que esta instalaci\u00f3n continuar\u00e1 prestando \u00abun importante servicio\u00bb en la campa\u00f1a que esta a punto de comenzar<!--more--><\/p>\n<p style=\"text-align: justify;\">La Junta ha lanzado un \u201cmensaje de tranquilidad\u201d a agricultores, cooperativas y almazaras de la provincia garantizando que el laboratorio agroalimentario de Granada, ubicado en <strong>Atarfe<\/strong>, seguir\u00e1 realizando con normalidad los an\u00e1lisis de acidez y calidad del aceite de oliva durante esta campa\u00f1a.<\/p>\n<p style=\"text-align: justify;\">El delegado de Agricultura, Pesca y Desarrollo Rural, Manuel Garc\u00eda Cerezo,<strong> se ha pronunciado de este modo ante la \u201calarma suscitada en el sector olivarero\u201d por este asunto<\/strong> y ha dicho que en la campa\u00f1a de la aceituna que esta a punto de comenzar el laboratorio seguir\u00e1 prestando \u201cun importante servicio para el sector agroalimentario\u201d.<\/p>\n<p style=\"text-align: justify;\">\u201cSe van seguir realizando con total normalidad los an\u00e1lisis de las muestras de aceite que se reciban, respondiendo a los mismos criterios y nivel de calidad como a\u00f1os anteriores\u201d, ha agregado.<\/p>\n<p style=\"text-align: justify;\">El objetivo fundamental de los laboratorios que la Junta de Andaluc\u00eda tiene repartidos por las ocho provincias es la realizaci\u00f3n de an\u00e1lisis necesarios para llevar a cabo un control de los productos alimentarios que se comercializan, en especial, del aceite de oliva, el cual es sometido tanto a un an\u00e1lisis f\u00edsico qu\u00edmico como a un examen organol\u00e9ptico para determinar su calidad y acidez.<\/p>\n<p style=\"text-align: justify;\">Igualmente, se realizan estudios microbiol\u00f3gicos de aguas y alimentos para detectar y cuantificar la existencia o no de residuos de plaguicidas en hort\u00edcolas.<\/p>\n<p style=\"text-align: justify;\">El delegado ha dicho que desde el a\u00f1o 2014 se ha ido incrementado el n\u00famero de muestras de aceituna analizadas, destacando la importancia del servicio que se presta desde la Consejer\u00eda de Agricultura al sector olivarero a trav\u00e9s del laboratorio, ya que durante el pasado a\u00f1o se alcanz\u00f3 la cifra de 30.439 determinaciones.<\/p>\n<p style=\"text-align: justify;\">En lo que va de a\u00f1o, (teniendo en cuenta que la campa\u00f1a todav\u00eda no ha comenzado) se han realizado ya 16.842 an\u00e1lisis, 1.162 f\u00edsico qu\u00edmicos y 917 sensoriales.<\/p>\n<\/section>\n<\/article>\n<\/div>\n<\/div>\n<p style=\"text-align: justify;\">PUBLICADO EN : AHORAGRANADA<\/p>\n<p>&nbsp;<\/p>\n","protected":false},"excerpt":{"rendered":"<p>El delegado del ramo garantiza que esta instalaci\u00f3n continuar\u00e1 prestando \u00abun importante servicio\u00bb en la&#8230;<\/p>\n","protected":false},"author":1,"featured_media":27337,"comment_status":"closed","ping_status":"closed","sticky":false,"template":"","format":"standard","meta":{"_coblocks_attr":"","_coblocks_dimensions":"","_coblocks_responsive_height":"","_coblocks_accordion_ie_support":"","jetpack_post_was_ever_published":false,"_jetpack_newsletter_access":"","_jetpack_dont_email_post_to_subs":false,"_jetpack_newsletter_tier_id":0,"_jetpack_memberships_contains_paywalled_content":false,"_jetpack_memberships_contains_paid_content":false,"footnotes":"","jetpack_publicize_message":"","jetpack_publicize_feature_enabled":true,"jetpack_social_post_already_shared":false,"jetpack_social_options":{"image_generator_settings":{"template":"highway","default_image_id":0,"enabled":false},"version":2}},"categories":[2,186,44,15],"tags":[2621,934,5501],"class_list":["post-27336","post","type-post","status-publish","format-standard","has-post-thumbnail","hentry","category-atarfe","category-instituciones","category-noticias-de-hoy","category-ultimas-noticias","tag-aceitunas","tag-junta-de-andalucia","tag-plaguicidas"],"jetpack_publicize_connections":[],"jetpack_featured_media_url":"https:\/\/i0.wp.com\/miradordeatarfe.es\/wp-content\/uploads\/2018\/11\/%C3%ADndice-8.jpeg?fit=266%2C189&ssl=1","jetpack_likes_enabled":true,"jetpack_sharing_enabled":true,"_links":{"self":[{"href":"https:\/\/miradordeatarfe.es\/index.php?rest_route=\/wp\/v2\/posts\/27336","targetHints":{"allow":["GET"]}}],"collection":[{"href":"https:\/\/miradordeatarfe.es\/index.php?rest_route=\/wp\/v2\/posts"}],"about":[{"href":"https:\/\/miradordeatarfe.es\/index.php?rest_route=\/wp\/v2\/types\/post"}],"author":[{"embeddable":true,"href":"https:\/\/miradordeatarfe.es\/index.php?rest_route=\/wp\/v2\/users\/1"}],"replies":[{"embeddable":true,"href":"https:\/\/miradordeatarfe.es\/index.php?rest_route=%2Fwp%2Fv2%2Fcomments&post=27336"}],"version-history":[{"count":1,"href":"https:\/\/miradordeatarfe.es\/index.php?rest_route=\/wp\/v2\/posts\/27336\/revisions"}],"predecessor-version":[{"id":27338,"href":"https:\/\/miradordeatarfe.es\/index.php?rest_route=\/wp\/v2\/posts\/27336\/revisions\/27338"}],"wp:featuredmedia":[{"embeddable":true,"href":"https:\/\/miradordeatarfe.es\/index.php?rest_route=\/wp\/v2\/media\/27337"}],"wp:attachment":[{"href":"https:\/\/miradordeatarfe.es\/index.php?rest_route=%2Fwp%2Fv2%2Fmedia&parent=27336"}],"wp:term":[{"taxonomy":"category","embeddable":true,"href":"https:\/\/miradordeatarfe.es\/index.php?rest_route=%2Fwp%2Fv2%2Fcategories&post=27336"},{"taxonomy":"post_tag","embeddable":true,"href":"https:\/\/miradordeatarfe.es\/index.php?rest_route=%2Fwp%2Fv2%2Ftags&post=27336"}],"curies":[{"name":"wp","href":"https:\/\/api.w.org\/{rel}","templated":true}]}}