{"id":27339,"date":"2018-12-02T09:45:05","date_gmt":"2018-12-02T08:45:05","guid":{"rendered":"http:\/\/miradordeatarfe.es\/?p=27339"},"modified":"2018-11-30T11:07:59","modified_gmt":"2018-11-30T10:07:59","slug":"el-calendario-laboral-de-2019-ya-es-oficial-solo-permite-un-gran-puente-festivo-en-toda-espana","status":"publish","type":"post","link":"https:\/\/miradordeatarfe.es\/?p=27339","title":{"rendered":"El calendario laboral de 2019 ya es oficial: solo permite un gran puente festivo en toda Espa\u00f1a"},"content":{"rendered":"<div id=\"cuerpo_noticia\" class=\"articulo-cuerpo\">\n<p dir=\"ltr\" style=\"text-align: justify;\">El a\u00f1o que viene el <strong><a href=\"https:\/\/elpais.com\/tag\/calendario_laboral\/a\">calendario laboral<\/a><\/strong> de Espa\u00f1a solo depara un puente festivo en toda Espa\u00f1a al mismo tiempo. <!--more--><\/p>\n<p dir=\"ltr\" style=\"text-align: justify;\">Y muchos espa\u00f1oles apenas lo notar\u00e1n porque cae en pleno agosto y habr\u00e1 mucha gente de vacaciones: el 15 de agosto cae en jueves. El calendario es algo m\u00e1s generoso si se a\u00f1aden los fines de semana largos, dos, puesto que el 1 de noviembre y el 6 de diciembre se celebrar\u00e1n en viernes.<\/p>\n<p dir=\"ltr\" style=\"text-align: justify;\">En total, el a\u00f1o que viene habr\u00e1 ocho d\u00edas de fiesta comunes a toda Espa\u00f1a: A\u00f1o Nuevo, Viernes Santo (19 de abril), Primero de Mayo, 15 de agosto, 12 de octubre, 1 de noviembre, 6 de diciembre y el d\u00eda de Navidad. Esta es una de las cifras m\u00e1s bajas que permite el calendario y sucede porque otros dos festivos comunes, el <a href=\"https:\/\/elpais.com\/tag\/reyes_magos\/a\">D\u00eda de Reyes<\/a> y el 8 de diciembre, caen en domingo.<\/p>\n<p dir=\"ltr\" style=\"text-align: justify;\">Cuando esto pasa, que un festivo caiga en domingo, las comunidades pueden desplazar la celebraci\u00f3n al lunes siguiente. Esto suceder\u00e1 en muchas autonom\u00edas el pr\u00f3ximo 7 de enero. Como el d\u00eda de Reyes caer\u00e1 en domingo, Castilla y Le\u00f3n, Navarra, Arag\u00f3n, Murcia, Andaluc\u00eda, Madrid, Extremadura, Canarias, Asturias, Ceuta y Melilla han optado por alargar un d\u00eda m\u00e1s las vacaciones navide\u00f1as.<\/p>\n<p dir=\"ltr\" style=\"text-align: justify;\">Lo mismo sucede en dos d\u00edas de <a href=\"https:\/\/elpais.com\/tag\/semana_santa\/a\">Semana Santa<\/a> y Pascua, Jueves Santo y Lunes de Pascua. Normalmente en estos d\u00edas se encadenan cuatro d\u00edas festivos, aunque no en toda Espa\u00f1a al mismo tiempo. En 2019 en Catalu\u00f1a y Valencia ser\u00e1 fiesta de viernes 19 a lunes 22\u00a0de abril; en Andaluc\u00eda, Asturias, Canarias, Extremadura, Galicia, Madrid, Murcia, Ceuta y Melilla ser\u00e1 de jueves 18 a domingo 21; en Baleares, Cantabria, Castilla-La Mancha, <a href=\"https:\/\/elpais.com\/tag\/navarra\/a\">Navarra<\/a>, Pa\u00eds Vasco y La Rioja de jueves 18 a lunes 22; en Arag\u00f3n y Castilla y Le\u00f3n ser\u00e1 festivo de jueves 18 a domingo 21, pero con la particularidad que el martes 23 ambas comunidades celebran d\u00edas regionales, con lo que muchos ciudadanos podr\u00edan coger un puente con el lunes 22.<\/p>\n<p dir=\"ltr\" style=\"text-align: justify;\">Hay comunidades que han optado por utilizar d\u00edas festivos que este a\u00f1o caen en fin de semana para trasladarlos a d\u00edas significativos para esa regi\u00f3n, aunque en otros a\u00f1os esa jornada no sea festivo. Es el caso de <a href=\"https:\/\/elpais.com\/tag\/cataluna\/a\">Catalu\u00f1a<\/a> y de la Comunidad Valenciana con el 24 de junio, San Juan, tradicional d\u00eda de celebraci\u00f3n en Alicante.<\/p>\n<p dir=\"ltr\" style=\"text-align: justify;\">En el caso de Navarra, el 3 de diciembre, d\u00eda de San Francisco Javier, tambi\u00e9n ser\u00e1 festivo en toda la comunidad aut\u00f3noma aunque administrativamente ser\u00e1 una fiesta local porque todos los municipios de Navarra declaran ese d\u00eda festivo como aparece en su bolet\u00edn auton\u00f3mico. Hay que tener en cuenta que a los 12 d\u00edas festivos auton\u00f3micos y estatales, cada municipio en toda Espa\u00f1a puede declarar otros 2 d\u00edas festivos en todo el a\u00f1o.<\/p>\n<h3 dir=\"ltr\" style=\"text-align: justify;\">Fines de semana m\u00e1s largos<\/h3>\n<p dir=\"ltr\" style=\"text-align: justify;\">A pesar de que solo podr\u00e1 organizarse un puente festivo com\u00fan en toda Espa\u00f1a, s\u00ed que habr\u00e1 fines de semana largos. Esto suceder\u00e1 el 1 de noviembre y el 6 de diciembre, que ser\u00e1n viernes festivos en toda Espa\u00f1a.<\/p>\n<p dir=\"ltr\" style=\"text-align: justify;\">Habr\u00e1 autonom\u00edas en las que podr\u00e1n organizarse puentes por caer en martes o jueves alguno de sus d\u00edas festivos. En la Comunidad Valenciana podr\u00e1n celebrar <a href=\"https:\/\/elpais.com\/tag\/fallas\/a\">Fallas<\/a> sin perder muchos d\u00edas laborables, pues el 19 de marzo caer\u00e1 en martes. Y en Madrid\u00a0habr\u00e1 quien pueda organizarse unas minivacaciones aprovechando el 1 y el 2 de mayo, que caen en mi\u00e9rcoles y jueves.<\/p>\n<p class=\"nota_pie\" dir=\"ltr\" style=\"text-align: justify;\"><strong>Fe de errores:<\/strong> En una versi\u00f3n anterior del gr\u00e1fico que acompa\u00f1a a este texto, algunas fiestas auton\u00f3micas de Ceuta, Melilla, Arag\u00f3n y Navarra conten\u00edan errores que han sido subsanados.<\/p>\n<\/div>\n<p>https:\/\/elpais.com\/economia\/2018\/10\/10\/actualidad\/1539199533_314073.html<\/p>\n<div class=\"articulo-trust\">\n<div class=\"articulo-trust__inner\" style=\"text-align: justify;\"><\/div>\n<\/div>\n","protected":false},"excerpt":{"rendered":"<p>El a\u00f1o que viene el calendario laboral de Espa\u00f1a solo depara un puente festivo en&#8230;<\/p>\n","protected":false},"author":1,"featured_media":27340,"comment_status":"closed","ping_status":"closed","sticky":false,"template":"","format":"standard","meta":{"_coblocks_attr":"","_coblocks_dimensions":"","_coblocks_responsive_height":"","_coblocks_accordion_ie_support":"","jetpack_post_was_ever_published":false,"_jetpack_newsletter_access":"","_jetpack_dont_email_post_to_subs":false,"_jetpack_newsletter_tier_id":0,"_jetpack_memberships_contains_paywalled_content":false,"_jetpack_memberships_contains_paid_content":false,"footnotes":"","jetpack_publicize_message":"","jetpack_publicize_feature_enabled":true,"jetpack_social_post_already_shared":false,"jetpack_social_options":{"image_generator_settings":{"template":"highway","default_image_id":0,"enabled":false},"version":2}},"categories":[1161,186,44,15],"tags":[5502,5375],"class_list":["post-27339","post","type-post","status-publish","format-standard","has-post-thumbnail","hentry","category-ciudadania","category-instituciones","category-noticias-de-hoy","category-ultimas-noticias","tag-5502","tag-calendario-laboral"],"jetpack_publicize_connections":[],"jetpack_featured_media_url":"https:\/\/i0.wp.com\/miradordeatarfe.es\/wp-content\/uploads\/2018\/11\/1539199533_314073_1540033280_noticia_normal_recorte1.jpg?fit=1960%2C1048&ssl=1","jetpack_likes_enabled":true,"jetpack_sharing_enabled":true,"_links":{"self":[{"href":"https:\/\/miradordeatarfe.es\/index.php?rest_route=\/wp\/v2\/posts\/27339","targetHints":{"allow":["GET"]}}],"collection":[{"href":"https:\/\/miradordeatarfe.es\/index.php?rest_route=\/wp\/v2\/posts"}],"about":[{"href":"https:\/\/miradordeatarfe.es\/index.php?rest_route=\/wp\/v2\/types\/post"}],"author":[{"embeddable":true,"href":"https:\/\/miradordeatarfe.es\/index.php?rest_route=\/wp\/v2\/users\/1"}],"replies":[{"embeddable":true,"href":"https:\/\/miradordeatarfe.es\/index.php?rest_route=%2Fwp%2Fv2%2Fcomments&post=27339"}],"version-history":[{"count":1,"href":"https:\/\/miradordeatarfe.es\/index.php?rest_route=\/wp\/v2\/posts\/27339\/revisions"}],"predecessor-version":[{"id":27341,"href":"https:\/\/miradordeatarfe.es\/index.php?rest_route=\/wp\/v2\/posts\/27339\/revisions\/27341"}],"wp:featuredmedia":[{"embeddable":true,"href":"https:\/\/miradordeatarfe.es\/index.php?rest_route=\/wp\/v2\/media\/27340"}],"wp:attachment":[{"href":"https:\/\/miradordeatarfe.es\/index.php?rest_route=%2Fwp%2Fv2%2Fmedia&parent=27339"}],"wp:term":[{"taxonomy":"category","embeddable":true,"href":"https:\/\/miradordeatarfe.es\/index.php?rest_route=%2Fwp%2Fv2%2Fcategories&post=27339"},{"taxonomy":"post_tag","embeddable":true,"href":"https:\/\/miradordeatarfe.es\/index.php?rest_route=%2Fwp%2Fv2%2Ftags&post=27339"}],"curies":[{"name":"wp","href":"https:\/\/api.w.org\/{rel}","templated":true}]}}