{"id":2735,"date":"2015-07-03T06:08:06","date_gmt":"2015-07-03T06:08:06","guid":{"rendered":"http:\/\/miradordeatarfe.es\/?p=2735"},"modified":"2025-01-30T10:08:33","modified_gmt":"2025-01-30T09:08:33","slug":"el-mediterraneo-sexta-area-de-acumulacion-mundial-de-desechos-plasticos","status":"publish","type":"post","link":"https:\/\/miradordeatarfe.es\/?p=2735","title":{"rendered":"El Mediterr\u00e1neo, sexta \u00e1rea de acumulaci\u00f3n mundial de desechos pl\u00e1sticos"},"content":{"rendered":"<div class=\"entradilla\">\n<p>El Mar Mediterr\u00e1neo destaca por su riqueza biol\u00f3gica y por la concentraci\u00f3n de actividades econ\u00f3micas que alberga. Ahora, un grupo de cient\u00edficos ha constatado que las concentraciones de pl\u00e1sticos en su superficie son tan altas como las halladas en el Pac\u00edfico Norte y Sur, Atl\u00e1ntico Norte y Sur e \u00cdndico.<\/p>\n<\/div>\n<p><!--more--><\/p>\n<div class=\"post-entry\">\n<p>Esta es la principal conclusi\u00f3n de un estudio que se publica en la revista <em>PLoS ONE<\/em>, en el que sus autores advierten de que los efectos por contaminaci\u00f3n por pl\u00e1sticos en la vida marina y el hombre podr\u00edan ser \u201cespecialmente relevantes en esta regi\u00f3n\u201d, por eso piden acciones urgentes.<\/p>\n<p>Este trabajo est\u00e1 liderado por el investigador <strong>Andr\u00e9s C\u00f3zar<\/strong>, del Campus de excelencia internacional del mar (Ceimar) de la Universidad de C\u00e1diz, y participan adem\u00e1s cient\u00edficos de la Universidad de Barcelona, del Instituto de Estudios Avanzados (centro mixto de la Universidad de las Islas Baleares y el CSIC) y la Universidad de Ciencia y Tecnolog\u00eda King Abdullah (Arabia Saud\u00ed).<\/p>\n<blockquote><p>Esta investigaci\u00f3n tiene un antecedente: el pasado a\u00f1o, C\u00f3zar, junto a otros cient\u00edficos como Carlos Duarte -que tambi\u00e9n firma este art\u00edculo- publicaron en la revista PNAS un mapa global de la abundancia de desechos pl\u00e1sticos en los oc\u00e9anos.<\/p><\/blockquote>\n<p>En ese art\u00edculo, demostraban la existencia de cinco grandes acumulaciones de residuos pl\u00e1sticos en el oc\u00e9ano abierto, que coinciden con los cinco grandes giros de agua superficial en los que se organiza la circulaci\u00f3n del oc\u00e9ano global: el del Pac\u00edfico Norte, Pac\u00edfico Sur, Atl\u00e1ntico Norte, Atl\u00e1ntico Sur e \u00cdndico.<\/p>\n<p>En 2010 se produjeron cerca de 280 millones de toneladas de pl\u00e1stico. Entre el 0,1 y el 5 % va a parar al mar.<\/p>\n<p><strong>Seg\u00fan las conclusiones del actual trabajo, el Mediterr\u00e1neo acumula en sus aguas superficiales entre 1.000 y 3.000 toneladas de pl\u00e1sticos.\u00a0<\/strong><\/p>\n<p><a href=\"https:\/\/i0.wp.com\/www.efefuturo.com\/wp-content\/blogs.dir\/2\/files\/\/2015\/04\/plastimedi.jpg\"><img data-recalc-dims=\"1\" loading=\"lazy\" decoding=\"async\" class=\"size-medium wp-image-49663\" src=\"https:\/\/i0.wp.com\/www.efefuturo.com\/wp-content\/blogs.dir\/2\/files\/\/2015\/04\/plastimedi-300x240.jpg?resize=300%2C240\" alt=\"\" width=\"300\" height=\"240\" \/><\/a><\/p>\n<p>Se trata de la <strong>sexta gran regi\u00f3n<\/strong> de acumulaci\u00f3n de desechos de este material en el planeta, ha confirmado a Efe C\u00f3zar.<\/p>\n<p>Para llegar a estas conclusiones, los investigadores analizaron<strong> 72 lugares<\/strong>, cubriendo toda la cuenca mediterr\u00e1nea: \u201csalimos de C\u00e1diz y cruzamos el Mediterr\u00e1neo por el sur, dando la vuelta a Chipre. Despu\u00e9s cruzamos el mar por el norte hasta Barcelona\u201d.<\/p>\n<p>\u201c<strong>Encontramos pl\u00e1sticos en el 100 % de los sitios muestreados<\/strong>, con una densidad media de un residuo por cada 4 metros cuadrados\u201d.<\/p>\n<p><strong>Principalmente, se trata de fragmentos milim\u00e9tricos de objetos como botellas, bolsas y envoltorios.<\/strong><\/p>\n<p>No obstante, aparecen m\u00e1s proporciones de pl\u00e1sticos grandes que en los oc\u00e9anos anteriormente examinados, lo que pone de manifiesto una mayor cercan\u00eda del Mediterr\u00e1neo con las fuentes contaminantes.<\/p>\n<p>Preguntado por la zona m\u00e1s pegada a <strong>Espa\u00f1a<\/strong>, C\u00f3zar ha se\u00f1alado que el pl\u00e1stico en el Mediterr\u00e1neo est\u00e1 muy disperso, con peque\u00f1os parches por toda la cuenca, movidos por la acci\u00f3n del viento y oleaje.<\/p>\n<h2>Una \u201ctrampa\u201d para los pl\u00e1sticos<\/h2>\n<p>La acumulaci\u00f3n de estos desechos en este mar semi cerrado se relaciona con la alta presencia humana pero tambi\u00e9n con su particular patr\u00f3n de circulaci\u00f3n de agua, que resulta \u201cuna trampa\u201d para los pl\u00e1sticos flotantes: la salida del agua ocurre a trav\u00e9s de una capa profunda en el Estrecho de Gibraltar, dificultando as\u00ed la salida de residuos flotantes de la cuenca mediterr\u00e1nea, ha indicado.<\/p>\n<p>El Mar Mediterr\u00e1neo representa menos del 1 % del \u00e1rea oce\u00e1nica global, pero tiene valores ecol\u00f3gicos y econ\u00f3micos de gran relevancia a escala global: <strong>alberga alrededor del 10 % de las especies marinas<\/strong> y la pesca y el turismo litoral son importantes fuentes de ingresos para la poblaci\u00f3n mediterr\u00e1nea.<\/p>\n<blockquote><p>En este mar se han encontrado desechos pl\u00e1sticos en est\u00f3magos de peque\u00f1os peces, aves, tortugas y cachalotes.<\/p><\/blockquote>\n<p>Seg\u00fan otro estudio publicado en 2014 por la <strong>Universidad de Siena<\/strong> (Italia), se han registrado altas concentraciones de ftalatos (contaminantes asociados a los pl\u00e1sticos) en grandes organismos filtradores, como el tibur\u00f3n peregrino y el rorcual com\u00fan.<\/p>\n<p>En cuanto a si los pl\u00e1sticos afectan a las profundidades, el investigador de la Universidad de C\u00e1diz ha declarado: \u201cmuy probablemente las mayores cantidades de pl\u00e1stico se encuentren en el fondo. La superficie es solo un reflejo de lo que puede esconder el fondo\u201d.<\/p>\n<p><strong>Seg\u00fan C\u00f3zar, ya se sabe que el Mediterr\u00e1neo se ha sobrecalentado y se sobrepesca y \u201cahora hay que a\u00f1adir uno de los niveles de contaminaci\u00f3n por pl\u00e1sticos m\u00e1s altos del mundo\u201d.<\/strong><\/p>\n<p>\u201cMuy probablemente la producci\u00f3n de pl\u00e1sticos seguir\u00e1 aumentando y esto podr\u00eda llevar a una <strong>imagen muy deprimente del Mediterr\u00e1neo<\/strong> si no se implementan acciones urgentes\u201d.<\/p>\n<h2>Acciones urgentes<\/h2>\n<p>Sin embargo, como la producci\u00f3n de pl\u00e1sticos es probable que siga increment\u00e1ndose en las pr\u00f3ximas d\u00e9cadas, las estrategias de gesti\u00f3n deber\u00e1n dirigirse a las fuentes de contaminaci\u00f3n, con el fin de evitar la liberaci\u00f3n de desechos de pl\u00e1stico para el medio ambiente.<\/p>\n<p><strong>\u201cLas campa\u00f1as de limpieza de costas puede ayudar mucho a mitigar los efectos de la contaminaci\u00f3n, pero la ra\u00edz del problema est\u00e1 en la entrada continua de residuos pl\u00e1stico en el mar\u201d.<\/strong><\/p>\n<p>Para C\u00f3zar, \u201ccuidar del Mar Mediterr\u00e1neo es cuidar de nosotros mismos y de nuestras futuras generaciones\u201d. EFEfuturo<\/p>\n<p>&nbsp;<\/p>\n<p><a href=\"https:\/\/i0.wp.com\/www.efefuturo.com\/wp-content\/blogs.dir\/2\/files\/\/2015\/04\/infoplasticosefe11.jpg\"><img data-recalc-dims=\"1\" loading=\"lazy\" decoding=\"async\" class=\"size-large wp-image-49677 aligncenter\" src=\"https:\/\/i0.wp.com\/www.efefuturo.com\/wp-content\/blogs.dir\/2\/files\/\/2015\/04\/infoplasticosefe11-1024x537.jpg?resize=550%2C288\" alt=\"\" width=\"550\" height=\"288\" \/><\/a><\/p>\n<p>Pincha sobre la infograf\u00eda para ampliar.<\/p>\n<p>&nbsp;<\/p>\n<\/div>\n<div class=\"post-meta\"><span class=\"autor_fuente\">Noem\u00ed G. G\u00f3mez MADRID<\/span> <span class=\"fecha\">Jueves 02.04.2015<\/span><\/div>\n","protected":false},"excerpt":{"rendered":"<p>El Mar Mediterr\u00e1neo destaca por su riqueza biol\u00f3gica y por la concentraci\u00f3n de actividades econ\u00f3micas&#8230;<\/p>\n","protected":false},"author":1,"featured_media":2736,"comment_status":"closed","ping_status":"closed","sticky":false,"template":"","format":"standard","meta":{"_coblocks_attr":"","_coblocks_dimensions":"","_coblocks_responsive_height":"","_coblocks_accordion_ie_support":"","jetpack_post_was_ever_published":false,"_jetpack_newsletter_access":"","_jetpack_dont_email_post_to_subs":false,"_jetpack_newsletter_tier_id":0,"_jetpack_memberships_contains_paywalled_content":false,"_jetpack_memberships_contains_paid_content":false,"footnotes":"","jetpack_publicize_message":"","jetpack_publicize_feature_enabled":true,"jetpack_social_post_already_shared":false,"jetpack_social_options":{"image_generator_settings":{"template":"highway","default_image_id":0,"enabled":false},"version":2}},"categories":[9,15],"tags":[982,983],"class_list":["post-2735","post","type-post","status-publish","format-standard","has-post-thumbnail","hentry","category-medio-ambiente","category-ultimas-noticias","tag-desechos","tag-mediterraneo"],"jetpack_publicize_connections":[],"jetpack_featured_media_url":"https:\/\/i0.wp.com\/miradordeatarfe.es\/wp-content\/uploads\/2015\/07\/th_b4ad7bd0e72f1f1901536d6d4f1312d8_helpcozar.jpg?fit=650%2C414&ssl=1","jetpack_likes_enabled":true,"jetpack_sharing_enabled":true,"_links":{"self":[{"href":"https:\/\/miradordeatarfe.es\/index.php?rest_route=\/wp\/v2\/posts\/2735","targetHints":{"allow":["GET"]}}],"collection":[{"href":"https:\/\/miradordeatarfe.es\/index.php?rest_route=\/wp\/v2\/posts"}],"about":[{"href":"https:\/\/miradordeatarfe.es\/index.php?rest_route=\/wp\/v2\/types\/post"}],"author":[{"embeddable":true,"href":"https:\/\/miradordeatarfe.es\/index.php?rest_route=\/wp\/v2\/users\/1"}],"replies":[{"embeddable":true,"href":"https:\/\/miradordeatarfe.es\/index.php?rest_route=%2Fwp%2Fv2%2Fcomments&post=2735"}],"version-history":[{"count":1,"href":"https:\/\/miradordeatarfe.es\/index.php?rest_route=\/wp\/v2\/posts\/2735\/revisions"}],"predecessor-version":[{"id":2737,"href":"https:\/\/miradordeatarfe.es\/index.php?rest_route=\/wp\/v2\/posts\/2735\/revisions\/2737"}],"wp:featuredmedia":[{"embeddable":true,"href":"https:\/\/miradordeatarfe.es\/index.php?rest_route=\/wp\/v2\/media\/2736"}],"wp:attachment":[{"href":"https:\/\/miradordeatarfe.es\/index.php?rest_route=%2Fwp%2Fv2%2Fmedia&parent=2735"}],"wp:term":[{"taxonomy":"category","embeddable":true,"href":"https:\/\/miradordeatarfe.es\/index.php?rest_route=%2Fwp%2Fv2%2Fcategories&post=2735"},{"taxonomy":"post_tag","embeddable":true,"href":"https:\/\/miradordeatarfe.es\/index.php?rest_route=%2Fwp%2Fv2%2Ftags&post=2735"}],"curies":[{"name":"wp","href":"https:\/\/api.w.org\/{rel}","templated":true}]}}