{"id":27362,"date":"2018-12-06T09:47:25","date_gmt":"2018-12-06T08:47:25","guid":{"rendered":"http:\/\/miradordeatarfe.es\/?p=27362"},"modified":"2018-12-03T20:41:35","modified_gmt":"2018-12-03T19:41:35","slug":"hablamos-en-serio-de-educacion","status":"publish","type":"post","link":"https:\/\/miradordeatarfe.es\/?p=27362","title":{"rendered":"\u00bfHablamos (en serio) de educaci\u00f3n?"},"content":{"rendered":"<div class=\"td-pb-row\">\n<div class=\"td-pb-span8 td-main-content\" role=\"main\">\n<div class=\"td-ss-main-content\">\n<div class=\"td-post-content\">\n<p style=\"text-align: justify;\">Seg\u00fan el \u00faltimo Informe Pisa, Espa\u00f1a se sit\u00faa al mismo nivel en compresi\u00f3n lectora que Reino Unido, Francia o Estados Unidos. Y en matem\u00e1ticas, al mismo nivel que Francia y Reino Unido, y por delante de Estados Unidos, la primera potencia mundial, no lo olvidemos.<!--more--><\/p>\n<p style=\"text-align: justify;\">Algunas de nuestras comunidades aut\u00f3nomas, como por ejemplo Castilla y Le\u00f3n, iguala a la reputada Finlandia. Para poner en valor estos resultados, conviene recordar dos aspectos fundamentales. En primer lugar, resulta que Espa\u00f1a dedica el 4 % del PIB a Educaci\u00f3n, en un retroceso continuado desde hace seis a\u00f1os, y volvemos a estar muy alejados de una media europea que supera el 5 % y que nunca alcanzamos, y todav\u00eda mucho m\u00e1s a\u00fan de Finlandia, uno de los primeros pa\u00edses en el ranking PISA, que dedica el 7 % de su Producto Interior Bruto a Educaci\u00f3n.<\/p>\n<p style=\"text-align: justify;\">De hecho, seg\u00fan Eurostat s\u00f3lo cuatro pa\u00edses, que son Ruman\u00eda, Irlanda, Bulgaria e Italia, invierten un menor porcentaje que Espa\u00f1a en Educaci\u00f3n en relaci\u00f3n al PIB. Nuestro vecino Portugal, por el contrario, invierte un 6 %. Y en segundo t\u00e9rmino, hay que hablar, por mucho que le duela a la Derecha hispana, del secular atraso de nuestro pa\u00eds y de los niveles de d\u00f3nde part\u00edamos. As\u00ed, seg\u00fan el profesor Vi\u00f1ao, en Espa\u00f1a apenas se invert\u00eda un 1,4 % del PIB en Educaci\u00f3n en 1964 y poco m\u00e1s de un 1,7 % en 1974. R<\/p>\n<p style=\"text-align: justify;\">epito, apenas se invert\u00eda un 1,7 % del PIB en Educaci\u00f3n a la muerte de Franco. No es extra\u00f1o pues que a finales de los setenta y principios de los ochenta se nos pudiese considerar un pa\u00eds de iletrados. Como consecuencia de ello, en la cohorte demogr\u00e1fica de los nacidos entre 1951-1960 s\u00f3lo el 24 % de los hombres y el 18 % de las mujeres acced\u00edan a la Universidad, y apenas el 46 % de los varones y el 39 % de las mujeres completaban su educaci\u00f3n secundaria. Por el contrario, entre los nacidos entre 1971-1980 el 35 % de los hombres y el 45 % de las mujeres poseen un t\u00edtulo universitario, coloc\u00e1ndonos entre los primeros pa\u00edses europeos en porcentaje de universitarios.<\/p>\n<p style=\"text-align: justify;\">Conviene adem\u00e1s recordar a la hora de poner en valor los resultados obtenidos en PISA que, tal y como demuestra<strong> Pau Mari-Klose<\/strong>, si el nivel educativo medio de los padres espa\u00f1oles fuera similar al de los progenitores finlandeses nuestro pa\u00eds ocupar\u00eda el octavo lugar en el citado ranking. De hecho, Castilla Le\u00f3n, que ocupa un magn\u00edfico lugar en el informe PISA, presentaba a finales del siglo XIX unas tasas de alfabetizaci\u00f3n similares a las europeas, mientras que el analfabetismo m\u00e1s atroz, con m\u00e1s de un 60 %, era la t\u00f3nica dominante en el resto de Espa\u00f1a.<\/p>\n<p style=\"text-align: justify;\">En definitiva, y a modo de resumen, partiendo de un atraso feroz y de una realidad infame, invirtiendo incluso en los mejores momentos mucho menos que la media europea y hoy situ\u00e1ndonos a la cola, Espa\u00f1a ha dado un notable salto adelante en Educaci\u00f3n. Y lo ha dado tanto en nivel educativo, situ\u00e1ndonos por encima de la media de la UE en porcentaje de universitarios, como en equidad, dado que si entre los nacidos en la d\u00e9cada de los a\u00f1os cuarenta s\u00f3lo el 14 % de los universitarios proven\u00eda de familias con formaci\u00f3n inferior a la secundaria, hoy ese porcentaje asciende al 35 %.<\/p>\n<p style=\"text-align: justify;\">Pues bien, ante esta realidad de un sistema educativo con, le pese quien le pese, buenos resultados, tenemos otra muy distinta. Y es que seg\u00fan un estudio de Asempleo, resulta que el 66,4 % de los j\u00f3venes est\u00e1 sobrecualificado para su puesto de trabajo, es decir se emplean en puestos de trabajo que necesitan una cualificaci\u00f3n (y unos estudios) inferiores a la que poseen. En definitiva, lo que falla en nuestro pa\u00eds, lo que es lamentable y penoso, es un mercado de trabajo y un sistema productivo como el espa\u00f1ol, que no necesita ni talento ni formaci\u00f3n. Esa es la verdadera falla de Espa\u00f1a, su verdadero drama; el modelo de pa\u00eds tercermundista que se est\u00e1 construyendo. Claro que de esto no les interesa hablar a aquellos que persiguen la privatizaci\u00f3n y la demolici\u00f3n de un sistema educativo que s\u00ed que sirve a los espa\u00f1oles, pero no a ellos ni a los nauseabundos fines que persiguen.<\/p>\n<\/div>\n<\/div>\n<\/div>\n<\/div>\n<div class=\"td-author-by\">Por <a href=\"http:\/\/diario16.com\/author\/miguel-angel-cerdan\/\">Miguel \u00c1ngel Cerd\u00e1n<\/a><\/div>\n<div><\/div>\n<div><a href=\"http:\/\/diario16.com\/hablamos-serio-educacion\/\">http:\/\/diario16.com\/hablamos-serio-educacion\/<\/a><\/div>\n","protected":false},"excerpt":{"rendered":"<p>Seg\u00fan el \u00faltimo Informe Pisa, Espa\u00f1a se sit\u00faa al mismo nivel en compresi\u00f3n lectora que&#8230;<\/p>\n","protected":false},"author":1,"featured_media":27363,"comment_status":"closed","ping_status":"closed","sticky":false,"template":"","format":"standard","meta":{"_coblocks_attr":"","_coblocks_dimensions":"","_coblocks_responsive_height":"","_coblocks_accordion_ie_support":"","jetpack_post_was_ever_published":false,"_jetpack_newsletter_access":"","_jetpack_dont_email_post_to_subs":false,"_jetpack_newsletter_tier_id":0,"_jetpack_memberships_contains_paywalled_content":false,"_jetpack_memberships_contains_paid_content":false,"footnotes":"","jetpack_publicize_message":"","jetpack_publicize_feature_enabled":true,"jetpack_social_post_already_shared":false,"jetpack_social_options":{"image_generator_settings":{"template":"highway","default_image_id":0,"enabled":false},"version":2}},"categories":[187,44,15],"tags":[27,3297],"class_list":["post-27362","post","type-post","status-publish","format-standard","has-post-thumbnail","hentry","category-centros-educativos","category-noticias-de-hoy","category-ultimas-noticias","tag-educacion","tag-informe-pisa"],"jetpack_publicize_connections":[],"jetpack_featured_media_url":"https:\/\/i0.wp.com\/miradordeatarfe.es\/wp-content\/uploads\/2018\/12\/pizarra.jpg?fit=640%2C426&ssl=1","jetpack_likes_enabled":true,"jetpack_sharing_enabled":true,"_links":{"self":[{"href":"https:\/\/miradordeatarfe.es\/index.php?rest_route=\/wp\/v2\/posts\/27362","targetHints":{"allow":["GET"]}}],"collection":[{"href":"https:\/\/miradordeatarfe.es\/index.php?rest_route=\/wp\/v2\/posts"}],"about":[{"href":"https:\/\/miradordeatarfe.es\/index.php?rest_route=\/wp\/v2\/types\/post"}],"author":[{"embeddable":true,"href":"https:\/\/miradordeatarfe.es\/index.php?rest_route=\/wp\/v2\/users\/1"}],"replies":[{"embeddable":true,"href":"https:\/\/miradordeatarfe.es\/index.php?rest_route=%2Fwp%2Fv2%2Fcomments&post=27362"}],"version-history":[{"count":2,"href":"https:\/\/miradordeatarfe.es\/index.php?rest_route=\/wp\/v2\/posts\/27362\/revisions"}],"predecessor-version":[{"id":27365,"href":"https:\/\/miradordeatarfe.es\/index.php?rest_route=\/wp\/v2\/posts\/27362\/revisions\/27365"}],"wp:featuredmedia":[{"embeddable":true,"href":"https:\/\/miradordeatarfe.es\/index.php?rest_route=\/wp\/v2\/media\/27363"}],"wp:attachment":[{"href":"https:\/\/miradordeatarfe.es\/index.php?rest_route=%2Fwp%2Fv2%2Fmedia&parent=27362"}],"wp:term":[{"taxonomy":"category","embeddable":true,"href":"https:\/\/miradordeatarfe.es\/index.php?rest_route=%2Fwp%2Fv2%2Fcategories&post=27362"},{"taxonomy":"post_tag","embeddable":true,"href":"https:\/\/miradordeatarfe.es\/index.php?rest_route=%2Fwp%2Fv2%2Ftags&post=27362"}],"curies":[{"name":"wp","href":"https:\/\/api.w.org\/{rel}","templated":true}]}}