{"id":27366,"date":"2018-12-03T10:29:15","date_gmt":"2018-12-03T09:29:15","guid":{"rendered":"http:\/\/miradordeatarfe.es\/?p=27366"},"modified":"2018-12-02T10:33:41","modified_gmt":"2018-12-02T09:33:41","slug":"aprobada-la-nueva-ordenanza-del-cementerio-y-el-inventario-municipal-de-bienes","status":"publish","type":"post","link":"https:\/\/miradordeatarfe.es\/?p=27366","title":{"rendered":"Aprobada la nueva ordenanza del cementerio y el inventario municipal de bienes"},"content":{"rendered":"<div class=\"col-md-9\">\n<div class=\"blog-posts single-post\">\n<article class=\"post post-large blog-single-post\">\n<div class=\"post-content\">\n<div class=\"post-meta\" style=\"text-align: justify;\">Tambi\u00e9n se crear\u00e1 una comisi\u00f3n espec\u00edfica sobre los planes de empleo y se apoyar\u00e1 la Feria de la Ciencia en su d\u00e9cimo aniversario. No sali\u00f3 adelante dos mociones de Ganemos sobre violencia de g\u00e9nero y la solicitud de concesi\u00f3n del Nobel a Lorca.<!--more--><\/div>\n<div class=\"post-meta\" style=\"text-align: justify;\">\u00a0Los grupos municipales que integran la corporaci\u00f3n municipal de Atarfe aprobaron por mayor\u00eda la <strong>nueva ordenanza reguladora del cementerio<\/strong> y el <strong>inventario municipal<\/strong>,\u00a0entre otros asuntos que se debatieron en el pleno ordinario de noviembre celebrado el pasado jueves.<\/div>\n<p style=\"text-align: justify;\">Todos los partidos con representaci\u00f3n en el Ayuntamiento coincidieron en la necesidad de contar con una normativa que regule la actividad del camposanto si bien el portavoz de Ganemos, Antonio Lucena, se abstuvo en la votaci\u00f3n\u00a0al no aceptarse un cambio en un punto de la ordenanza para que se incluyera como titulares el uso gen\u00e9rico de organizaciones sin \u00e1nimo de lucro en lugar de concretar el de comunidades y colectivos religiosos. Tambi\u00e9n hubo un compromiso por parte del gobierno de actualizar el programa inform\u00e1tico para\u00a0mejorar el control\u00a0de los datos que conciernen al cementerio.<\/p>\n<p style=\"text-align: justify;\">Por unanimidad sali\u00f3 adelante el nuevo <strong>inventario municipal<\/strong>,\u00a0una herramienta que facilita el registro, manejo y control de los bienes del Ayuntamiento de Atarfe. Las Administraciones P\u00fablicas est\u00e1n obligadas a inventariar los bienes y derechos que integran su patrimonio. Aunque en la actualidad, dicho inventario se encuentra incompleto, todos los grupos consideraron conveniente contar con\u00a0una herramienta\u00a0que sirva para proteger los bienes patrimoniales que son propiedad del Ayuntamiento.<\/p>\n<p style=\"text-align: justify;\">Tambi\u00e9n hubo consenso\u00a0para aprobar el tr\u00e1mite de reconocer a la empresa <strong>Acidesa<\/strong>, encargada de la gesti\u00f3n de las instalaciones deportivas municipales de Atarfe, como medio propio del Ayuntamiento, una formalidad que es de obligado cumplimiento con la nueva Ley de Contratos; y se logr\u00f3 el mismo resultado un\u00e1nime en la votaci\u00f3n\u00a0para corregir un error en la cuant\u00eda del Plan de Empleo de Fomento Agrario aprobado en marzo.<\/p>\n<h5 style=\"text-align: justify;\">Mociones<\/h5>\n<p style=\"text-align: justify;\">El debate en esta ocasi\u00f3n se centr\u00f3 en las mociones que presentaron distintos grupos de la oposici\u00f3n, en concreto PSOE, Ciudadanos y Ganemos.<\/p>\n<p style=\"text-align: justify;\">Por unanimidad se aprob\u00f3 la propuesta socialista relacionada con los planes extraordinarios de empleo de la Junta de Andaluc\u00eda si bien hubo que reformular su planteamiento despu\u00e9s de que el secretario municipal advirtiera de la incompatibilidad\u00a0prevista en la ley que impide a los\u00a0pol\u00edticos\u00a0formar\u00a0parte del proceso de selecci\u00f3n de aspirantes a los puesto de trabajo, labor que en los planes de la Junta corresponde realizar al Servicio Andaluz de Empleo (SAE) y a los t\u00e9cnicos municipales.<\/p>\n<p style=\"text-align: justify;\">La moci\u00f3n del PSOE solicitaba \u00abcrear una mesa de transparencia para la selecci\u00f3n de dichos aspirantes en la que participen representantes de todos los grupos pol\u00edticos, junto con los t\u00e9cnicos municipales correspondientes; establecer conjunta y previamente los criterios objetivos que se aplicar\u00e1n en dicha selecci\u00f3n del personal que ser\u00e1 entrevistado, e informar a las personas definitivamente contratadas sobre sus funciones, derechos y obligaciones por parte de esta mesa creada al efecto\u00bb.<\/p>\n<p style=\"text-align: justify;\">Finalmente se modific\u00f3 la moci\u00f3n, tras las objeciones presentadas tambi\u00e9n por el equipo de gobierno de PASI,\u00a0adopt\u00e1ndose el compromiso de constituir\u00a0una comisi\u00f3n de empleo espec\u00edfica, con representaci\u00f3n de los grupos municipales, que\u00a0ofrezca informaci\u00f3n sobre\u00a0la elaboraci\u00f3n de los planes sin entrar en el proceso de selecci\u00f3n personal, labor que queda en manos de los t\u00e9cnicos.<\/p>\n<p style=\"text-align: justify;\">La propuesta para la promoci\u00f3n de la X edici\u00f3n de la Feria de la Ciencia de Atarfe se convirti\u00f3 en moci\u00f3n institucional pero condicionada a los informes t\u00e9cnicos sobre seguridad\u00a0que permitan la cesi\u00f3n permanente de la torre del arca de los tiempos sitiuada en el parque Arquitecto Ram\u00f3n Gard\u00f3n. El alcalde Francisco Rodr\u00edguez Quesada alert\u00f3 del problema de seguridad del espacio y record\u00f3 la\u00a0iniciativa del equipo de gobierno para ubicar en dicho emplazamiento un aljibe como soluci\u00f3n a los reparos detectados por los t\u00e9cnicos y bomberos, una propuesta que fue rechazada por la oposici\u00f3n en el pleno. En la moci\u00f3n institucional aprobada ayer tambi\u00e9n se contempla una dotaci\u00f3n econ\u00f3mica y la posibilidad de conceder becas,\u00a0adem\u00e1s de otras cuestiones que sirvan para promocionar el evento cient\u00edfico en el que participa toda la comunidad escolar de Atarfe.<\/p>\n<p style=\"text-align: justify;\">Peor suerte corrieron las mociones presentadas por Ganemos relacionadas con medidas de apoyo a la lucha contra la violencia de g\u00e9nero y\u00a0una propuesta de adhesi\u00f3n al manifiesto ciudadano por el que se solicita la concesi\u00f3n del premio Nobel a t\u00edtulo p\u00f3stumo al poeta Federico Garc\u00eda Lorca. Los siete votos de PASI, Ganemos y la concejal socialista Trinidad Rodr\u00edguez fueron insuficientes para aprobar las dos mociones, que contaron con el rechazo por distintos motivos de otros tres concejales del PSOE, dos del PP y otros dos de Ciudadanos.<\/p>\n<p style=\"text-align: justify;\">En el turno de ruegos y preguntas, los grupos de la oposici\u00f3n solicitaron informaci\u00f3n sobre el alumbrado de navidad, el alumbrado p\u00fablico de calles, la accesibilidad en las dependencias municipales, asuntos de contrataci\u00f3n, la encomienda de los planes urban\u00edsticos en Plaza de Toros y el arreglo de calles, entre otras asuntos.<\/p>\n<p style=\"text-align: justify;\">El debate \u00edntegro puede verse en el siguiente enlace:<\/p>\n<p style=\"text-align: justify;\"><iframe loading=\"lazy\" src=\"http:\/\/www.youtube.com\/embed\/mkL_wg_MK_I\" width=\"560\" height=\"315\" data-mce-fragment=\"1\"><\/iframe><\/p>\n<hr class=\"invisible\" \/>\n<div class=\"post-block post-share\" style=\"text-align: justify;\">\n<h3 class=\"heading-primary\"><\/h3>\n<div class=\"addthis_toolbox addthis_default_style \"><\/div>\n<\/div>\n<\/div>\n<\/article>\n<\/div>\n<\/div>\n<div class=\"col-md-3\">\n<aside class=\"sidebar\">\u00a0<\/aside>\n<\/div>\n","protected":false},"excerpt":{"rendered":"<p>Tambi\u00e9n se crear\u00e1 una comisi\u00f3n espec\u00edfica sobre los planes de empleo y se apoyar\u00e1 la&#8230;<\/p>\n","protected":false},"author":1,"featured_media":27367,"comment_status":"closed","ping_status":"closed","sticky":false,"template":"","format":"standard","meta":{"_coblocks_attr":"","_coblocks_dimensions":"","_coblocks_responsive_height":"","_coblocks_accordion_ie_support":"","jetpack_post_was_ever_published":false,"_jetpack_newsletter_access":"","_jetpack_dont_email_post_to_subs":false,"_jetpack_newsletter_tier_id":0,"_jetpack_memberships_contains_paywalled_content":false,"_jetpack_memberships_contains_paid_content":false,"footnotes":"","jetpack_publicize_message":"","jetpack_publicize_feature_enabled":true,"jetpack_social_post_already_shared":false,"jetpack_social_options":{"image_generator_settings":{"template":"highway","default_image_id":0,"enabled":false},"version":2}},"categories":[2,1161,186,44,15],"tags":[81,1713],"class_list":["post-27366","post","type-post","status-publish","format-standard","has-post-thumbnail","hentry","category-atarfe","category-ciudadania","category-instituciones","category-noticias-de-hoy","category-ultimas-noticias","tag-atarfe","tag-pleno-municipal"],"jetpack_publicize_connections":[],"jetpack_featured_media_url":"https:\/\/i0.wp.com\/miradordeatarfe.es\/wp-content\/uploads\/2018\/12\/Pleno-Atarfe-Plan-de-Ajuste-01.jpg?fit=970%2C545&ssl=1","jetpack_likes_enabled":true,"jetpack_sharing_enabled":true,"_links":{"self":[{"href":"https:\/\/miradordeatarfe.es\/index.php?rest_route=\/wp\/v2\/posts\/27366","targetHints":{"allow":["GET"]}}],"collection":[{"href":"https:\/\/miradordeatarfe.es\/index.php?rest_route=\/wp\/v2\/posts"}],"about":[{"href":"https:\/\/miradordeatarfe.es\/index.php?rest_route=\/wp\/v2\/types\/post"}],"author":[{"embeddable":true,"href":"https:\/\/miradordeatarfe.es\/index.php?rest_route=\/wp\/v2\/users\/1"}],"replies":[{"embeddable":true,"href":"https:\/\/miradordeatarfe.es\/index.php?rest_route=%2Fwp%2Fv2%2Fcomments&post=27366"}],"version-history":[{"count":2,"href":"https:\/\/miradordeatarfe.es\/index.php?rest_route=\/wp\/v2\/posts\/27366\/revisions"}],"predecessor-version":[{"id":27369,"href":"https:\/\/miradordeatarfe.es\/index.php?rest_route=\/wp\/v2\/posts\/27366\/revisions\/27369"}],"wp:featuredmedia":[{"embeddable":true,"href":"https:\/\/miradordeatarfe.es\/index.php?rest_route=\/wp\/v2\/media\/27367"}],"wp:attachment":[{"href":"https:\/\/miradordeatarfe.es\/index.php?rest_route=%2Fwp%2Fv2%2Fmedia&parent=27366"}],"wp:term":[{"taxonomy":"category","embeddable":true,"href":"https:\/\/miradordeatarfe.es\/index.php?rest_route=%2Fwp%2Fv2%2Fcategories&post=27366"},{"taxonomy":"post_tag","embeddable":true,"href":"https:\/\/miradordeatarfe.es\/index.php?rest_route=%2Fwp%2Fv2%2Ftags&post=27366"}],"curies":[{"name":"wp","href":"https:\/\/api.w.org\/{rel}","templated":true}]}}