{"id":27390,"date":"2018-12-04T11:37:47","date_gmt":"2018-12-04T10:37:47","guid":{"rendered":"http:\/\/miradordeatarfe.es\/?p=27390"},"modified":"2022-02-12T12:39:45","modified_gmt":"2022-02-12T11:39:45","slug":"atletismo-atarfe-y-la-jornada-de-reflexion","status":"publish","type":"post","link":"https:\/\/miradordeatarfe.es\/?p=27390","title":{"rendered":"ATLETISMO ATARFE Y LA JORNADA DE REFLEXI\u00d3N.-"},"content":{"rendered":"<p style=\"text-align: justify;\">En plena jornada de reflexi\u00f3n en la v\u00edspera de unos nuevos comicios a nivel auton\u00f3mico nuestro equipo de crossistas viaj\u00f3 a la vera del pantano de B\u00e9znar para disputar la segunda etapa del Circuito Provincial de Cross organizado por la Diputaci\u00f3n, denominado Cross Valle de Lecr\u00edn.<!--more--><\/p>\n<p style=\"text-align: justify;\">La jornada de reflexi\u00f3n, conocida tambi\u00e9n en otras latitudes como veda electoral o silencio electoral, es el lapso durante el cual rigen una serie de prohibiciones legales vinculadas a la propaganda pol\u00edtica, que se aplican cuando<br \/>\nhay elecciones, y pueden comenzar unos d\u00edas u horas antes y terminar horas despu\u00e9s. En nuestro pa\u00eds dicho espacio de tiempo discurre entre las cero horas de la v\u00edspera hasta el cierre de los colegios electorales.<br \/>\nDurante este per\u00edodo de tiempo rigen una serie de prohibiciones tendentes a permitir que los ciudadanos puedan reflexionar sobre su voto sin sufrir influencias externas.<\/p>\n<p style=\"text-align: justify;\">\nEl t\u00e9rmino reflexi\u00f3n es por tanto el que da sentido a la jornada de hoy y ser\u00e1 la piedra vehicular sobre la que vamos a exponer las prestaciones conseguidas por ATLETISMO ATARFE en el Cross de Lecr\u00edn.<br \/>\nEl diccionario de la Real Academia Espa\u00f1ola (RAE) menciona variossignificados de la palabra reflexi\u00f3n, que proviene del termino latino reflex\u012do. El primero est\u00e1 asociado al verbo reflexionar, que consiste en analizar algo con<br \/>\ndetenimiento.<\/p>\n<p style=\"text-align: justify;\">Pues bien detenimiento lo cierto es que hubo poco, es m\u00e1s brill\u00f3 por su ausencia, porque nuestros\/as atletas Sub 10 salieron a tope desde el comienzo, entre ellos quien menos detenimiento mostr\u00f3 fue Samuel Garc\u00eda Rodr\u00edguez que<br \/>\nen su debut en el circuito consigui\u00f3 un magn\u00edfico 2\u00ba puesto, si bien hay que indicar que en un principio anduvo contenido para ir progresivamente a m\u00e1s hasta el final y demostrando la calidad que atesora. El resto de benjamines<br \/>\ntambi\u00e9n mostr\u00f3 poco detenimiento porque todos corrieron raudos y veloces, as\u00ed Alejandro L\u00f3pez Garc\u00eda fue 7\u00ba y Adri\u00e1n Huertas Jim\u00e9nez 9\u00ba; tres atletas entre los diez mejores, un equipazo. Entre los veinte primeros se clasificaron David Mar\u00edn Aranda (13) y David Hurtado S\u00e1nchez (19), completando Alejandro Bol\u00edvar Segovia (22) y Jos\u00e9 Manzano Vaquero (27). Entre las ni\u00f1as una fenomenal Julia Fuentes qued\u00f3 10\u00aa echando en falta alguna compa\u00f1era que le secundase demostrando que poco a poco va cogiendo confianza y tablas en la categor\u00eda.<\/p>\n<p style=\"text-align: justify;\">Otra acepci\u00f3n del t\u00e9rmino \u201creflexi\u00f3n\u201d la encontramos en la filosof\u00eda para la que reflexi\u00f3n es una actividad que se lleva a cabo para tener consideraci\u00f3n de algo, meditando y pensando al respecto. Pues bien nuestros Sub 12 meditaron y pensaron lo justo pues una vez o\u00eddo el disparo de salida pusieron pies en polvorosa con el \u00fanico objetivo de llegar lo antes posible a meta, quien menos tiempo dedic\u00f3 a la meditaci\u00f3n fue \u00c1lvaro Hern\u00e1ndez S\u00e1nchez que volvi\u00f3 a subir al p\u00f3dium al conseguir un meritorio 3\u00ba lugar y provocando un problema log\u00edstico familiar, pues tanto \u00e9l como su hermano David suman sus participaciones con premio y va faltando sitio en la casa para guardar tanto agasajo. En esta categor\u00eda acompa\u00f1\u00f3 a \u00c1lvaro M\u00e1ximo Valverde Andr\u00e9 que lleg\u00f3 en el puesto 18 y dio una lecci\u00f3n de pundonor pues tras ir parte de la carrera entre los cinco mejores tropez\u00f3 cayendo al suelo y d\u00e1ndose un fuerte golpe da\u00f1\u00e1ndose la cara y el hombro lo que no impidi\u00f3 que se levantase y emprendiese la marcha y llegase a meta cuando lo m\u00e1s f\u00e1cil hubiera sido optar por la retirada.<\/p>\n<p style=\"text-align: justify;\">\nEn la misma categor\u00eda pero femenino tuvimos un aut\u00e9ntico elenco \u00e9stas s\u00ed algo m\u00e1s reflexivas que sus compa\u00f1eros de edad y que en esta ocasi\u00f3n s\u00ed\u00a0 supieron colocarse en la parrilla de salida y por orden de clasificaci\u00f3n destacar<br \/>\na Alejandra Rivera Herrera que con un 5\u00ba puesto se ve cada vez m\u00e1s cerca de las primeras tras un inicio de temporada que se tom\u00f3 con m\u00e1s calma. Le secundaron Elena Lucena Ruiz (12) y Carolina Lozano Alejo (13) mejorando ambas sus puestos de Cuevas del Campo. Tambi\u00e9n consigui\u00f3 mejorar Elisabeth L\u00f3pez Lafuente (26) completando escuadra Mar\u00eda \u00c1ngeles Fern\u00e1ndez Requena (30), Leire P\u00e9rez Cano (37) y Clara Garc\u00eda Cant\u00f3n (43)<br \/>\nIgualmente en el campo del sonido se habla de reflexi\u00f3n. En este caso concreto, este concepto es sin\u00f3nimo del proceso mediante el cual una onda puede llegar a reflejarse o a absorberse. Unas acciones estas que las realizar\u00e1<br \/>\naquella cuando se tope con un obst\u00e1culo al que le es imposible traspasar o rodear.<\/p>\n<p style=\"text-align: justify;\">En este citado campo, la reflexi\u00f3n est\u00e1 muy en relaci\u00f3n con una serie de elementos que son los que propician que esa acci\u00f3n tenga forma y sentido. As\u00ed, en concreto podemos exponer que entre aquellos destacan tanto el eco como<br \/>\nlas llamadas ondas estacionarias y el conocido fen\u00f3meno de la reverberaci\u00f3n.<\/p>\n<p style=\"text-align: justify;\">\nY el Eco se dej\u00f3 o\u00edr en las dos pruebas sub 14, por un lado porque nuestros mejores crossistas repiten una y otra vez sus puestos en el caj\u00f3n y de otro lado porque aun se reverbera por la presa de B\u00e9znar el Ataaarfe-atarfeeee \u2026 Efectivamente Mar\u00eda P\u00e9rez G\u00f3mez en una carrera donde comparte dominio de la prueba con la atleta de La Zubia Alicia S\u00e1nchez Esp\u00ednola, hija de la legendaria Miriam Esp\u00ednola quiz\u00e1 la mejor crossista provincial de la historia,<br \/>\ncediendo el liderazgo por tan s\u00f3lo dos segundos. Nuevo premio para Mar\u00eda que sigue contando sus actuaciones por medalla y ya van \u2026 Junto a ella Marta Hern\u00e1ndez Carrillo Gonz\u00e1lez (41) que sigue sumando experiencia en el mundo<br \/>\ndel cross donde va cogiendo confianza.Los ni\u00f1os dieron una clase pr\u00e1ctica del funcionamiento del eco pues ya<br \/>\nsabemos que el sonido tras ir chocando con diversos obst\u00e1culos nos viene devuelto con algo de retraso, en esta ocasi\u00f3n el segundo y tercer puesto de Curro Avil\u00e9s Torrecillas y Manuel Cort\u00e9s Garrido en Cuevas se repiti\u00f3 con un<br \/>\ntercer y cuarto puesto si bien Manuel repiti\u00f3 posici\u00f3n y Curro baj\u00f3 al cuarto pelda\u00f1o.<\/p>\n<p style=\"text-align: justify;\">Destacar que esta sana rivalidad va a hacer que ambos mejoren en todos los aspectos, en el caso del atleta de Beas de Granada (Manuel) reci\u00e9n aterrizado en el club y que aprende a pasos agigantados y en el caso de Curro entendiendo que es un atleta de primer a\u00f1o y en esta edad donde algunos van dando el estir\u00f3n esta diferencia de edad se deja notar pero el trabajo constante y la perseverancia acabar\u00e1n dando sus frutos. Respecto de la carrera comentar<br \/>\nque esta categor\u00eda est\u00e1 muy interesante por la cercan\u00eda entre los mejores de ah\u00ed que se esperase con expectaci\u00f3n, de salida Lucas del Nerja imprimi\u00f3 un alto ritmo intentando zafarse de sus compa\u00f1eros cosa que no consigui\u00f3 pues tanto nuestros dos representantes como Luis de Motril le aguantaron el ritmo altern\u00e1ndose en cabeza, siendo a falta de 400 metros cuando Lucas demarr\u00f3 y march\u00f3 en solitario.<\/p>\n<p style=\"text-align: justify;\">El duelo fratricida por el tercer puesto se mantuvo hasta el final peleando ambos hasta el \u00faltimo metro.<br \/>\nEn este grupo de edad cuenta Atletismo Atarfe con un nutrido y compacto equipo que seguro hace muy amenos los entrenamientos. Diego Fuentes Escobar mejor\u00f3 su prestaci\u00f3n de Cuevas subiendo hasta el puesto 16, por su parte realizaron una buena carrera Jorge Luis Torres Enr\u00edquez (26), Carlos Pe\u00f1a Galindo (28) y Daniel P\u00e9rez Cano (33).<br \/>\nPor su parte en la f\u00edsica, la reflexi\u00f3n es un fen\u00f3meno que tiene lugar cuando una luz que tiene incidencia sobre un cierto material es reflejada. Esto quiere decir que la reflexi\u00f3n implica una modificaci\u00f3n en la direcci\u00f3n de dicha luz,<br \/>\nya que \u00e9sta vuelve a su medio. No s\u00f3lo la luz puede reflejarse: las ondas acu\u00e1ticas y las ondas sonoras tambi\u00e9n est\u00e1n en condiciones de producir este fen\u00f3meno f\u00edsico.<\/p>\n<p style=\"text-align: justify;\">Hablando de fen\u00f3menos tenemos que hablar de David Hern\u00e1ndez S\u00e1nchez, sub 16, que una vez m\u00e1s dej\u00f3 impronta de su clase y eso que su especialidad son pruebas m\u00e1s cortas. Realiza una carrera muy inteligente reflejo de su calidad, se mantuvo en todo momento en el grupo de cabeza para a falta de 500 metros escaparse con el atleta de Peligros, Ismael Matar, que a la postre le gan\u00f3 la partida. Por su parte, \u00c1ngel Torres Villalba (11) se clasifica de nuevo<br \/>\nentre la primera docena haciendo una carrera muy digna a un fuerte ritmo.<\/p>\n<p style=\"text-align: justify;\">\nEn el \u00e1mbito de la inform\u00e1tica la reflexi\u00f3n hace referencia a la capacidadque tiene un lenguaje de programaci\u00f3n en concreto que le permite no s\u00f3lo observar sino tambi\u00e9n llevar a cabo la modificaci\u00f3n de lo que es su estructura de<br \/>\nalto nivel.<\/p>\n<p style=\"text-align: justify;\">Alto nivel es el que nos viene demostrando en Sub 20 Marcos Fern\u00e1ndez Requena, segundo tras el atleta del Surco Aventura Rodrigo Espigares. Marcos se est\u00e1 codeando ya con los mejores especialistas andaluces en una disciplina<br \/>\nen la que ya no est\u00e1 de simple observador sino que ya es un actor que puede modificar las estructuras de c\u00f3digos fuente, alguna sorpresa dar\u00e1 en el auton\u00f3mico de Villamanrique de la Condesa, al tiempo.<\/p>\n<p style=\"text-align: justify;\">Para la geometr\u00eda, por \u00faltimo, la reflexi\u00f3n consiste en copiar cada uno de los puntos que forman una figura para trasladarlos a otra posici\u00f3n, que mantiene equidistancia con una recta que funciona como eje sim\u00e9trico. Al concluir el proceso, el resultado es una imagen que resulta id\u00e9ntica a la primera (de la cual se han copiado y trasladado sus puntos).<\/p>\n<p style=\"text-align: justify;\">Pues s\u00ed, una imagen en la que quedan reflejados los valores de nuestro club (trabajo, perseverancia, honestidad, humildad, ilusi\u00f3n, ambici\u00f3n) es Jos\u00e9 Antonio Justicia Ruiz que pasito a pasito se est\u00e1 conformando con un atleta<br \/>\nsolvente y de garant\u00eda. En una carrera donde se dieron cita los mejores atletas de fondo de la provincia supo estar a su altura, cogiendo ritmo inicialmente para poco a poco ir soltando atletas que confiando en su ritmo le chupaban rueda e ir cogiendo a otros atletas que optaron por una mayor velocidad de crucero desde el inicio hasta culminar con un meritorio sexto puesto.<\/p>\n<p style=\"text-align: justify;\">\nEn definitiva, un buen d\u00eda para ATLETISMO ATARFE tanto en resultados como en participaci\u00f3n, qued\u00e1ndonos a todos una muy buena sensaci\u00f3n final.<br \/>\nCompletamos cr\u00f3nica dando cuenta de nuestros atletas \u201cmaster\u201d que siguen d\u00e1ndonos alegr\u00edas, el pasado domingo en los 10K de Lorca el lorquino Regino Zamora consigui\u00f3 el primer puesto en su grupo de edad en lo que ya se<br \/>\nest\u00e1 convirtiendo en una costumbre, correr-subir al p\u00f3dium-y deleitar los sabores y taninos de la zona. Por otro lado en la Nocturna de Maracena disputada este pasado viernes contamos con la participaci\u00f3n de Antonio Romero Barrios que debutaba con nuestra el\u00e1stica siendo el 11 de su categor\u00eda.<\/p>\n<p style=\"text-align: justify;\">Recordar que todos\/as los interesados en practicar atletismo y contar con la supervisi\u00f3n de un monitor titulado con amplia experiencia tanto como atleta como entrenador pod\u00e9is pasar por la pista los lunes y mi\u00e9rcoles de 18 a 19 horas, donde tenemos en funcionamiento el grupo de mayores y el de mujer y deporte.<\/p>\n<p><strong>Manuel Jim\u00e9nez Lara<\/strong><\/p>\n<div class=\"tiled-gallery type-rectangular tiled-gallery-unresized\" data-original-width=\"640\" data-carousel-extra='null' itemscope itemtype=\"http:\/\/schema.org\/ImageGallery\" > <div class=\"gallery-row\" style=\"width: 640px; height: 475px;\" data-original-width=\"640\" data-original-height=\"475\" > <div class=\"gallery-group images-3\" style=\"width: 210px; height: 475px;\" data-original-width=\"210\" data-original-height=\"475\" > <div class=\"tiled-gallery-item tiled-gallery-item-small\" itemprop=\"associatedMedia\" itemscope itemtype=\"http:\/\/schema.org\/ImageObject\"> <a href=\"https:\/\/miradordeatarfe.es\/?attachment_id=27392\" border=\"0\" itemprop=\"url\"> <meta itemprop=\"width\" content=\"206\"> <meta itemprop=\"height\" content=\"155\"> <img decoding=\"async\" class=\"\" data-attachment-id=\"27392\" data-orig-file=\"https:\/\/miradordeatarfe.es\/wp-content\/uploads\/2018\/12\/cuevas-del-Campo-2018-1.jpg\" data-orig-size=\"1600,1200\" data-comments-opened=\"\" data-image-meta=\"{&quot;aperture&quot;:&quot;0&quot;,&quot;credit&quot;:&quot;&quot;,&quot;camera&quot;:&quot;&quot;,&quot;caption&quot;:&quot;&quot;,&quot;created_timestamp&quot;:&quot;0&quot;,&quot;copyright&quot;:&quot;&quot;,&quot;focal_length&quot;:&quot;0&quot;,&quot;iso&quot;:&quot;0&quot;,&quot;shutter_speed&quot;:&quot;0&quot;,&quot;title&quot;:&quot;&quot;,&quot;orientation&quot;:&quot;1&quot;}\" data-image-title=\"cuevas del Campo 2018 1\" data-image-description=\"\" data-medium-file=\"https:\/\/i0.wp.com\/miradordeatarfe.es\/wp-content\/uploads\/2018\/12\/cuevas-del-Campo-2018-1.jpg?fit=300%2C225&#038;ssl=1\" data-large-file=\"https:\/\/i0.wp.com\/miradordeatarfe.es\/wp-content\/uploads\/2018\/12\/cuevas-del-Campo-2018-1.jpg?fit=640%2C480&#038;ssl=1\" src=\"https:\/\/i0.wp.com\/miradordeatarfe.es\/wp-content\/uploads\/2018\/12\/cuevas-del-Campo-2018-1.jpg?w=206&#038;h=155&#038;ssl=1\" srcset=\"https:\/\/i0.wp.com\/miradordeatarfe.es\/wp-content\/uploads\/2018\/12\/cuevas-del-Campo-2018-1.jpg?w=1600&amp;ssl=1 1600w, https:\/\/i0.wp.com\/miradordeatarfe.es\/wp-content\/uploads\/2018\/12\/cuevas-del-Campo-2018-1.jpg?resize=300%2C225&amp;ssl=1 300w, https:\/\/i0.wp.com\/miradordeatarfe.es\/wp-content\/uploads\/2018\/12\/cuevas-del-Campo-2018-1.jpg?resize=768%2C576&amp;ssl=1 768w, https:\/\/i0.wp.com\/miradordeatarfe.es\/wp-content\/uploads\/2018\/12\/cuevas-del-Campo-2018-1.jpg?resize=1024%2C768&amp;ssl=1 1024w, https:\/\/i0.wp.com\/miradordeatarfe.es\/wp-content\/uploads\/2018\/12\/cuevas-del-Campo-2018-1.jpg?resize=600%2C450&amp;ssl=1 600w, https:\/\/i0.wp.com\/miradordeatarfe.es\/wp-content\/uploads\/2018\/12\/cuevas-del-Campo-2018-1.jpg?w=1280&amp;ssl=1 1280w\" width=\"206\" height=\"155\" loading=\"lazy\" data-original-width=\"206\" data-original-height=\"155\" itemprop=\"http:\/\/schema.org\/image\" title=\"cuevas del Campo 2018 1\" alt=\"cuevas del Campo 2018 1\" style=\"width: 206px; height: 155px;\" \/> <\/a> <\/div> <div class=\"tiled-gallery-item tiled-gallery-item-small\" itemprop=\"associatedMedia\" itemscope itemtype=\"http:\/\/schema.org\/ImageObject\"> <a href=\"https:\/\/miradordeatarfe.es\/?attachment_id=27393\" border=\"0\" itemprop=\"url\"> <meta itemprop=\"width\" content=\"206\"> <meta itemprop=\"height\" content=\"154\"> <img decoding=\"async\" class=\"\" data-attachment-id=\"27393\" data-orig-file=\"https:\/\/miradordeatarfe.es\/wp-content\/uploads\/2018\/12\/cuevas-del-Campo-2018-2.jpg\" data-orig-size=\"1600,1200\" data-comments-opened=\"\" data-image-meta=\"{&quot;aperture&quot;:&quot;0&quot;,&quot;credit&quot;:&quot;&quot;,&quot;camera&quot;:&quot;&quot;,&quot;caption&quot;:&quot;&quot;,&quot;created_timestamp&quot;:&quot;0&quot;,&quot;copyright&quot;:&quot;&quot;,&quot;focal_length&quot;:&quot;0&quot;,&quot;iso&quot;:&quot;0&quot;,&quot;shutter_speed&quot;:&quot;0&quot;,&quot;title&quot;:&quot;&quot;,&quot;orientation&quot;:&quot;1&quot;}\" data-image-title=\"cuevas del Campo 2018 2\" data-image-description=\"\" data-medium-file=\"https:\/\/i0.wp.com\/miradordeatarfe.es\/wp-content\/uploads\/2018\/12\/cuevas-del-Campo-2018-2.jpg?fit=300%2C225&#038;ssl=1\" data-large-file=\"https:\/\/i0.wp.com\/miradordeatarfe.es\/wp-content\/uploads\/2018\/12\/cuevas-del-Campo-2018-2.jpg?fit=640%2C480&#038;ssl=1\" src=\"https:\/\/i0.wp.com\/miradordeatarfe.es\/wp-content\/uploads\/2018\/12\/cuevas-del-Campo-2018-2.jpg?w=206&#038;h=154&#038;ssl=1\" srcset=\"https:\/\/i0.wp.com\/miradordeatarfe.es\/wp-content\/uploads\/2018\/12\/cuevas-del-Campo-2018-2.jpg?w=1600&amp;ssl=1 1600w, https:\/\/i0.wp.com\/miradordeatarfe.es\/wp-content\/uploads\/2018\/12\/cuevas-del-Campo-2018-2.jpg?resize=300%2C225&amp;ssl=1 300w, https:\/\/i0.wp.com\/miradordeatarfe.es\/wp-content\/uploads\/2018\/12\/cuevas-del-Campo-2018-2.jpg?resize=768%2C576&amp;ssl=1 768w, https:\/\/i0.wp.com\/miradordeatarfe.es\/wp-content\/uploads\/2018\/12\/cuevas-del-Campo-2018-2.jpg?resize=1024%2C768&amp;ssl=1 1024w, https:\/\/i0.wp.com\/miradordeatarfe.es\/wp-content\/uploads\/2018\/12\/cuevas-del-Campo-2018-2.jpg?resize=600%2C450&amp;ssl=1 600w, https:\/\/i0.wp.com\/miradordeatarfe.es\/wp-content\/uploads\/2018\/12\/cuevas-del-Campo-2018-2.jpg?w=1280&amp;ssl=1 1280w\" width=\"206\" height=\"154\" loading=\"lazy\" data-original-width=\"206\" data-original-height=\"154\" itemprop=\"http:\/\/schema.org\/image\" title=\"cuevas del Campo 2018 2\" alt=\"cuevas del Campo 2018 2\" style=\"width: 206px; height: 154px;\" \/> <\/a> <\/div> <div class=\"tiled-gallery-item tiled-gallery-item-small\" itemprop=\"associatedMedia\" itemscope itemtype=\"http:\/\/schema.org\/ImageObject\"> <a href=\"https:\/\/miradordeatarfe.es\/?attachment_id=27394\" border=\"0\" itemprop=\"url\"> <meta itemprop=\"width\" content=\"206\"> <meta itemprop=\"height\" content=\"154\"> <img decoding=\"async\" class=\"\" data-attachment-id=\"27394\" data-orig-file=\"https:\/\/miradordeatarfe.es\/wp-content\/uploads\/2018\/12\/cuevas-del-Campo-2018-3.jpg\" data-orig-size=\"1600,1200\" data-comments-opened=\"\" data-image-meta=\"{&quot;aperture&quot;:&quot;0&quot;,&quot;credit&quot;:&quot;&quot;,&quot;camera&quot;:&quot;&quot;,&quot;caption&quot;:&quot;&quot;,&quot;created_timestamp&quot;:&quot;0&quot;,&quot;copyright&quot;:&quot;&quot;,&quot;focal_length&quot;:&quot;0&quot;,&quot;iso&quot;:&quot;0&quot;,&quot;shutter_speed&quot;:&quot;0&quot;,&quot;title&quot;:&quot;&quot;,&quot;orientation&quot;:&quot;1&quot;}\" data-image-title=\"cuevas del Campo 2018 3\" data-image-description=\"\" data-medium-file=\"https:\/\/i0.wp.com\/miradordeatarfe.es\/wp-content\/uploads\/2018\/12\/cuevas-del-Campo-2018-3.jpg?fit=300%2C225&#038;ssl=1\" data-large-file=\"https:\/\/i0.wp.com\/miradordeatarfe.es\/wp-content\/uploads\/2018\/12\/cuevas-del-Campo-2018-3.jpg?fit=640%2C480&#038;ssl=1\" src=\"https:\/\/i0.wp.com\/miradordeatarfe.es\/wp-content\/uploads\/2018\/12\/cuevas-del-Campo-2018-3.jpg?w=206&#038;h=154&#038;ssl=1\" srcset=\"https:\/\/i0.wp.com\/miradordeatarfe.es\/wp-content\/uploads\/2018\/12\/cuevas-del-Campo-2018-3.jpg?w=1600&amp;ssl=1 1600w, https:\/\/i0.wp.com\/miradordeatarfe.es\/wp-content\/uploads\/2018\/12\/cuevas-del-Campo-2018-3.jpg?resize=300%2C225&amp;ssl=1 300w, https:\/\/i0.wp.com\/miradordeatarfe.es\/wp-content\/uploads\/2018\/12\/cuevas-del-Campo-2018-3.jpg?resize=768%2C576&amp;ssl=1 768w, https:\/\/i0.wp.com\/miradordeatarfe.es\/wp-content\/uploads\/2018\/12\/cuevas-del-Campo-2018-3.jpg?resize=1024%2C768&amp;ssl=1 1024w, https:\/\/i0.wp.com\/miradordeatarfe.es\/wp-content\/uploads\/2018\/12\/cuevas-del-Campo-2018-3.jpg?resize=600%2C450&amp;ssl=1 600w, https:\/\/i0.wp.com\/miradordeatarfe.es\/wp-content\/uploads\/2018\/12\/cuevas-del-Campo-2018-3.jpg?w=1280&amp;ssl=1 1280w\" width=\"206\" height=\"154\" loading=\"lazy\" data-original-width=\"206\" data-original-height=\"154\" itemprop=\"http:\/\/schema.org\/image\" title=\"cuevas del Campo 2018 3\" alt=\"cuevas del Campo 2018 3\" style=\"width: 206px; height: 154px;\" \/> <\/a> <\/div> <\/div> <!-- close group --> <div class=\"gallery-group images-1\" style=\"width: 430px; height: 475px;\" data-original-width=\"430\" data-original-height=\"475\" > <div class=\"tiled-gallery-item tiled-gallery-item-large\" itemprop=\"associatedMedia\" itemscope itemtype=\"http:\/\/schema.org\/ImageObject\"> <a href=\"https:\/\/miradordeatarfe.es\/?attachment_id=27395\" border=\"0\" itemprop=\"url\"> <meta itemprop=\"width\" content=\"426\"> <meta itemprop=\"height\" content=\"471\"> <img decoding=\"async\" class=\"\" data-attachment-id=\"27395\" data-orig-file=\"https:\/\/miradordeatarfe.es\/wp-content\/uploads\/2018\/12\/gplus1293828011.jpg\" data-orig-size=\"199,220\" data-comments-opened=\"\" data-image-meta=\"{&quot;aperture&quot;:&quot;0&quot;,&quot;credit&quot;:&quot;&quot;,&quot;camera&quot;:&quot;&quot;,&quot;caption&quot;:&quot;&quot;,&quot;created_timestamp&quot;:&quot;0&quot;,&quot;copyright&quot;:&quot;&quot;,&quot;focal_length&quot;:&quot;0&quot;,&quot;iso&quot;:&quot;0&quot;,&quot;shutter_speed&quot;:&quot;0&quot;,&quot;title&quot;:&quot;&quot;,&quot;orientation&quot;:&quot;0&quot;}\" data-image-title=\"gplus129382801[1]\" data-image-description=\"\" data-medium-file=\"https:\/\/i0.wp.com\/miradordeatarfe.es\/wp-content\/uploads\/2018\/12\/gplus1293828011.jpg?fit=199%2C220&#038;ssl=1\" data-large-file=\"https:\/\/i0.wp.com\/miradordeatarfe.es\/wp-content\/uploads\/2018\/12\/gplus1293828011.jpg?fit=199%2C220&#038;ssl=1\" src=\"https:\/\/i0.wp.com\/miradordeatarfe.es\/wp-content\/uploads\/2018\/12\/gplus1293828011.jpg?w=426&#038;h=471&#038;ssl=1\" width=\"426\" height=\"471\" loading=\"lazy\" data-original-width=\"426\" data-original-height=\"471\" itemprop=\"http:\/\/schema.org\/image\" title=\"gplus129382801[1]\" alt=\"gplus129382801[1]\" style=\"width: 426px; height: 471px;\" \/> <\/a> <\/div> <\/div> <!-- close group --> <\/div> <!-- close row --> <div class=\"gallery-row\" style=\"width: 640px; height: 139px;\" data-original-width=\"640\" data-original-height=\"139\" > <div class=\"gallery-group images-1\" style=\"width: 184px; height: 139px;\" data-original-width=\"184\" data-original-height=\"139\" > <div class=\"tiled-gallery-item tiled-gallery-item-small\" itemprop=\"associatedMedia\" itemscope itemtype=\"http:\/\/schema.org\/ImageObject\"> <a href=\"https:\/\/miradordeatarfe.es\/?attachment_id=27399\" border=\"0\" itemprop=\"url\"> <meta itemprop=\"width\" content=\"180\"> <meta itemprop=\"height\" content=\"135\"> <img decoding=\"async\" class=\"\" data-attachment-id=\"27399\" data-orig-file=\"https:\/\/miradordeatarfe.es\/wp-content\/uploads\/2018\/12\/gplus-15656372741.jpg\" data-orig-size=\"293,220\" data-comments-opened=\"\" data-image-meta=\"{&quot;aperture&quot;:&quot;0&quot;,&quot;credit&quot;:&quot;&quot;,&quot;camera&quot;:&quot;&quot;,&quot;caption&quot;:&quot;&quot;,&quot;created_timestamp&quot;:&quot;0&quot;,&quot;copyright&quot;:&quot;&quot;,&quot;focal_length&quot;:&quot;0&quot;,&quot;iso&quot;:&quot;0&quot;,&quot;shutter_speed&quot;:&quot;0&quot;,&quot;title&quot;:&quot;&quot;,&quot;orientation&quot;:&quot;0&quot;}\" data-image-title=\"gplus-1565637274[1]\" data-image-description=\"\" data-medium-file=\"https:\/\/i0.wp.com\/miradordeatarfe.es\/wp-content\/uploads\/2018\/12\/gplus-15656372741.jpg?fit=293%2C220&#038;ssl=1\" data-large-file=\"https:\/\/i0.wp.com\/miradordeatarfe.es\/wp-content\/uploads\/2018\/12\/gplus-15656372741.jpg?fit=293%2C220&#038;ssl=1\" src=\"https:\/\/i0.wp.com\/miradordeatarfe.es\/wp-content\/uploads\/2018\/12\/gplus-15656372741.jpg?w=180&#038;h=135&#038;ssl=1\" width=\"180\" height=\"135\" loading=\"lazy\" data-original-width=\"180\" data-original-height=\"135\" itemprop=\"http:\/\/schema.org\/image\" title=\"gplus-1565637274[1]\" alt=\"gplus-1565637274[1]\" style=\"width: 180px; height: 135px;\" \/> <\/a> <\/div> <\/div> <!-- close group --> <div class=\"gallery-group images-1\" style=\"width: 273px; height: 139px;\" data-original-width=\"273\" data-original-height=\"139\" > <div class=\"tiled-gallery-item tiled-gallery-item-large\" itemprop=\"associatedMedia\" itemscope itemtype=\"http:\/\/schema.org\/ImageObject\"> <a href=\"https:\/\/miradordeatarfe.es\/?attachment_id=27397\" border=\"0\" itemprop=\"url\"> <meta itemprop=\"width\" content=\"269\"> <meta itemprop=\"height\" content=\"135\"> <img decoding=\"async\" class=\"\" data-attachment-id=\"27397\" data-orig-file=\"https:\/\/miradordeatarfe.es\/wp-content\/uploads\/2018\/12\/gplus-5752337101.jpg\" data-orig-size=\"440,220\" data-comments-opened=\"\" data-image-meta=\"{&quot;aperture&quot;:&quot;0&quot;,&quot;credit&quot;:&quot;&quot;,&quot;camera&quot;:&quot;&quot;,&quot;caption&quot;:&quot;&quot;,&quot;created_timestamp&quot;:&quot;0&quot;,&quot;copyright&quot;:&quot;&quot;,&quot;focal_length&quot;:&quot;0&quot;,&quot;iso&quot;:&quot;0&quot;,&quot;shutter_speed&quot;:&quot;0&quot;,&quot;title&quot;:&quot;&quot;,&quot;orientation&quot;:&quot;0&quot;}\" data-image-title=\"gplus-575233710[1]\" data-image-description=\"\" data-medium-file=\"https:\/\/i0.wp.com\/miradordeatarfe.es\/wp-content\/uploads\/2018\/12\/gplus-5752337101.jpg?fit=300%2C150&#038;ssl=1\" data-large-file=\"https:\/\/i0.wp.com\/miradordeatarfe.es\/wp-content\/uploads\/2018\/12\/gplus-5752337101.jpg?fit=440%2C220&#038;ssl=1\" src=\"https:\/\/i0.wp.com\/miradordeatarfe.es\/wp-content\/uploads\/2018\/12\/gplus-5752337101.jpg?w=269&#038;h=135&#038;ssl=1\" srcset=\"https:\/\/i0.wp.com\/miradordeatarfe.es\/wp-content\/uploads\/2018\/12\/gplus-5752337101.jpg?w=440&amp;ssl=1 440w, https:\/\/i0.wp.com\/miradordeatarfe.es\/wp-content\/uploads\/2018\/12\/gplus-5752337101.jpg?resize=300%2C150&amp;ssl=1 300w\" width=\"269\" height=\"135\" loading=\"lazy\" data-original-width=\"269\" data-original-height=\"135\" itemprop=\"http:\/\/schema.org\/image\" title=\"gplus-575233710[1]\" alt=\"gplus-575233710[1]\" style=\"width: 269px; height: 135px;\" \/> <\/a> <\/div> <\/div> <!-- close group --> <div class=\"gallery-group images-1\" style=\"width: 183px; height: 139px;\" data-original-width=\"183\" data-original-height=\"139\" > <div class=\"tiled-gallery-item tiled-gallery-item-small\" itemprop=\"associatedMedia\" itemscope itemtype=\"http:\/\/schema.org\/ImageObject\"> <a href=\"https:\/\/miradordeatarfe.es\/?attachment_id=27396\" border=\"0\" itemprop=\"url\"> <meta itemprop=\"width\" content=\"179\"> <meta itemprop=\"height\" content=\"135\"> <img decoding=\"async\" class=\"\" data-attachment-id=\"27396\" data-orig-file=\"https:\/\/miradordeatarfe.es\/wp-content\/uploads\/2018\/12\/gplus-5059456131.jpg\" data-orig-size=\"293,220\" data-comments-opened=\"\" data-image-meta=\"{&quot;aperture&quot;:&quot;0&quot;,&quot;credit&quot;:&quot;&quot;,&quot;camera&quot;:&quot;&quot;,&quot;caption&quot;:&quot;&quot;,&quot;created_timestamp&quot;:&quot;0&quot;,&quot;copyright&quot;:&quot;&quot;,&quot;focal_length&quot;:&quot;0&quot;,&quot;iso&quot;:&quot;0&quot;,&quot;shutter_speed&quot;:&quot;0&quot;,&quot;title&quot;:&quot;&quot;,&quot;orientation&quot;:&quot;0&quot;}\" data-image-title=\"gplus-505945613[1]\" data-image-description=\"\" data-medium-file=\"https:\/\/i0.wp.com\/miradordeatarfe.es\/wp-content\/uploads\/2018\/12\/gplus-5059456131.jpg?fit=293%2C220&#038;ssl=1\" data-large-file=\"https:\/\/i0.wp.com\/miradordeatarfe.es\/wp-content\/uploads\/2018\/12\/gplus-5059456131.jpg?fit=293%2C220&#038;ssl=1\" src=\"https:\/\/i0.wp.com\/miradordeatarfe.es\/wp-content\/uploads\/2018\/12\/gplus-5059456131.jpg?w=179&#038;h=135&#038;ssl=1\" width=\"179\" height=\"135\" loading=\"lazy\" data-original-width=\"179\" data-original-height=\"135\" itemprop=\"http:\/\/schema.org\/image\" title=\"gplus-505945613[1]\" alt=\"gplus-505945613[1]\" style=\"width: 179px; height: 135px;\" \/> <\/a> <\/div> <\/div> <!-- close group --> <\/div> <!-- close row --> <\/div>\n","protected":false},"excerpt":{"rendered":"<p>En plena jornada de reflexi\u00f3n en la v\u00edspera de unos nuevos comicios a nivel auton\u00f3mico&#8230;<\/p>\n","protected":false},"author":1,"featured_media":27391,"comment_status":"closed","ping_status":"closed","sticky":false,"template":"","format":"standard","meta":{"_coblocks_attr":"","_coblocks_dimensions":"","_coblocks_responsive_height":"","_coblocks_accordion_ie_support":"","jetpack_post_was_ever_published":false,"_jetpack_newsletter_access":"","_jetpack_dont_email_post_to_subs":false,"_jetpack_newsletter_tier_id":0,"_jetpack_memberships_contains_paywalled_content":false,"_jetpack_memberships_contains_paid_content":false,"footnotes":"","jetpack_publicize_message":"","jetpack_publicize_feature_enabled":true,"jetpack_social_post_already_shared":false,"jetpack_social_options":{"image_generator_settings":{"template":"highway","default_image_id":0,"enabled":false},"version":2}},"categories":[2,182,186,6915,44,15],"tags":[5514,123],"class_list":["post-27390","post","type-post","status-publish","format-standard","has-post-thumbnail","hentry","category-atarfe","category-deportes","category-instituciones","category-opinion-de-manuel-jimenez","category-noticias-de-hoy","category-ultimas-noticias","tag-atletismo-atarfe","tag-deportes"],"jetpack_publicize_connections":[],"jetpack_featured_media_url":"https:\/\/i0.wp.com\/miradordeatarfe.es\/wp-content\/uploads\/2018\/12\/gplus-10731879831.jpg?fit=293%2C220&ssl=1","jetpack_likes_enabled":true,"jetpack_sharing_enabled":true,"_links":{"self":[{"href":"https:\/\/miradordeatarfe.es\/index.php?rest_route=\/wp\/v2\/posts\/27390","targetHints":{"allow":["GET"]}}],"collection":[{"href":"https:\/\/miradordeatarfe.es\/index.php?rest_route=\/wp\/v2\/posts"}],"about":[{"href":"https:\/\/miradordeatarfe.es\/index.php?rest_route=\/wp\/v2\/types\/post"}],"author":[{"embeddable":true,"href":"https:\/\/miradordeatarfe.es\/index.php?rest_route=\/wp\/v2\/users\/1"}],"replies":[{"embeddable":true,"href":"https:\/\/miradordeatarfe.es\/index.php?rest_route=%2Fwp%2Fv2%2Fcomments&post=27390"}],"version-history":[{"count":1,"href":"https:\/\/miradordeatarfe.es\/index.php?rest_route=\/wp\/v2\/posts\/27390\/revisions"}],"predecessor-version":[{"id":27400,"href":"https:\/\/miradordeatarfe.es\/index.php?rest_route=\/wp\/v2\/posts\/27390\/revisions\/27400"}],"wp:featuredmedia":[{"embeddable":true,"href":"https:\/\/miradordeatarfe.es\/index.php?rest_route=\/wp\/v2\/media\/27391"}],"wp:attachment":[{"href":"https:\/\/miradordeatarfe.es\/index.php?rest_route=%2Fwp%2Fv2%2Fmedia&parent=27390"}],"wp:term":[{"taxonomy":"category","embeddable":true,"href":"https:\/\/miradordeatarfe.es\/index.php?rest_route=%2Fwp%2Fv2%2Fcategories&post=27390"},{"taxonomy":"post_tag","embeddable":true,"href":"https:\/\/miradordeatarfe.es\/index.php?rest_route=%2Fwp%2Fv2%2Ftags&post=27390"}],"curies":[{"name":"wp","href":"https:\/\/api.w.org\/{rel}","templated":true}]}}