{"id":27413,"date":"2018-12-06T08:59:58","date_gmt":"2018-12-06T07:59:58","guid":{"rendered":"http:\/\/miradordeatarfe.es\/?p=27413"},"modified":"2018-12-04T13:16:33","modified_gmt":"2018-12-04T12:16:33","slug":"las-enfermedades-neurologicas-causan-el-177-de-las-muertes-al-ano-en-granada","status":"publish","type":"post","link":"https:\/\/miradordeatarfe.es\/?p=27413","title":{"rendered":"Las enfermedades neurol\u00f3gicas causan el 17,7% de las muertes al a\u00f1o en Granada"},"content":{"rendered":"<div class=\"page-wrap moved\">\n<div class=\"pg-article details\">\n<div class=\"gd\">\n<div class=\"gdu u24\">\n<article class=\"pg-content\">\n<header class=\"pg-head\">\n<p style=\"text-align: justify;\">De los m\u00e1s de 1.400 difuntos, el 21,39% eran mujeres y el 14,12% hombres.Provocan el 18,6% de las defunciones en Andaluc\u00eda y a nivel nacional ocasionan 78.000 fallecimientos al a\u00f1o<!--more--><\/p>\n<\/header>\n<div class=\"gd\" style=\"text-align: justify;\">\n<div class=\"gdu u16 u-first\">\n<div class=\"pg-media\">\n<figure class=\"image-holder\"><figcaption>\n<div class=\"footnote\"><\/div>\n<\/figcaption><\/figure>\n<\/div>\n<div class=\"pg-body\">\n<div class=\"mce-body \">\n<p class=\"mce\">Las enfermedades con m\u00e1s mortalidad de Espa\u00f1a vienen del cerebro. <strong class=\"mce\">Ictus y alzheimer<\/strong> son los que m\u00e1s muertes provocan al a\u00f1o, pero mientras que la mortalidad por el primero ha descendi\u00f3 un 20% en Andaluc\u00eda en la \u00faltima d\u00e9cada, la mortalidad derivada del segundo se ha incrementado un <strong class=\"mce\">64%<\/strong>.<\/p>\n<p class=\"mce\">El a\u00f1o pasado murieron en Granada 1.417 personas por enfermedades neurol\u00f3gicas. \u00c9stas son las causantes del 17,7% de los <strong class=\"mce\">fallecimientos<\/strong> que se producen cada a\u00f1o en la provincia de <strong class=\"mce\">Granada.<\/strong><\/p>\n<p class=\"mce\">Estos datos proceden de La Sociedad Espa\u00f1ola de Neurolog\u00eda, que acaban de presentar en su 70 Reuni\u00f3n Anual el informe Impacto de las enfermedades neurol\u00f3gicas en la mortalidad espa\u00f1ola.<\/p>\n<p class=\"mce\">El trabajo se ha elaborado con los \u00faltimos datos publicados por el Instituto Nacional de Estad\u00edstica (INE) y tiene el objetivo de determinar el peso de las <strong class=\"mce\">enfermedades neurol\u00f3gicas en la mortalidad<\/strong>, as\u00ed como la evoluci\u00f3n que han presentado las enfermedades neurol\u00f3gicas con mayor \u00edndice de mortalidad en la \u00faltima d\u00e9cada.<\/p>\n<p class=\"mce\">El dato granadino se sit\u00faa ligeramente por debajo del total andaluz, que indica que estas enfermedades son las causantes directas del <strong class=\"mce\">18,6% de las muertes<\/strong> en la comunidad aut\u00f3noma al a\u00f1o, lo que supuso el pasado a\u00f1o 12.800 defunciones. Apenas un punto porcentual por arriba del dato granadino. En Andaluc\u00eda, la tasa de muerte por \u00e9stas ha crecido un <strong class=\"mce\">13,4% en los \u00faltimos diez a\u00f1os<\/strong>.<\/p>\n<p class=\"mce\">El n\u00famero de muertes por enfermedades neurol\u00f3gicas ha aumentado un 15,20% en los \u00faltimos 10 a\u00f1os en la provincia de Granada, tambi\u00e9n en la \u00faltima d\u00e9cada la mortalidad por <strong class=\"mce\">enfermedades cerebrovasculares<\/strong> se ha reducido un 13,94% en Granada. Por otro lado, en los \u00faltimos 10 a\u00f1os la <a class=\"mce\" title=\"n\u00famero de nuevos enfermos anuales en Granada\" href=\"https:\/\/www.granadahoy.com\/granada\/alzheimer-afecta-granadinos-cifra-aumento_0_1284171757.html\">mortalidad por alzheimer<\/a> ha aumentado un 45,32% en la provincia.<\/p>\n<p class=\"mce\">A nivel nacional, m\u00e1s de 78.000 personas fenecieron el pasado a\u00f1o por una de estas enfermedades, entre las que tambi\u00e9n destaca el alzheimer, lo que se traduce en un <strong class=\"mce\">19% de las muertes totales<\/strong>.<\/p>\n<p class=\"mce\">Ni a nivel regional, ni auton\u00f3mico ni estatal, estas cifras se reparten de igual forma por sexos. En todos, las mujeres son las que en mayor medida \u2013casi el doble\u2013 sufren las enfermedades neurol\u00f3gicas. En Granada son las responsables de 14,12% de las defunciones de hombres y del <strong class=\"mce\">21,39% de las muertes de mujeres<\/strong>.<\/p>\n<p class=\"mce\">En Andaluc\u00eda el dato<strong class=\"mce\"> por g\u00e9neros<\/strong> es muy similar, las enfermedades neurol\u00f3gicas son las responsables del 14% de las defunciones de hombres, y del 22% de las mujeres. En toda Espa\u00f1a el dato se clona: estas patolog\u00edas fueron las causantes del 14,6% de muertes de hombres, la cifra aumenta hasta el 23,6% en el caso de las mujeres.<\/p>\n<p class=\"mce\">\u201cPero adem\u00e1s, estas cifras podr\u00edan ser a\u00fan mayores, ya que por la catalogaci\u00f3n de la Clasificaci\u00f3n internacional de Enfermedades, no hemos podido contabilizar los fallecimientos que se producen por traumatismo craneoencef\u00e1licos. Seg\u00fan nuestras estimaciones, cada a\u00f1o se producen unos 20.000 traumatismos craneoencef\u00e1licos graves, de los cuales hasta un <strong class=\"mce\">40% de los que los sufren<\/strong>, lamentablemente, acaba falleciendo\u201d, se\u00f1ala el doctor Juan Carlos Portilla, Vocal de la Sociedad Espa\u00f1ola de Neurolog\u00eda. Si tenemos en cuenta la mortalidad por entidades espec\u00edficas, las enfermedades cerebrovasculares constituyen -entre todas las causas posibles y no solo las neurol\u00f3gicas- la primera causa de mortalidad en la mujer, y la segunda en toda la poblaci\u00f3n espa\u00f1ola.<\/p>\n<p class=\"mce\">Actualmente las enfermedades cerebrovasculares producen en Espa\u00f1a m\u00e1s de 27.000 muertes al a\u00f1o (11.500 en hombres y 15.500 en mujeres). Por otro lado, la enfermedad de Alzheimer, es la segunda enfermedad neurol\u00f3gica con mayor mortalidad, con unos <strong class=\"mce\">14.800 fallecimientos al a\u00f1o<\/strong> (4.300 en hombres y 10.500 en mujeres).<\/p>\n<p class=\"mce\">En todo caso se observa que, en los \u00faltimos 10 a\u00f1os, la mortalidad por enfermedad cerebrovascular va reduci\u00e9ndose -a pesar de que su incidencia sigue aumentando- gracias a la mejora en los tratamientos. Hace 10 a\u00f1os se produc\u00edan en Espa\u00f1a 32.900 fallecimientos por enfermedades cerebrovasculares, lo que supone que este periodo s<strong class=\"mce\">e ha reducido<\/strong> un 17,6% la mortalidad de las mismas.<\/p>\n<p class=\"mce\">En los \u00faltimos 10 a\u00f1os, la mortalidad por enfermedades cerebrovasculares se ha reducido un 20% en Andaluc\u00eda.<\/p>\n<p class=\"mce\">\u201cTeniendo en cuenta estos datos, ser\u00eda esperable que, puesto el ictus es la enfermedad neurol\u00f3gica que m\u00e1s fallecimientos provoca, que deber\u00eda haberse producido una reducci\u00f3n en la mortalidad de las enfermedades neurol\u00f3gicas, pero lamentablemente <strong class=\"mce\">las buenas cifras<\/strong> que estamos alcanzado con el ictus, se han visto superadas por el incremento de la mortalidad de las enfermedades neurodegenerativas, principalmente por Alzheimer, pero tambi\u00e9n por otras como Parkinson\u00bb. \u00ab<\/p>\n<p class=\"mce\">Es decir, a medida de que disminuye la mortalidad asociada a las enfermedades cerebrovasculares, aumenta la asociada con la enfermedad de Parkinson y, muy significativamente, la debida a la enfermedad de Alzheimer, sobre todo entre las mujeres\u201d, se\u00f1ala el Dr. Juan Carlos Portilla.<\/p>\n<p class=\"mce\">\u201cPor lo que estimamos que, un periodo muy breve de tiempo y si no conseguimos revertir esta tendencia, el Alzheimer se convertir\u00e1 en la primera causa de mortalidad en nuestro pa\u00eds\u201d.<\/p>\n<p class=\"mce\">Y es que, por el contrario, en estos \u00faltimos 10 a\u00f1os la mortalidad por alzheimer ha aumentado en Espa\u00f1a m\u00e1s de<strong class=\"mce\"> un 61%<\/strong> (un 63,7% en mujeres y un 55,8% en hombres). En los \u00faltimos 10 a\u00f1os la mortalidad por Alzheimer ha aumentado m\u00e1s de un 64% (un 66,4% en mujeres y un 59,2% en hombres) en Andaluc\u00eda.<\/p>\n<p class=\"mce\">El impacto que ha tenido la introducci\u00f3n de los nuevos tratamientos para el ictus en la mortalidad de esta enfermedad es un claro indicativo de la importancia que tiene <strong class=\"mce\">seguir investigando<\/strong> en las enfermedades neurol\u00f3gicas, tal y como estamos fomentando en esta Reuni\u00f3n Anual\u201d, destaca el Dr. Exuperio D\u00edez Tejedor, Presidente de la Sociedad Espa\u00f1ola de Neurolog\u00eda.<\/p>\n<h3><small><small class=\"author\"><a class=\"lnk\" href=\"https:\/\/www.granadahoy.com\/alba_rodriguez\/\">Alba Rodr\u00edguez<\/a> <\/small><\/small><\/h3>\n<div class=\"gd\">\n<div class=\"gdu u16 u-first\">\n<div class=\"pg-media\">\n<figure class=\"image-holder\"><figcaption>\n<div class=\"footnote\">\n<p class=\"text\">FOTO: Las enfermedades neurol\u00f3gicas causan el 17,7% de las muertes al a\u00f1o en Granada <wbr \/><\/p>\n<\/div>\n<\/figcaption><\/figure>\n<\/div>\n<\/div>\n<\/div>\n<\/div>\n<\/div>\n<\/div>\n<\/div>\n<\/article>\n<\/div>\n<\/div>\n<\/div>\n<\/div>\n<p style=\"text-align: justify;\">\n","protected":false},"excerpt":{"rendered":"<p>De los m\u00e1s de 1.400 difuntos, el 21,39% eran mujeres y el 14,12% hombres.Provocan el&#8230;<\/p>\n","protected":false},"author":1,"featured_media":27414,"comment_status":"closed","ping_status":"closed","sticky":false,"template":"","format":"standard","meta":{"_coblocks_attr":"","_coblocks_dimensions":"","_coblocks_responsive_height":"","_coblocks_accordion_ie_support":"","jetpack_post_was_ever_published":false,"_jetpack_newsletter_access":"","_jetpack_dont_email_post_to_subs":false,"_jetpack_newsletter_tier_id":0,"_jetpack_memberships_contains_paywalled_content":false,"_jetpack_memberships_contains_paid_content":false,"footnotes":"","jetpack_publicize_message":"","jetpack_publicize_feature_enabled":true,"jetpack_social_post_already_shared":false,"jetpack_social_options":{"image_generator_settings":{"template":"highway","default_image_id":0,"enabled":false},"version":2}},"categories":[186,44,15,10],"tags":[60,55],"class_list":["post-27413","post","type-post","status-publish","format-standard","has-post-thumbnail","hentry","category-instituciones","category-noticias-de-hoy","category-ultimas-noticias","category-salud","tag-enfermedades","tag-salud"],"jetpack_publicize_connections":[],"jetpack_featured_media_url":"https:\/\/i0.wp.com\/miradordeatarfe.es\/wp-content\/uploads\/2018\/12\/%C3%ADndice.jpeg?fit=307%2C164&ssl=1","jetpack_likes_enabled":true,"jetpack_sharing_enabled":true,"_links":{"self":[{"href":"https:\/\/miradordeatarfe.es\/index.php?rest_route=\/wp\/v2\/posts\/27413","targetHints":{"allow":["GET"]}}],"collection":[{"href":"https:\/\/miradordeatarfe.es\/index.php?rest_route=\/wp\/v2\/posts"}],"about":[{"href":"https:\/\/miradordeatarfe.es\/index.php?rest_route=\/wp\/v2\/types\/post"}],"author":[{"embeddable":true,"href":"https:\/\/miradordeatarfe.es\/index.php?rest_route=\/wp\/v2\/users\/1"}],"replies":[{"embeddable":true,"href":"https:\/\/miradordeatarfe.es\/index.php?rest_route=%2Fwp%2Fv2%2Fcomments&post=27413"}],"version-history":[{"count":1,"href":"https:\/\/miradordeatarfe.es\/index.php?rest_route=\/wp\/v2\/posts\/27413\/revisions"}],"predecessor-version":[{"id":27415,"href":"https:\/\/miradordeatarfe.es\/index.php?rest_route=\/wp\/v2\/posts\/27413\/revisions\/27415"}],"wp:featuredmedia":[{"embeddable":true,"href":"https:\/\/miradordeatarfe.es\/index.php?rest_route=\/wp\/v2\/media\/27414"}],"wp:attachment":[{"href":"https:\/\/miradordeatarfe.es\/index.php?rest_route=%2Fwp%2Fv2%2Fmedia&parent=27413"}],"wp:term":[{"taxonomy":"category","embeddable":true,"href":"https:\/\/miradordeatarfe.es\/index.php?rest_route=%2Fwp%2Fv2%2Fcategories&post=27413"},{"taxonomy":"post_tag","embeddable":true,"href":"https:\/\/miradordeatarfe.es\/index.php?rest_route=%2Fwp%2Fv2%2Ftags&post=27413"}],"curies":[{"name":"wp","href":"https:\/\/api.w.org\/{rel}","templated":true}]}}