{"id":27423,"date":"2018-12-05T09:53:25","date_gmt":"2018-12-05T08:53:25","guid":{"rendered":"http:\/\/miradordeatarfe.es\/?p=27423"},"modified":"2018-12-03T19:56:58","modified_gmt":"2018-12-03T18:56:58","slug":"en-las-elecciones-andaluzas-la-verdadera-triunfadora-fue-la-abstencion","status":"publish","type":"post","link":"https:\/\/miradordeatarfe.es\/?p=27423","title":{"rendered":"En las elecciones andaluzas la verdadera triunfadora fue la abstenci\u00f3n"},"content":{"rendered":"<div class=\"td-pb-row\">\n<div class=\"td-pb-span12\">\n<div class=\"td-post-header\">\n<header class=\"td-post-title\">\n<p class=\"td-post-sub-title\" style=\"text-align: justify;\">En las elecciones andaluzas la verdadera triunfadora fue la abstenci\u00f3n consecuencia de la desmovilizaci\u00f3n del electorado progresista y, en menor medida, del conservador democr\u00e1tico. Todo ello propici\u00f3 que las opciones de la derecha ultra fascista se reforzaran y alcanzaran la posibilidad de entrar en el Parlamento Andaluz<\/p>\n<div class=\"td-module-meta-info\" style=\"text-align: justify;\">\n<div class=\"td-post-author-name\"><\/div>\n<\/div>\n<\/header>\n<\/div>\n<\/div>\n<\/div>\n<p><!--more--><\/p>\n<div class=\"td-pb-row\">\n<div class=\"td-pb-span8 td-main-content\" role=\"main\">\n<div class=\"td-ss-main-content\">\n<div class=\"td-post-content\">\n<p style=\"text-align: justify;\">Muchos a\u00f1os de gobierno, casos de corrupci\u00f3n, pol\u00edticas acomodaticias, incoherencias ideol\u00f3gicas o <strong>imposibilidad de hacer frente a los problemas reales de la ciudadan\u00eda<\/strong> provocaron que buena parte del electorado socialista andaluz se quedara en su casa y no acudiese a votar. El desencanto por un <strong>proyecto socialdem\u00f3crata agotado<\/strong> desde hace m\u00e1s de una d\u00e9cada hizo que la abstenci\u00f3n se convirtiese en la tumba del socialismo andaluz. <strong>Susana D\u00edaz<\/strong> gan\u00f3 las elecciones, s\u00ed, pero previsiblemente ceder\u00e1 el gobierno a una coalici\u00f3n de las derechas en la que los <strong>ultrafascistas<\/strong> tendr\u00e1n un papel fundamental en la gobernabilidad de Andaluc\u00eda.<\/p>\n<p style=\"text-align: justify;\">El mismo desenga\u00f1o es el vivido en las filas de la coalici\u00f3n de <strong>Izquierda Unida<\/strong> y <strong>Podemos<\/strong>. En este caso no hablamos de una cuesti\u00f3n de medidas adoptadas que fueran en contra de los intereses o las necesidades ciudadanas sino, precisamente, todo lo contrario, es decir, la <strong>imposibilidad de llevar el activismo sobre el que se asent\u00f3 el nacimiento de la marca Podemos a las instituciones<\/strong> para que las reivindicaciones del pueblo alcanzaran los estadios de poder sin ning\u00fan filtro. No lo han logrado, de momento, y el castigo ha sido la abstenci\u00f3n.<\/p>\n<p style=\"text-align: justify;\">A diferencia de otros pa\u00edses, el votante de izquierdas espa\u00f1ol no bascula el sentido de su voto y no castiga depositando la papeleta del oponente en la urna. El votante progresista espa\u00f1ol busca dar el escarmiento a sus pol\u00edticos qued\u00e1ndose en su casa. Ese es el error que comete el pueblo porque <strong>la derecha moviliza siempre a su electorado<\/strong>. Si sumamos los votos de los diferentes partidos conservadores podemos comprobar que suman pr\u00e1cticamente el mismo porcentaje que cuando la \u00fanica opci\u00f3n era la del PP.<\/p>\n<p style=\"text-align: justify;\">Sin embargo, el acomodamiento tambi\u00e9n ha podido venir por la seguridad en la victoria. Todo el mundo daba por hecho un pacto de gobierno entre <strong>PSOE<\/strong> y <strong>Adelante Andaluc\u00eda<\/strong> porque lo que perdiera Susana D\u00edaz se daba por descontado que pasar\u00eda a la confluencia IU\/Podemos. Sin embargo, no ha sido as\u00ed y las consecuencias ya son irreversibles.<\/p>\n<p style=\"text-align: justify;\">En un colegio electoral un se\u00f1or dec\u00eda a una periodista que <strong>los que no fueran a votar que despu\u00e9s no se quejaran<\/strong>. Ah\u00ed est\u00e1 el quiz, la sabidur\u00eda popular.<\/p>\n<p style=\"text-align: justify;\">El problema de estas elecciones andaluzas est\u00e1 en que, adem\u00e1s de los actores civilizados de la derecha (<strong>PP<\/strong> y <strong>Ciudadanos<\/strong>) hab\u00eda entrado en escena un actor nuevo y peligroso: <strong>VOX<\/strong>. La desafecci\u00f3n tambi\u00e9n estaba instalada en el bloque conservador, pero, a diferencia de los progresistas, sus votantes s\u00ed que castigan llev\u00e1ndose su papeleta a otro partido y, en este caso, la gran mayor\u00eda de los votos perdidos por el PP han ido a parar a VOX.<\/p>\n<p style=\"text-align: justify;\">Esta situaci\u00f3n de desafecci\u00f3n transformada en abstenci\u00f3n recuerda a un discurso de la pel\u00edcula <em>V de Vendetta<\/em> porque ah\u00ed podemos comprobar c\u00f3mo el quedarse en casa, \u00aben la comodidad del hogar\u00bb, puede tener consecuencias irreparables para la convivencia democr\u00e1tica:<\/p>\n<p style=\"text-align: justify;\">\u00ab<em>La verdad es que en este pa\u00eds algo va muy mal, \u00bfno? Crueldad e injusticia, <strong>intolerancia y opresi\u00f3n<\/strong>. Antes ten\u00edas libertad para objetar, para pensar y decir lo que pensabais. Ahora, ten\u00e9is censores y <strong>sistemas de vigilancia que os coartan para que os conform\u00e9is y os convirt\u00e1is en sumisos<\/strong>. \u00bfC\u00f3mo ha podido ocurrir? \u00bfQui\u00e9n es el culpable? Bueno, ciertamente, unos son m\u00e1s responsables que otros. Y tendr\u00e1n que rendir cuentas. Pero, la verdad sea dicha, <strong>si est\u00e1is buscando un culpable, s\u00f3lo ten\u00e9is que miraros al espejo<\/strong>. S\u00e9 por qu\u00e9 lo hicisteis, s\u00e9 que <strong>ten\u00edais miedo<\/strong> \u00bfY qui\u00e9n no? Guerras, terror, enfermedades. Hab\u00eda una plaga de problemas que conspiraron para corromper vuestros sentidos y sorberos el sentido com\u00fan. El temor pudo con vosotros y, presas del p\u00e1nico, acudisteis al actual l\u00edder [\u2026] Os prometi\u00f3 orden, os prometi\u00f3 paz. Y todo cuanto os pidi\u00f3 a cambio fue vuestra silenciosa y obediente sumisi\u00f3n<\/em>\u00bb.<\/p>\n<div class=\"td-author-by\">Por<\/div>\n<p><a href=\"http:\/\/diario16.com\/author\/jose-antonio-gomez\/\">Jos\u00e9 Antonio G\u00f3mez<\/a><\/p>\n<p>http:\/\/diario16.com\/vox-se-nutrio-la-desafeccion-ya-ocurrio-hitler\/<\/p>\n<div class=\"td-author-line\">&#8211;<\/div>\n<\/div>\n<\/div>\n<\/div>\n<\/div>\n","protected":false},"excerpt":{"rendered":"<p>En las elecciones andaluzas la verdadera triunfadora fue la abstenci\u00f3n consecuencia de la desmovilizaci\u00f3n del&#8230;<\/p>\n","protected":false},"author":1,"featured_media":27424,"comment_status":"closed","ping_status":"closed","sticky":false,"template":"","format":"standard","meta":{"_coblocks_attr":"","_coblocks_dimensions":"","_coblocks_responsive_height":"","_coblocks_accordion_ie_support":"","jetpack_post_was_ever_published":false,"_jetpack_newsletter_access":"","_jetpack_dont_email_post_to_subs":false,"_jetpack_newsletter_tier_id":0,"_jetpack_memberships_contains_paywalled_content":false,"_jetpack_memberships_contains_paid_content":false,"footnotes":"","jetpack_publicize_message":"","jetpack_publicize_feature_enabled":true,"jetpack_social_post_already_shared":false,"jetpack_social_options":{"image_generator_settings":{"template":"highway","default_image_id":0,"enabled":false},"version":2}},"categories":[1161,44,15],"tags":[653,3081,354],"class_list":["post-27423","post","type-post","status-publish","format-standard","has-post-thumbnail","hentry","category-ciudadania","category-noticias-de-hoy","category-ultimas-noticias","tag-abstencion","tag-abstencionistas","tag-partidos-politicos"],"jetpack_publicize_connections":[],"jetpack_featured_media_url":"https:\/\/i0.wp.com\/miradordeatarfe.es\/wp-content\/uploads\/2018\/12\/forges.jpg?fit=980%2C1196&ssl=1","jetpack_likes_enabled":true,"jetpack_sharing_enabled":true,"_links":{"self":[{"href":"https:\/\/miradordeatarfe.es\/index.php?rest_route=\/wp\/v2\/posts\/27423","targetHints":{"allow":["GET"]}}],"collection":[{"href":"https:\/\/miradordeatarfe.es\/index.php?rest_route=\/wp\/v2\/posts"}],"about":[{"href":"https:\/\/miradordeatarfe.es\/index.php?rest_route=\/wp\/v2\/types\/post"}],"author":[{"embeddable":true,"href":"https:\/\/miradordeatarfe.es\/index.php?rest_route=\/wp\/v2\/users\/1"}],"replies":[{"embeddable":true,"href":"https:\/\/miradordeatarfe.es\/index.php?rest_route=%2Fwp%2Fv2%2Fcomments&post=27423"}],"version-history":[{"count":1,"href":"https:\/\/miradordeatarfe.es\/index.php?rest_route=\/wp\/v2\/posts\/27423\/revisions"}],"predecessor-version":[{"id":27425,"href":"https:\/\/miradordeatarfe.es\/index.php?rest_route=\/wp\/v2\/posts\/27423\/revisions\/27425"}],"wp:featuredmedia":[{"embeddable":true,"href":"https:\/\/miradordeatarfe.es\/index.php?rest_route=\/wp\/v2\/media\/27424"}],"wp:attachment":[{"href":"https:\/\/miradordeatarfe.es\/index.php?rest_route=%2Fwp%2Fv2%2Fmedia&parent=27423"}],"wp:term":[{"taxonomy":"category","embeddable":true,"href":"https:\/\/miradordeatarfe.es\/index.php?rest_route=%2Fwp%2Fv2%2Fcategories&post=27423"},{"taxonomy":"post_tag","embeddable":true,"href":"https:\/\/miradordeatarfe.es\/index.php?rest_route=%2Fwp%2Fv2%2Ftags&post=27423"}],"curies":[{"name":"wp","href":"https:\/\/api.w.org\/{rel}","templated":true}]}}