{"id":27426,"date":"2018-12-04T10:01:34","date_gmt":"2018-12-04T09:01:34","guid":{"rendered":"http:\/\/miradordeatarfe.es\/?p=27426"},"modified":"2018-12-03T20:04:45","modified_gmt":"2018-12-03T19:04:45","slug":"multitudinaria-manifestacion-en-granada-contra-el-ascenso-de-vox","status":"publish","type":"post","link":"https:\/\/miradordeatarfe.es\/?p=27426","title":{"rendered":"Multitudinaria manifestaci\u00f3n en Granada contra el ascenso de Vox"},"content":{"rendered":"<div class=\"cols2-2\">\n<div class=\"colA\">\n<div class=\"cuerpo\">\n<p>Una multitudinaria manifestaci\u00f3n, en la que est\u00e1n participando varios miles de personas, en su mayor\u00eda j\u00f3venes, se est\u00e1 celebrando este lunes por la tarde en Granada para responder al ascenso de Vox en las urnas. <!--more--><\/p>\n<p>Convocada por las redes sociales \u00abcontra el fascismo\u00bb, la cita era en la Plaza del Carmen y la participaci\u00f3n ha desbordado las previsiones, discurriendo despu\u00e9s hacia Reyes Cat\u00f3licos y Camino de Ronda.<\/p>\n<div class=\"media media-element-container media-default\">\n<div id=\"file-34707\" class=\"file file-image file-image-jpeg\">\n<div class=\"content\"><img data-recalc-dims=\"1\" loading=\"lazy\" decoding=\"async\" class=\"media-element file-default\" src=\"https:\/\/i0.wp.com\/www.elindependientedegranada.es\/sites\/default\/files\/manifa_indegranada.jpg?resize=640%2C475\" alt=\"\" width=\"640\" height=\"475\" data-delta=\"1\" \/><\/div>\n<\/div>\n<\/div>\n<p class=\"pie\">En la manifestaci\u00f3n est\u00e1n participando varios miles de personas.\u00a0<span class=\"firma\">IndeGranada<\/span><\/p>\n<p>\u00abPor una Granada y una Andaluc\u00eda libre de intolerancia, odio, autoritarismo, machismo, racismo, lgtbi+fobia \u00a1Andaluc\u00eda para tod@s!\u00bb, hab\u00eda escrito esta ma\u00f1ana el movimiento 15M Granada en twitter.<\/p>\n<p>Tambi\u00e9n en redes sociales, Podemos Granada ha destacado que \u00abGranada responde a la llegada de la extrema derecha a las instituciones con una movilizaci\u00f3n masiva\u00bb.<\/p>\n<p>La propia Polic\u00eda Local ha informado de que la manifestaci\u00f3n ha irrumpido en Reyes Cat\u00f3licos, calle que ha tenido que cortarse al tr\u00e1fico desviando el transporte p\u00fablico por Camino de Ronda.<\/p>\n<p>Seg\u00fan fuentes policiales consultadas por <em>El Independiente de Granada<\/em>, la participaci\u00f3n en la protesta sigue creciendo a medida que avanza y calculan que incluso se ha podido llegar a las 5.000 personas.<\/p>\n<\/div>\n<\/div>\n<\/div>\n<p>FOTO: La manifestaci\u00f3n en Camino de Ronda.<\/p>\n<p><a href=\"http:\/\/www.elindependientedegranada.es\/politica\/multitudinaria-manifestacion-granada-ascenso-vox\">http:\/\/www.elindependientedegranada.es\/politica\/multitudinaria-manifestacion-granada-ascenso-vox<\/a><\/p>\n","protected":false},"excerpt":{"rendered":"<p>Una multitudinaria manifestaci\u00f3n, en la que est\u00e1n participando varios miles de personas, en su mayor\u00eda&#8230;<\/p>\n","protected":false},"author":1,"featured_media":27427,"comment_status":"closed","ping_status":"closed","sticky":false,"template":"","format":"standard","meta":{"_coblocks_attr":"","_coblocks_dimensions":"","_coblocks_responsive_height":"","_coblocks_accordion_ie_support":"","jetpack_post_was_ever_published":false,"_jetpack_newsletter_access":"","_jetpack_dont_email_post_to_subs":false,"_jetpack_newsletter_tier_id":0,"_jetpack_memberships_contains_paywalled_content":false,"_jetpack_memberships_contains_paid_content":false,"footnotes":"","jetpack_publicize_message":"","jetpack_publicize_feature_enabled":true,"jetpack_social_post_already_shared":false,"jetpack_social_options":{"image_generator_settings":{"template":"highway","default_image_id":0,"enabled":false},"version":2}},"categories":[1161,44,15],"tags":[192,5518],"class_list":["post-27426","post","type-post","status-publish","format-standard","has-post-thumbnail","hentry","category-ciudadania","category-noticias-de-hoy","category-ultimas-noticias","tag-manifestacion","tag-vox"],"jetpack_publicize_connections":[],"jetpack_featured_media_url":"https:\/\/i0.wp.com\/miradordeatarfe.es\/wp-content\/uploads\/2018\/12\/manifa_indegranada2.jpg?fit=700%2C525&ssl=1","jetpack_likes_enabled":true,"jetpack_sharing_enabled":true,"_links":{"self":[{"href":"https:\/\/miradordeatarfe.es\/index.php?rest_route=\/wp\/v2\/posts\/27426","targetHints":{"allow":["GET"]}}],"collection":[{"href":"https:\/\/miradordeatarfe.es\/index.php?rest_route=\/wp\/v2\/posts"}],"about":[{"href":"https:\/\/miradordeatarfe.es\/index.php?rest_route=\/wp\/v2\/types\/post"}],"author":[{"embeddable":true,"href":"https:\/\/miradordeatarfe.es\/index.php?rest_route=\/wp\/v2\/users\/1"}],"replies":[{"embeddable":true,"href":"https:\/\/miradordeatarfe.es\/index.php?rest_route=%2Fwp%2Fv2%2Fcomments&post=27426"}],"version-history":[{"count":1,"href":"https:\/\/miradordeatarfe.es\/index.php?rest_route=\/wp\/v2\/posts\/27426\/revisions"}],"predecessor-version":[{"id":27428,"href":"https:\/\/miradordeatarfe.es\/index.php?rest_route=\/wp\/v2\/posts\/27426\/revisions\/27428"}],"wp:featuredmedia":[{"embeddable":true,"href":"https:\/\/miradordeatarfe.es\/index.php?rest_route=\/wp\/v2\/media\/27427"}],"wp:attachment":[{"href":"https:\/\/miradordeatarfe.es\/index.php?rest_route=%2Fwp%2Fv2%2Fmedia&parent=27426"}],"wp:term":[{"taxonomy":"category","embeddable":true,"href":"https:\/\/miradordeatarfe.es\/index.php?rest_route=%2Fwp%2Fv2%2Fcategories&post=27426"},{"taxonomy":"post_tag","embeddable":true,"href":"https:\/\/miradordeatarfe.es\/index.php?rest_route=%2Fwp%2Fv2%2Ftags&post=27426"}],"curies":[{"name":"wp","href":"https:\/\/api.w.org\/{rel}","templated":true}]}}