{"id":27429,"date":"2018-12-05T08:09:00","date_gmt":"2018-12-05T07:09:00","guid":{"rendered":"http:\/\/miradordeatarfe.es\/?p=27429"},"modified":"2018-12-03T20:13:21","modified_gmt":"2018-12-03T19:13:21","slug":"el-virgen-de-las-nieves-entre-los-30-mejores-hospitales-de-espana","status":"publish","type":"post","link":"https:\/\/miradordeatarfe.es\/?p=27429","title":{"rendered":"El Virgen de las Nieves, entre los 30 mejores hospitales de Espa\u00f1a"},"content":{"rendered":"<p style=\"text-align: justify;\">El Virgen de las Nieves se sit\u00faa en el puesto 27 de una clasificaci\u00f3n que recoge a los 74 hospitales mejor valorados de Espa\u00f1a, seg\u00fan el Monitor de Reputaci\u00f3n Sanitaria (MRS) que, desde hace cuatro a\u00f1os, publica el Monitor Empresarial de Reputaci\u00f3n Corporativa (Merco)<!--more--><\/p>\n<div style=\"text-align: justify;\">La \u201cfusi\u00f3n\u201d y posterior \u201cdesfusi\u00f3n\u201d hospitalaria, con la reordenaci\u00f3n de centros, primero, y el nuevo cronograma para dotar a Granada de dos complejos sanitarios, ha influido en la clasificaci\u00f3n, <a href=\"http:\/\/www.elindependientedegranada.es\/economia\/complejo-hospitalario-granada-cuela-25-mejor-valorados-espana\">en la que en la edici\u00f3n del a\u00f1o pasado figuraba el Complejo Hospitalario Universitario de Granada, en el puesto 24.<\/a><\/div>\n<div style=\"text-align: justify;\"><\/div>\n<div style=\"text-align: justify;\">El Hospital Virgen de las Nieves, ahora en el puesto 27, no figuraba el a\u00f1o pasado, pero s\u00ed en la de 2015, en el que ascendi\u00f3 al decimonoveno lugar, desde el 28, en 2014. El Hospital Cl\u00ednico con esa denominaci\u00f3n, tambi\u00e9n subi\u00f3 en 2015 al vig\u00e9simo octavo, del trig\u00e9simo en el que figuraba en 2014.<\/div>\n<div style=\"text-align: justify;\"><\/div>\n<div style=\"text-align: justify;\">El Monitor de Reputaci\u00f3n Sanitaria ha elaborado, adem\u00e1s, un ranking con los mejores servicios cl\u00ednicos en 18 especialidades que representan m\u00e1s del 90 por ciento de la actividad hospitalaria. En ninguno de ellos aparece alg\u00fan centro hospitalario de Granada.<\/div>\n<div style=\"text-align: justify;\"><\/div>\n<div style=\"text-align: justify;\"><a href=\"http:\/\/www.merco.info\/es\/monitor-reputacion-sanitaria-servicios-hospitalarios\">Las especialidades analizadas son<\/a> Aparto Digestivo; Cardiolog\u00eda; Cirug\u00eda General y Aparato Digestivo; Cirug\u00eda Ortop\u00e9dica y Traumatolog\u00eda; Dermatolog\u00eda M\u00e9dico-Quir\u00fargica y Veneorolog\u00eda; Endocrinolog\u00eda y Nutrici\u00f3n; Medina Interna; Nefrolog\u00eda; Neumolog\u00eda; Neurolog\u00eda; Obstetricia y Ginecolog\u00eda; Oftalmolog\u00eda; Oncolog\u00eda; Otorrinolaringolog\u00eda; Pediatr\u00eda; Psiquiatr\u00eda; Reumatolog\u00eda y Urolog\u00eda.<\/div>\n<div style=\"text-align: justify;\"><\/div>\n<div class=\"divdest\" style=\"text-align: justify;\">\n<p>La clasificaci\u00f3n se establece tras analizar la valoraci\u00f3n de 5.200 profesionales m\u00e9dicos, enfermeros, miembros de la administraci\u00f3n p\u00fablica sanitaria a nivel provincial y auton\u00f3mico, responsables de farmacia hospitalaria, asociaciones de pacientes y periodistas sanitarios.<\/p>\n<p>La opini\u00f3n de todos ellos se ha recabado en base a m\u00e1s de 900 indicadores estructurales, de actividad asistencial, funcionales, de rendimiento y de calidad en preguntas abiertas, en las que no figuraba una tabla de hospitales p\u00fablicos, sino que los participantes han se\u00f1alado los centros hospitalarios que consideraban mejores.<\/p>\n<\/div>\n<div><a href=\"http:\/\/www.elindependientedegranada.es\/economia\/virgen-nieves-30-mejores-hospitales-espana\">http:\/\/www.elindependientedegranada.es\/economia\/virgen-nieves-30-mejores-hospitales-espana<\/a><\/div>\n","protected":false},"excerpt":{"rendered":"<p>El Virgen de las Nieves se sit\u00faa en el puesto 27 de una clasificaci\u00f3n que&#8230;<\/p>\n","protected":false},"author":1,"featured_media":27430,"comment_status":"closed","ping_status":"closed","sticky":false,"template":"","format":"standard","meta":{"_coblocks_attr":"","_coblocks_dimensions":"","_coblocks_responsive_height":"","_coblocks_accordion_ie_support":"","jetpack_post_was_ever_published":false,"_jetpack_newsletter_access":"","_jetpack_dont_email_post_to_subs":false,"_jetpack_newsletter_tier_id":0,"_jetpack_memberships_contains_paywalled_content":false,"_jetpack_memberships_contains_paid_content":false,"footnotes":"","jetpack_publicize_message":"","jetpack_publicize_feature_enabled":true,"jetpack_social_post_already_shared":false,"jetpack_social_options":{"image_generator_settings":{"template":"highway","default_image_id":0,"enabled":false},"version":2}},"categories":[186,44,15,10],"tags":[3344,407,409],"class_list":["post-27429","post","type-post","status-publish","format-standard","has-post-thumbnail","hentry","category-instituciones","category-noticias-de-hoy","category-ultimas-noticias","category-salud","tag-especialidades","tag-investigacion","tag-sanidad"],"jetpack_publicize_connections":[],"jetpack_featured_media_url":"https:\/\/i0.wp.com\/miradordeatarfe.es\/wp-content\/uploads\/2018\/12\/virgen_de_las_nieves_0_0.jpg?fit=650%2C433&ssl=1","jetpack_likes_enabled":true,"jetpack_sharing_enabled":true,"_links":{"self":[{"href":"https:\/\/miradordeatarfe.es\/index.php?rest_route=\/wp\/v2\/posts\/27429","targetHints":{"allow":["GET"]}}],"collection":[{"href":"https:\/\/miradordeatarfe.es\/index.php?rest_route=\/wp\/v2\/posts"}],"about":[{"href":"https:\/\/miradordeatarfe.es\/index.php?rest_route=\/wp\/v2\/types\/post"}],"author":[{"embeddable":true,"href":"https:\/\/miradordeatarfe.es\/index.php?rest_route=\/wp\/v2\/users\/1"}],"replies":[{"embeddable":true,"href":"https:\/\/miradordeatarfe.es\/index.php?rest_route=%2Fwp%2Fv2%2Fcomments&post=27429"}],"version-history":[{"count":2,"href":"https:\/\/miradordeatarfe.es\/index.php?rest_route=\/wp\/v2\/posts\/27429\/revisions"}],"predecessor-version":[{"id":27432,"href":"https:\/\/miradordeatarfe.es\/index.php?rest_route=\/wp\/v2\/posts\/27429\/revisions\/27432"}],"wp:featuredmedia":[{"embeddable":true,"href":"https:\/\/miradordeatarfe.es\/index.php?rest_route=\/wp\/v2\/media\/27430"}],"wp:attachment":[{"href":"https:\/\/miradordeatarfe.es\/index.php?rest_route=%2Fwp%2Fv2%2Fmedia&parent=27429"}],"wp:term":[{"taxonomy":"category","embeddable":true,"href":"https:\/\/miradordeatarfe.es\/index.php?rest_route=%2Fwp%2Fv2%2Fcategories&post=27429"},{"taxonomy":"post_tag","embeddable":true,"href":"https:\/\/miradordeatarfe.es\/index.php?rest_route=%2Fwp%2Fv2%2Ftags&post=27429"}],"curies":[{"name":"wp","href":"https:\/\/api.w.org\/{rel}","templated":true}]}}