{"id":27442,"date":"2018-12-07T08:02:07","date_gmt":"2018-12-07T07:02:07","guid":{"rendered":"http:\/\/miradordeatarfe.es\/?p=27442"},"modified":"2018-12-03T21:07:29","modified_gmt":"2018-12-03T20:07:29","slug":"las-lagrimas-de-boabdil","status":"publish","type":"post","link":"https:\/\/miradordeatarfe.es\/?p=27442","title":{"rendered":"Las l\u00e1grimas de Boabdil"},"content":{"rendered":"<p lang=\"es-ES\" align=\"JUSTIFY\"><span style=\"color: #000000;\"><span style=\"font-family: Arial, sans-serif;\"><span style=\"font-size: medium;\">Nada menos que 36 a\u00f1os en el poder han corro\u00eddo la marca del PSOE en Andaluc\u00eda y el partido-sistema ha sucumbido. <!--more--><\/span><\/span><\/span><\/p>\n<p lang=\"es-ES\" align=\"JUSTIFY\"><span style=\"color: #000000;\"><span style=\"font-family: Arial, sans-serif;\"><span style=\"font-size: medium;\">El hartazgo y el desencanto han desmovilizado el voto de izquierda y han dado por primera vez la victoria a la derecha en un territorio que parec\u00eda inmune a su influjo. Un PSOE desgastado por la corrupci\u00f3n, amojamado por la pr\u00e1ctica altanera del poder, tan clientelar como el que ha funcionado en diversas etapas en Catalunya o el Pa\u00eds Vasco, ha colapsado de la mano de Susana D\u00edaz. Ahora s\u00ed, se demuestra que el suyo era un liderazgo sobrevalorado cuando se la quiso encumbrar como la garant\u00eda de la estabilidad de Espa\u00f1a. D\u00edaz pierde por desestimiento, sin dar la batalla, con una campa\u00f1a anodina. Se despide de su poder\u00edo como Boabdil, el \u00faltimo sult\u00e1n del reino nazar\u00ed de Granada, \u201cel desdichado\u201d.<\/span><\/span><\/span><\/p>\n<p lang=\"es-ES\" align=\"JUSTIFY\"><span style=\"color: #000000;\"><span style=\"font-family: Arial, sans-serif;\"><span style=\"font-size: medium;\">La f\u00f3rmula m\u00e1gica se ha extinguido. Tanto Susana D\u00edaz como la candidata de Adelante Andaluc\u00eda, Teresa Rodr\u00edguez, se han envuelto en la bandera verdiblanca ante la invasi\u00f3n de la derecha, dispuesta a utilizar Andaluc\u00eda como trampol\u00edn de las generales. No ha servido ni el andalucismo de tono irredentista de Rodr\u00edguez ni el de tinte populista, con tufillo oficinesco, de la presidenta. Andaluc\u00eda siempre fue orgullosamente de izquierdas, pero muchos se han quedado en casa y han echado el cerrojo. Y cuando la izquierda se recluye, los votos de la derecha \u2013sobre todo de Vox\u2013 valen m\u00e1s. Ni D\u00edaz ni Rodr\u00edguez han rentabilizado el nacionalismo andaluz de intensidad moderada, sepultado ante el tsunami de espa\u00f1olismo anticatalanista.<\/span><\/span><\/span><\/p>\n<p lang=\"es-ES\" align=\"JUSTIFY\"><span style=\"color: #000000;\"><span style=\"font-family: Arial, sans-serif;\"><span style=\"font-size: medium;\">Con este resultado, el verdadero examen est\u00e1 en la derecha. Por lo escuchado durante la campa\u00f1a, no parece que el PP y Ciudadanos vayan a tender un cord\u00f3n sanitario frente a la ultraderecha de Vox, una formaci\u00f3n que enarbola sin pudor la nostalgia franquista, el racismo o el machismo, entre otras lindezas. Su irrupci\u00f3n en el Parlamento andaluz y su reverberaci\u00f3n en las encuestas del pr\u00f3ximo ciclo electoral contribuir\u00e1n a dar altavoz a su relato intransigente, que se normalizar\u00e1 a unos meses de las elecciones municipales y auton\u00f3micas.<\/span><\/span><\/span><\/p>\n<p lang=\"es-ES\" align=\"JUSTIFY\"><span style=\"color: #000000;\"><span style=\"font-family: Arial, sans-serif;\"><span style=\"font-size: medium;\">Nunca antes Albert Rivera ha tenido en su mano una decisi\u00f3n tan perturbadora. Ha prometido cambio y este s\u00f3lo puede llegar mediante un pacto con las tinieblas. Aunque el PP ha perdido comba en este lance, sigue por delante de Cs que, una vez m\u00e1s, rompe barreras, pero que saben a poco ante las expectativas creadas. Pablo Casado podr\u00eda colocar a su partido en la presidencia de la Junta (qu\u00e9 iron\u00eda que sea Juan Manuel Moreno Bonilla, un hombre de Soraya S\u00e1enz de Santamar\u00eda), pero estas elecciones certifican que Vox crece a su costa. Igual que la Liga se comi\u00f3 a For\u00e7a Italia.<\/span><\/span><\/span><\/p>\n<p lang=\"es-ES\" align=\"JUSTIFY\"><span style=\"color: #000000;\"><span style=\"font-family: Arial, sans-serif;\"><span style=\"font-size: medium;\">Vox ha crecido a base de muchos miedos, como en otros pa\u00edses \u2013globalizaci\u00f3n, desigualdad, inmigraci\u00f3n&#8230;\u2013, pero el chute definitivo se lo ha dado un patrioterismo barato como reacci\u00f3n al conflicto independentista catal\u00e1n. Vox ha engordado a base de men\u00fa Catalunya. Y el PP ha contribuido a vocear y a darle la llave de la comunidad m\u00e1s poblada de Espa\u00f1a.<\/span><\/span><\/span><\/p>\n<p align=\"JUSTIFY\"><span style=\"color: #000000;\"><span style=\"font-family: Arial, sans-serif;\"><span style=\"font-size: medium;\"><span lang=\"es-ES\">Sobre la Moncloa se acumulan nubarrones. No hay alicientes para convocar elecciones. Las voces que abogan por ahondar en el entendimiento con el independentismo catal\u00e1n van a quedar ahogadas por el estruendo de un discurso que azuza los bajos instintos y abona la fractura social. Las l\u00e1grimas de Boabdil ya forman parte de la historia.<\/span><\/span><\/span><\/span><\/p>\n<p align=\"JUSTIFY\"><span style=\"color: #333333;\"><span style=\"font-family: Arial, sans-serif;\"><span style=\"font-size: medium;\"><span lang=\"es-ES\"><b><a href=\"https:\/\/www.lavanguardia.com\/autores\/mariadolores-garcia.html\">LOLA GARC\u00cdA<\/a> <\/b><\/span><\/span><\/span><\/span><span style=\"font-family: Arial, sans-serif;\"><span style=\"font-size: medium;\"><span lang=\"es-ES\">La Vanguardia<\/span><\/span><\/span><\/p>\n","protected":false},"excerpt":{"rendered":"<p>Nada menos que 36 a\u00f1os en el poder han corro\u00eddo la marca del PSOE en&#8230;<\/p>\n","protected":false},"author":1,"featured_media":27443,"comment_status":"closed","ping_status":"closed","sticky":false,"template":"","format":"standard","meta":{"_coblocks_attr":"","_coblocks_dimensions":"","_coblocks_responsive_height":"","_coblocks_accordion_ie_support":"","jetpack_post_was_ever_published":false,"_jetpack_newsletter_access":"","_jetpack_dont_email_post_to_subs":false,"_jetpack_newsletter_tier_id":0,"_jetpack_memberships_contains_paywalled_content":false,"_jetpack_memberships_contains_paid_content":false,"footnotes":"","jetpack_publicize_message":"","jetpack_publicize_feature_enabled":true,"jetpack_social_post_already_shared":false,"jetpack_social_options":{"image_generator_settings":{"template":"highway","default_image_id":0,"enabled":false},"version":2}},"categories":[1161,186,9,44,15],"tags":[59,934],"class_list":["post-27442","post","type-post","status-publish","format-standard","has-post-thumbnail","hentry","category-ciudadania","category-instituciones","category-medio-ambiente","category-noticias-de-hoy","category-ultimas-noticias","tag-elecciones-andaluzas","tag-junta-de-andalucia"],"jetpack_publicize_connections":[],"jetpack_featured_media_url":"https:\/\/i0.wp.com\/miradordeatarfe.es\/wp-content\/uploads\/2018\/12\/palacio-san-telmo-k4MH-620x349%40abc.jpg?fit=620%2C349&ssl=1","jetpack_likes_enabled":true,"jetpack_sharing_enabled":true,"_links":{"self":[{"href":"https:\/\/miradordeatarfe.es\/index.php?rest_route=\/wp\/v2\/posts\/27442","targetHints":{"allow":["GET"]}}],"collection":[{"href":"https:\/\/miradordeatarfe.es\/index.php?rest_route=\/wp\/v2\/posts"}],"about":[{"href":"https:\/\/miradordeatarfe.es\/index.php?rest_route=\/wp\/v2\/types\/post"}],"author":[{"embeddable":true,"href":"https:\/\/miradordeatarfe.es\/index.php?rest_route=\/wp\/v2\/users\/1"}],"replies":[{"embeddable":true,"href":"https:\/\/miradordeatarfe.es\/index.php?rest_route=%2Fwp%2Fv2%2Fcomments&post=27442"}],"version-history":[{"count":1,"href":"https:\/\/miradordeatarfe.es\/index.php?rest_route=\/wp\/v2\/posts\/27442\/revisions"}],"predecessor-version":[{"id":27444,"href":"https:\/\/miradordeatarfe.es\/index.php?rest_route=\/wp\/v2\/posts\/27442\/revisions\/27444"}],"wp:featuredmedia":[{"embeddable":true,"href":"https:\/\/miradordeatarfe.es\/index.php?rest_route=\/wp\/v2\/media\/27443"}],"wp:attachment":[{"href":"https:\/\/miradordeatarfe.es\/index.php?rest_route=%2Fwp%2Fv2%2Fmedia&parent=27442"}],"wp:term":[{"taxonomy":"category","embeddable":true,"href":"https:\/\/miradordeatarfe.es\/index.php?rest_route=%2Fwp%2Fv2%2Fcategories&post=27442"},{"taxonomy":"post_tag","embeddable":true,"href":"https:\/\/miradordeatarfe.es\/index.php?rest_route=%2Fwp%2Fv2%2Ftags&post=27442"}],"curies":[{"name":"wp","href":"https:\/\/api.w.org\/{rel}","templated":true}]}}