{"id":27445,"date":"2018-12-04T13:14:18","date_gmt":"2018-12-04T12:14:18","guid":{"rendered":"http:\/\/miradordeatarfe.es\/?p=27445"},"modified":"2022-12-30T22:19:21","modified_gmt":"2022-12-30T21:19:21","slug":"juan-de-dios-villanueva-roa-he-novelado-en-14-relatos-situaciones-que-afectan-a-la-mujeres","status":"publish","type":"post","link":"https:\/\/miradordeatarfe.es\/?p=27445","title":{"rendered":"Juan de Dios Villanueva Roa: \u00abHe novelado en 14 relatos situaciones que afectan a la mujeres\u00bb"},"content":{"rendered":"<p style=\"text-align: justify;\">El profesor de la Universidad de Granada, escritor y columnista de IDEAL, Juan de Dios Villanueva Roa (Huelma, Ja\u00e9n) vuelve a la actualidad literaria con un libro de relatos t\u00edtulado \u2018Lian\u2019 que ha sido editado por el Servicio de Publicaciones del \u00c1rea de Cultura y Memoria Hist\u00f3rica y Democr\u00e1tica de la Diputaci\u00f3n de Granada.<!--more--><\/p>\n<p style=\"text-align: justify;\">Relatos en los que aborda temas relacionados con las adopciones internacionales, la soledad, la violencia machista (le parece m\u00e1s adecuada que violencia de g\u00e9nero), el dolor y el miedo por los hijos, el maltrato psicol\u00f3gico, el sexo o el reencuentro consigo mismo. Lo presenta el martes, 4 de diciembre, en el Palacio de los Condes de Gabia, donde le acompa\u00f1ar\u00e1n el presidente de la Diputaci\u00f3n, Jos\u00e9 Entrena; la diputada de Cultura y Memoria Hist\u00f3rica y Democr\u00e1tica, F\u00e1tima G\u00f3mez Abad y la vicepresidenta de la Asociaci\u00f3n Colegial de Escritores de Espa\u00f1a, Remedios S\u00e1nchez. Al igual que hiciera en la presentaci\u00f3n de su anterior libro actuar\u00e1 el guitarrista, Pepe Agudo (19:30 h).<span id=\"more-38927\"><\/span><\/p>\n<p style=\"text-align: justify;\">Tres a\u00f1os han transcurrido desde que Juan de Dios Villanueva diera a la imprenta el poemario \u2018Candela\u2019 que comparte tem\u00e1tica con su nuevo libro. Tres a\u00f1os en los que ha compaginado sus clases en la Universidad con investigaciones de las que han salido otras publicaciones cient\u00edficas, al tiempo que ha seguido escribiendo este libro de relatos y otro libro de prosa po\u00e9tica que tiene bastante avanzado. \u00ab\u2019Lian\u2019 es un libro eminentemente feminista. En \u00e9l he novelado en 14 relatos situaciones que afectan a personas de esta sociedad, especialmente a la mujeres\u00bb, comenta antes de aclarar que \u00abse trata de un libro de car\u00e1cter social y reivindicativo\u00bb. Tambi\u00e9n nos cuenta que el origen del t\u00edtulo tomado del primer relato. \u00abEs el m\u00e1s extenso del libro, casi 50 p\u00e1ginas, y en \u00e9l trato el problema de la infertilidad que lleva a una pareja a adoptar una ni\u00f1a china que tiene ese nombre, Lian, que significa mariposa. En \u00e9l describo todo el proceso de la adopci\u00f3n al tiempo que me sit\u00fao en China en las circunstancias econ\u00f3micas y culturales actuales que narro de forma novelada\u00bb, explicaci\u00f3n que nos sirve tambi\u00e9n para comprender el significado de la ilustraci\u00f3n que el pintor granadino Manolo Ruiz ha realizado para la portada.<\/p>\n<figure id=\"attachment_27448\" aria-describedby=\"caption-attachment-27448\" style=\"width: 800px\" class=\"wp-caption alignnone\"><a href=\"https:\/\/i0.wp.com\/miradordeatarfe.es\/wp-content\/uploads\/2018\/12\/AAM_juan-de-dios-villanueva-roa-1-iec.jpg?ssl=1\"><img data-recalc-dims=\"1\" loading=\"lazy\" decoding=\"async\" class=\"size-full wp-image-27448\" src=\"https:\/\/i0.wp.com\/miradordeatarfe.es\/wp-content\/uploads\/2018\/12\/AAM_juan-de-dios-villanueva-roa-1-iec.jpg?resize=640%2C419&#038;ssl=1\" alt=\"\" width=\"640\" height=\"419\" srcset=\"https:\/\/i0.wp.com\/miradordeatarfe.es\/wp-content\/uploads\/2018\/12\/AAM_juan-de-dios-villanueva-roa-1-iec.jpg?w=800&amp;ssl=1 800w, https:\/\/i0.wp.com\/miradordeatarfe.es\/wp-content\/uploads\/2018\/12\/AAM_juan-de-dios-villanueva-roa-1-iec.jpg?resize=300%2C197&amp;ssl=1 300w, https:\/\/i0.wp.com\/miradordeatarfe.es\/wp-content\/uploads\/2018\/12\/AAM_juan-de-dios-villanueva-roa-1-iec.jpg?resize=768%2C503&amp;ssl=1 768w, https:\/\/i0.wp.com\/miradordeatarfe.es\/wp-content\/uploads\/2018\/12\/AAM_juan-de-dios-villanueva-roa-1-iec.jpg?resize=600%2C393&amp;ssl=1 600w\" sizes=\"auto, (max-width: 640px) 100vw, 640px\" \/><\/a><figcaption id=\"caption-attachment-27448\" class=\"wp-caption-text\">Juan de Dios Villanueva Roa, autor del libro de relatos &#8216;Lian&#8217; (Dip. de Granada)<\/figcaption><\/figure>\n<p style=\"text-align: justify;\">As\u00ed mismo, Juan de Dios Villanueva, persona de fruct\u00edfera imaginaci\u00f3n y gran observador de la sociedad, se\u00f1ala que lleva escribiendo poes\u00eda y relatos \u00abtoda la vida\u00bb, aunque es consciente de que este \u00abfacilita m\u00e1s la transmisi\u00f3n de ideas, permite ponerse en la piel de los personajes y reflejar situaciones que has podido conocer o inventar, en tanto que la poes\u00eda es mucho m\u00e1s complicada, como parte m\u00e1s pura de la escritura\u00bb. Otros de los relatos aborda el problema del alcoholismo que no solo afecta al enfermo sino a toda la familia. Tambi\u00e9n el de la zozobra en los padres cuando los hijos salen de noche, o la liberaci\u00f3n de la separaci\u00f3n y los problemas que puede conllevar el sexo fuera del hogar, la bisexualidad, la homosexualidad y un abanico de situaciones sociales o personales. Igualmente la violencia psicol\u00f3gica en la pareja, relato basado en un caso real, en el que el marido acosa psicol\u00f3gicamente a su mujer hasta el punto de convencerla que se tire a un tren lo que termina haciendo con la mala fortuna de que le corta las piernas. \u00abA \u00e9l, el juez le deja con la custodia de las dos hijas y a ella la trata como si estuviera loca por lo que va a parar a un manicomio con sus dos piernas amputadas\u00bb.<\/p>\n<div id=\"mep_0\" class=\"mejs-container svg wp-audio-shortcode mejs-audio\" style=\"text-align: justify;\" tabindex=\"0\" role=\"application\" aria-label=\"Audio Player\">\n<div class=\"mejs-inner\">\n<div class=\"mejs-controls\">\n<div class=\"mejs-horizontal-volume-total\"><a href=\"https:\/\/i0.wp.com\/miradordeatarfe.es\/wp-content\/uploads\/2018\/12\/tarjeta-juand-de-dios-villanueva.jpg?ssl=1\"><img data-recalc-dims=\"1\" loading=\"lazy\" decoding=\"async\" class=\"alignnone size-full wp-image-27446\" src=\"https:\/\/i0.wp.com\/miradordeatarfe.es\/wp-content\/uploads\/2018\/12\/tarjeta-juand-de-dios-villanueva.jpg?resize=640%2C361&#038;ssl=1\" alt=\"\" width=\"640\" height=\"361\" srcset=\"https:\/\/i0.wp.com\/miradordeatarfe.es\/wp-content\/uploads\/2018\/12\/tarjeta-juand-de-dios-villanueva.jpg?w=800&amp;ssl=1 800w, https:\/\/i0.wp.com\/miradordeatarfe.es\/wp-content\/uploads\/2018\/12\/tarjeta-juand-de-dios-villanueva.jpg?resize=300%2C169&amp;ssl=1 300w, https:\/\/i0.wp.com\/miradordeatarfe.es\/wp-content\/uploads\/2018\/12\/tarjeta-juand-de-dios-villanueva.jpg?resize=768%2C433&amp;ssl=1 768w, https:\/\/i0.wp.com\/miradordeatarfe.es\/wp-content\/uploads\/2018\/12\/tarjeta-juand-de-dios-villanueva.jpg?resize=600%2C338&amp;ssl=1 600w\" sizes=\"auto, (max-width: 640px) 100vw, 640px\" \/><\/a><\/div>\n<\/div>\n<div class=\"mejs-horizontal-volume-current\">ANTONIO ARENAS EN IDEAL EN CLASE<\/div>\n<div>FOTOS: ANTONIO ARENAS<\/div>\n<div><\/div>\n<div class=\"mejs-clear\"><a href=\"http:\/\/en-clase.ideal.es\/2018\/12\/04\/juan-de-dios-villanueva-roa-he-novelado-en-14-relatos-situaciones-que-afectan-a-la-mujeres\/\">http:\/\/en-clase.ideal.es\/2018\/12\/04\/juan-de-dios-villanueva-roa-he-novelado-en-14-relatos-situaciones-que-afectan-a-la-mujeres\/<\/a><\/div>\n<\/div>\n<\/div>\n<p style=\"text-align: justify;\">\n","protected":false},"excerpt":{"rendered":"<p>El profesor de la Universidad de Granada, escritor y columnista de IDEAL, Juan de Dios&#8230;<\/p>\n","protected":false},"author":1,"featured_media":0,"comment_status":"closed","ping_status":"closed","sticky":false,"template":"","format":"standard","meta":{"_coblocks_attr":"","_coblocks_dimensions":"","_coblocks_responsive_height":"","_coblocks_accordion_ie_support":"","jetpack_post_was_ever_published":false,"_jetpack_newsletter_access":"","_jetpack_dont_email_post_to_subs":false,"_jetpack_newsletter_tier_id":0,"_jetpack_memberships_contains_paywalled_content":false,"_jetpack_memberships_contains_paid_content":false,"footnotes":"","jetpack_publicize_message":"","jetpack_publicize_feature_enabled":true,"jetpack_social_post_already_shared":false,"jetpack_social_options":{"image_generator_settings":{"template":"highway","default_image_id":0,"enabled":false},"version":2}},"categories":[12,14,9772,9,44,15],"tags":[19,1244],"class_list":["post-27445","post","type-post","status-publish","format-standard","hentry","category-cultura","category-feminismo","category-opinion-de-juan-de-dios-villanueva","category-medio-ambiente","category-noticias-de-hoy","category-ultimas-noticias","tag-mujeres","tag-relatos"],"jetpack_publicize_connections":[],"jetpack_featured_media_url":"","jetpack_likes_enabled":true,"jetpack_sharing_enabled":true,"_links":{"self":[{"href":"https:\/\/miradordeatarfe.es\/index.php?rest_route=\/wp\/v2\/posts\/27445","targetHints":{"allow":["GET"]}}],"collection":[{"href":"https:\/\/miradordeatarfe.es\/index.php?rest_route=\/wp\/v2\/posts"}],"about":[{"href":"https:\/\/miradordeatarfe.es\/index.php?rest_route=\/wp\/v2\/types\/post"}],"author":[{"embeddable":true,"href":"https:\/\/miradordeatarfe.es\/index.php?rest_route=\/wp\/v2\/users\/1"}],"replies":[{"embeddable":true,"href":"https:\/\/miradordeatarfe.es\/index.php?rest_route=%2Fwp%2Fv2%2Fcomments&post=27445"}],"version-history":[{"count":3,"href":"https:\/\/miradordeatarfe.es\/index.php?rest_route=\/wp\/v2\/posts\/27445\/revisions"}],"predecessor-version":[{"id":27451,"href":"https:\/\/miradordeatarfe.es\/index.php?rest_route=\/wp\/v2\/posts\/27445\/revisions\/27451"}],"wp:attachment":[{"href":"https:\/\/miradordeatarfe.es\/index.php?rest_route=%2Fwp%2Fv2%2Fmedia&parent=27445"}],"wp:term":[{"taxonomy":"category","embeddable":true,"href":"https:\/\/miradordeatarfe.es\/index.php?rest_route=%2Fwp%2Fv2%2Fcategories&post=27445"},{"taxonomy":"post_tag","embeddable":true,"href":"https:\/\/miradordeatarfe.es\/index.php?rest_route=%2Fwp%2Fv2%2Ftags&post=27445"}],"curies":[{"name":"wp","href":"https:\/\/api.w.org\/{rel}","templated":true}]}}