{"id":27458,"date":"2018-12-05T11:16:39","date_gmt":"2018-12-05T10:16:39","guid":{"rendered":"http:\/\/miradordeatarfe.es\/?p=27458"},"modified":"2018-12-04T14:25:09","modified_gmt":"2018-12-04T13:25:09","slug":"atarfe-5-de-diciembre-se-celebra-el-dia-internacional-del-voluntariado","status":"publish","type":"post","link":"https:\/\/miradordeatarfe.es\/?p=27458","title":{"rendered":"ATARFE:  5 de diciembre, se celebra el D\u00eda Internacional del Voluntariado"},"content":{"rendered":"<p>Ma\u00f1ana, <strong><u>5 de diciembre<\/u><\/strong>, se celebra el <strong><u>D\u00eda Internacional del Voluntariado<\/u><\/strong> y, para conmemorarlo, el Ayuntamiento de Atarfe organiza una <strong>jornada de convivencia<\/strong> que sirva para reflexionar sobre las necesidades e inquietudes de los distintos colectivos.<!--more--><br \/>\nEl encuentro tendr\u00e1 lugar <strong>ma\u00f1ana en el Centro Cultural Medina Elvira, de 18:30 a 20:00 horas<\/strong>.<\/p>\n<p><a href=\"https:\/\/i0.wp.com\/miradordeatarfe.es\/wp-content\/uploads\/2018\/12\/CARTEL-VOLUNTARIADO-2018.jpg?ssl=1\"><img data-recalc-dims=\"1\" loading=\"lazy\" decoding=\"async\" class=\"alignnone size-full wp-image-27459\" src=\"https:\/\/i0.wp.com\/miradordeatarfe.es\/wp-content\/uploads\/2018\/12\/CARTEL-VOLUNTARIADO-2018.jpg?resize=640%2C927&#038;ssl=1\" alt=\"\" width=\"640\" height=\"927\" srcset=\"https:\/\/i0.wp.com\/miradordeatarfe.es\/wp-content\/uploads\/2018\/12\/CARTEL-VOLUNTARIADO-2018.jpg?w=1096&amp;ssl=1 1096w, https:\/\/i0.wp.com\/miradordeatarfe.es\/wp-content\/uploads\/2018\/12\/CARTEL-VOLUNTARIADO-2018.jpg?resize=207%2C300&amp;ssl=1 207w, https:\/\/i0.wp.com\/miradordeatarfe.es\/wp-content\/uploads\/2018\/12\/CARTEL-VOLUNTARIADO-2018.jpg?resize=768%2C1112&amp;ssl=1 768w, https:\/\/i0.wp.com\/miradordeatarfe.es\/wp-content\/uploads\/2018\/12\/CARTEL-VOLUNTARIADO-2018.jpg?resize=707%2C1024&amp;ssl=1 707w, https:\/\/i0.wp.com\/miradordeatarfe.es\/wp-content\/uploads\/2018\/12\/CARTEL-VOLUNTARIADO-2018.jpg?resize=600%2C869&amp;ssl=1 600w\" sizes=\"auto, (max-width: 640px) 100vw, 640px\" \/><\/a><\/p>\n<p>Reproducimos el <strong><u>manifiesto<\/u><\/strong><u> <\/u>que ha elaborado la <strong>Plataforma Andaluza del Voluntariado<\/strong> para conmemorar dicha efem\u00e9ride.<\/p>\n<p style=\"text-align: justify;\"><em>En el D\u00eda Internacional del Voluntariado, que se celebra el pr\u00f3ximo 5 de diciembre, la Plataforma Andaluza del Voluntariado quiere destacar la labor de cientos de miles de personas que en toda Andaluc\u00eda hacen del voluntariado una opci\u00f3n a su alcance. \u201cA tu alcance\u201d es el lema que este a\u00f1o queremos transmitir a la sociedad para que las personas sientan la cercan\u00eda de una actividad que revoluciona vidas, que hace a los seres humanos enredarse juntos, celebrar juntos y sentir el alcance de la ayuda por un lado y la necesidad por el otro. La acci\u00f3n voluntaria es reflejo de una sociedad que no desea estar sola, ni cruzar desiertos , ni mares, ni vivir fuera de su hogar, ni de los suyos, que no desea exclusi\u00f3n por razones de raza, sexo o religi\u00f3n\u2026 que no desea vivir la enfermedad desde la impotencia, sino desde la oportunidad, que no quiere enjuiciar sino acompa\u00f1ar, sanar\u2026 El D\u00eda Internacional del Voluntariado es un d\u00eda para recordar a los que se empe\u00f1an en reflejar toda esa solidaridad, para los que intentan alcanzar los corazones dormidos por la pobreza y la desilusi\u00f3n. Pero es tambi\u00e9n d\u00eda para recordar que las personas voluntarias s\u00f3lo ayudar\u00e1n si previamente viven saludablemente su opci\u00f3n por los dem\u00e1s, si se cuidan, si viven desde el crecimiento personal ese regalo que dan d\u00eda a d\u00eda. Para ello pedimos a las administraciones p\u00fablicas, privadas, agentes sociales, y sociedad en general que no desatiendan a <\/em><em>las entidades de voluntariado, verdaderos \u201chogares\u201d donde se fabrica cada d\u00eda la solidaridad y donde cogemos fuerzas para superar los reveses. Para ello hay que invertir y atender las necesidades formativas y de funcionamiento de estos motores de ayuda que significan tanto para los que ayudan y los ayudados. Creemos en la fuerza del ser humano para salir de sus propias dificultades, pero sostenemos realidades que necesitan de m\u00e1s recursos, m\u00e1s determinaci\u00f3n pol\u00edtica, m\u00e1s agilidad a la hora de las respuestas. Y lo creemos desde el convencimiento de que somos muchos pero hacen falta m\u00e1s. Hace falta m\u00e1s juventud que se suba al carro, hace falta futuro no s\u00f3lo para asegurar los proyectos, sino para incorporar nuevas buenas personas a una sociedad tan necesitada del roce, de la escucha y del cuidado\u2026 La fuerza de la solidaridad genera verdadera riqueza. Garantiza la transformaci\u00f3n de realidades y es ant\u00eddoto contra la injusticia. Creemos que el voluntariado debe ser una actividad realmente al alcance de la gente. Una tarea que se pueda elegir a lo largo la vida y ello s\u00f3lo es posible si se hace mucho m\u00e1s notoria y accesible a la ciudadan\u00eda. <\/em><\/p>\n<p style=\"text-align: justify;\"><em>En este D\u00eda Internacional del Voluntariado MANIFESTAMOS que nos proponemos ALCANZAR D\u00cdA A D\u00cdA LA SOLIDARIDAD COMO ESTILO DE VIDA, HACER QUE OTROS LA ALCANCEN, Y LOGRAR AS\u00cd UN MUNDO M\u00c1S HUMANO. FELIZ D\u00cdA DEL VOLUNTARIADO 2018<\/em><\/p>\n<p style=\"text-align: justify;\">\nLa importante labor que desarrolla el voluntariado queda reflejada en este <strong>video<\/strong> de la <strong>plataforma del voluntariado de Granada<\/strong> que os animamos a ver: <a href=\"https:\/\/youtu.be\/G9vWzFROA4Q\" target=\"_blank\" rel=\"noopener\" data-saferedirecturl=\"https:\/\/www.google.com\/url?q=https:\/\/youtu.be\/G9vWzFROA4Q&amp;source=gmail&amp;ust=1544015706475000&amp;usg=AFQjCNGDai6ZN00qT1UZRb_A1W5CRl3YDg\">https:\/\/youtu.be\/G9vWzFROA4Q<\/a><\/p>\n","protected":false},"excerpt":{"rendered":"<p>Ma\u00f1ana, 5 de diciembre, se celebra el D\u00eda Internacional del Voluntariado y, para conmemorarlo, el&#8230;<\/p>\n","protected":false},"author":1,"featured_media":27460,"comment_status":"closed","ping_status":"closed","sticky":false,"template":"","format":"standard","meta":{"_coblocks_attr":"","_coblocks_dimensions":"","_coblocks_responsive_height":"","_coblocks_accordion_ie_support":"","jetpack_post_was_ever_published":false,"_jetpack_newsletter_access":"","_jetpack_dont_email_post_to_subs":false,"_jetpack_newsletter_tier_id":0,"_jetpack_memberships_contains_paywalled_content":false,"_jetpack_memberships_contains_paid_content":false,"footnotes":"","jetpack_publicize_message":"","jetpack_publicize_feature_enabled":true,"jetpack_social_post_already_shared":false,"jetpack_social_options":{"image_generator_settings":{"template":"highway","default_image_id":0,"enabled":false},"version":2}},"categories":[1161,186,9,44,15],"tags":[81,5520],"class_list":["post-27458","post","type-post","status-publish","format-standard","has-post-thumbnail","hentry","category-ciudadania","category-instituciones","category-medio-ambiente","category-noticias-de-hoy","category-ultimas-noticias","tag-atarfe","tag-dia-del-voluntariado"],"jetpack_publicize_connections":[],"jetpack_featured_media_url":"https:\/\/i0.wp.com\/miradordeatarfe.es\/wp-content\/uploads\/2018\/12\/%C3%ADndice-1.jpeg?fit=391%2C129&ssl=1","jetpack_likes_enabled":true,"jetpack_sharing_enabled":true,"_links":{"self":[{"href":"https:\/\/miradordeatarfe.es\/index.php?rest_route=\/wp\/v2\/posts\/27458","targetHints":{"allow":["GET"]}}],"collection":[{"href":"https:\/\/miradordeatarfe.es\/index.php?rest_route=\/wp\/v2\/posts"}],"about":[{"href":"https:\/\/miradordeatarfe.es\/index.php?rest_route=\/wp\/v2\/types\/post"}],"author":[{"embeddable":true,"href":"https:\/\/miradordeatarfe.es\/index.php?rest_route=\/wp\/v2\/users\/1"}],"replies":[{"embeddable":true,"href":"https:\/\/miradordeatarfe.es\/index.php?rest_route=%2Fwp%2Fv2%2Fcomments&post=27458"}],"version-history":[{"count":1,"href":"https:\/\/miradordeatarfe.es\/index.php?rest_route=\/wp\/v2\/posts\/27458\/revisions"}],"predecessor-version":[{"id":27461,"href":"https:\/\/miradordeatarfe.es\/index.php?rest_route=\/wp\/v2\/posts\/27458\/revisions\/27461"}],"wp:featuredmedia":[{"embeddable":true,"href":"https:\/\/miradordeatarfe.es\/index.php?rest_route=\/wp\/v2\/media\/27460"}],"wp:attachment":[{"href":"https:\/\/miradordeatarfe.es\/index.php?rest_route=%2Fwp%2Fv2%2Fmedia&parent=27458"}],"wp:term":[{"taxonomy":"category","embeddable":true,"href":"https:\/\/miradordeatarfe.es\/index.php?rest_route=%2Fwp%2Fv2%2Fcategories&post=27458"},{"taxonomy":"post_tag","embeddable":true,"href":"https:\/\/miradordeatarfe.es\/index.php?rest_route=%2Fwp%2Fv2%2Ftags&post=27458"}],"curies":[{"name":"wp","href":"https:\/\/api.w.org\/{rel}","templated":true}]}}