{"id":27462,"date":"2018-12-06T10:30:43","date_gmt":"2018-12-06T09:30:43","guid":{"rendered":"http:\/\/miradordeatarfe.es\/?p=27462"},"modified":"2018-12-04T14:33:47","modified_gmt":"2018-12-04T13:33:47","slug":"como-se-dice-discapacitado-persona-con-discapacidad-o-con-capacidades-diferentes","status":"publish","type":"post","link":"https:\/\/miradordeatarfe.es\/?p=27462","title":{"rendered":"C\u00f3mo se dice: discapacitado, persona con discapacidad o con capacidades diferentes"},"content":{"rendered":"<div class=\"pg-hd\">\n<div class=\"deck\">\n<p>La forma en que nos expresamos define y difunde maneras de ver el mundo y de entender a las personas<\/p>\n<\/div>\n<div id=\"scrollable_instance_VAR-n02\">\n<div id=\"scrollable_VAR-moduleId_VAR-n02\" class=\"pg-obj bh-scrollable scrtype1\">\n<div class=\"scrollable\">\n<div class=\"scr-container\"><\/div>\n<\/div>\n<\/div>\n<\/div>\n<\/div>\n<p><!--more--><\/p>\n<div class=\"pg-bd cf\">\n<div id=\"body_intext\" class=\"tx mce\">\n<p style=\"text-align: justify;\">En distintos medios de comunicaci\u00f3n y en el lenguaje cotidiano escuchamos diferentes t\u00e9rminos para definir a las\u00a0<strong>personas con discapacidad<\/strong>. Se han difundido conceptos como discapacitado, capacidades diferentes, capacidades especiales y otros m\u00e1s en desuso como minusv\u00e1lido, inv\u00e1lido, impedido o deficiente.<\/p>\n<p style=\"text-align: justify;\">La forma en que nos expresamos define y difunde maneras de ver el mundo y de entender a las personas. Esto tiene consecuencias en el respeto de los derechos de esas personas, por eso es de vital importancia expresarnos correctamente y decir\u00a0<strong>personas con discapacidad<\/strong>.<\/p>\n<h3 style=\"text-align: justify;\"><strong>La persona en primer lugar<br \/>\n<\/strong><\/h3>\n<p style=\"text-align: justify;\"><strong>Discapacitado o Persona con discapacidad<\/strong><\/p>\n<p style=\"text-align: justify;\">Cuando hablamos de personas con discapacidad, es importante referirnos a su discapacidad solo cuando esto sea pertinente. En diversos medios de comunicaci\u00f3n podemos encontrar expresiones como \u201cun ciego\u201d, \u201cun discapacitado\u201d o \u201cun chico Down\u201d, por ejemplo, en casos donde la discapacidad es un dato sin importancia dentro del contexto. Con esto se refuerza una imagen de las personas con discapacidad distorsionada, que quita los rasgos de individualidad y las percibe solo en relaci\u00f3n a su discapacidad.<\/p>\n<p style=\"text-align: justify;\">Por otra parte, al referirnos a una persona en particular, lo correcto es llamarla por su nombre, como a cualquier otro individuo.\u00a0En caso de que debamos referirnos a la discapacidad, la expresi\u00f3n correcta es la de\u00a0<strong><em>persona<\/em>\u00a0con discapacidad<\/strong>. En primer lugar, hablamos de las personas y en segundo t\u00e9rmino de la discapacidad como una de sus caracter\u00edsticas.<\/p>\n<h3 style=\"text-align: justify;\"><strong>Reconocer, valorar y naturalizar la diversidad<\/strong><\/h3>\n<p style=\"text-align: justify;\"><strong>Persona con capacidades diferentes o persona con discapacidad<\/strong><\/p>\n<p style=\"text-align: justify;\">La expresi\u00f3n\u00a0\u201cpersona con discapacidad\u201d\u00a0proviene del\u00a0<strong>modelo social<\/strong>\u00a0de la discapacidad, que pone en primer lugar a la persona y dice que la persona\u00a0<em>tiene<\/em>\u00a0discapacidad (una caracter\u00edstica de la persona, entre muchas otras).\u00a0Desde esta visi\u00f3n, la discapacidad queda definida por la relaci\u00f3n de la persona con las barreras que le pone el entorno. Esta terminolog\u00eda est\u00e1 sustentada por la Convenci\u00f3n Internacional sobre los Derechos de las Personas con Discapacidad y lo importante es que las mismas personas con discapacidad han sido las que participaron en su formulaci\u00f3n.<\/p>\n<p style=\"text-align: justify;\">Por su parte, hablar de\u00a0<strong>\u201ccapacidades diferentes\u201d<\/strong>\u00a0es un eufemismo que no reconoce la diversidad, ya que al fin y al cabo, todos tenemos capacidades diferentes. El concepto proviene de una campa\u00f1a electoral mexicana y carece de sustento acad\u00e9mico o de reconocimiento entre las organizaciones de la sociedad civil especializadas.<\/p>\n<p style=\"text-align: justify;\">No est\u00e1 de m\u00e1s aclarar que en todos los casos, el uso de diminutivos, denota una disminuci\u00f3n en la valoraci\u00f3n de la persona y no deben ser usadas de ninguna manera expresiones como: cieguito, sordito, etc\u00e9tera.<\/p>\n<h3 style=\"text-align: justify;\"><strong>Definiciones\u00a0que proven\u00edan de un enfoque rehabilitador de la discapacidad<\/strong><\/h3>\n<p style=\"text-align: justify;\">Otras definiciones\u00a0se encontraban acu\u00f1ados en la\u00a0Clasificaci\u00f3n Internacional de Deficiencias, Discapacidades y Minusval\u00edas (que ha sido reemplazada por la\u00a0Clasificaci\u00f3n Internacional del Funcionamiento, de la Discapacidad y de la Salud). Es interesante revisar que\u00a0<strong>el origen de estos t\u00e9rminos parte de una supuesta falta en la persona<\/strong>, lo cual queda por fuera del modelo social vigente.<br \/>\n<strong>\u00a0<\/strong><\/p>\n<p style=\"text-align: justify;\"><strong>Deficiencia:<\/strong>\u00a0<em>Toda p\u00e9rdida o anormalidad de una estructura o funci\u00f3n psicol\u00f3gica, fisiol\u00f3gica o anat\u00f3mica.<\/em><\/p>\n<p style=\"text-align: justify;\"><strong>Minusval\u00eda:<\/strong>\u00a0<em>Una situaci\u00f3n de desventaja para un individuo determinado, consecuencia de una deficiencia o de una discapacidad, que limita o impide el desempe\u00f1o de un rol que es normal en su caso, en funci\u00f3n de su edad, sexo y factores sociales y culturales.<\/em><\/p>\n<h3 style=\"text-align: justify;\"><strong>C\u00f3mo expresar la discapacidad espec\u00edfica<\/strong><\/h3>\n<p style=\"text-align: justify;\">En todos los casos, hablamos primero de la persona y luego decimos la discapacidad.<\/p>\n<ul style=\"text-align: justify;\">\n<li>Persona con discapacidad auditiva<\/li>\n<li>Persona con discapacidad motora<\/li>\n<li>Persona con discapacidad visual<\/li>\n<li>Persona con discapacidad psicosocial<\/li>\n<li>Persona con discapacidad intelectual<\/li>\n<\/ul>\n<h3 style=\"text-align: justify;\"><strong>Otros t\u00e9rminos acu\u00f1ados por colectivos de personas con discapacidad<\/strong><\/h3>\n<p style=\"text-align: justify;\">Recientemente, entre colectivos de personas con discapacidad se ha sugerido la utilizaci\u00f3n de otras expresiones.<\/p>\n<ul>\n<li style=\"text-align: justify;\"><strong>Persona con diversidad funcional<\/strong>: Enfatiza en la diversidad de la sociedad y en el hecho de que la persona\u00a0<em>funciona<\/em>\u00a0de una manera diferente a la mayor\u00eda y que por eso requiere adaptaciones espec\u00edficas para algunas tareas cotidianas. La expresi\u00f3n es de uso m\u00e1s habitual en algunos pa\u00edses como Espa\u00f1a.<\/li>\n<li style=\"text-align: justify;\"><strong>Persona en situaci\u00f3n de discapacidad:<\/strong>\u00a0Enfatiza en el hecho de que la discapacidad proviene de una situaci\u00f3n del entorno y no de una supuesta carencia de la persona.<\/li>\n<\/ul>\n<\/div>\n<\/div>\n","protected":false},"excerpt":{"rendered":"<p>La forma en que nos expresamos define y difunde maneras de ver el mundo y&#8230;<\/p>\n","protected":false},"author":1,"featured_media":0,"comment_status":"closed","ping_status":"closed","sticky":false,"template":"","format":"standard","meta":{"_coblocks_attr":"","_coblocks_dimensions":"","_coblocks_responsive_height":"","_coblocks_accordion_ie_support":"","jetpack_post_was_ever_published":false,"_jetpack_newsletter_access":"","_jetpack_dont_email_post_to_subs":false,"_jetpack_newsletter_tier_id":0,"_jetpack_memberships_contains_paywalled_content":false,"_jetpack_memberships_contains_paid_content":false,"footnotes":"","jetpack_publicize_message":"","jetpack_publicize_feature_enabled":true,"jetpack_social_post_already_shared":false,"jetpack_social_options":{"image_generator_settings":{"template":"highway","default_image_id":0,"enabled":false},"version":2}},"categories":[1161,9,44,15],"tags":[1542],"class_list":["post-27462","post","type-post","status-publish","format-standard","hentry","category-ciudadania","category-medio-ambiente","category-noticias-de-hoy","category-ultimas-noticias","tag-discapacitados"],"jetpack_publicize_connections":[],"jetpack_featured_media_url":"","jetpack_likes_enabled":true,"jetpack_sharing_enabled":true,"_links":{"self":[{"href":"https:\/\/miradordeatarfe.es\/index.php?rest_route=\/wp\/v2\/posts\/27462","targetHints":{"allow":["GET"]}}],"collection":[{"href":"https:\/\/miradordeatarfe.es\/index.php?rest_route=\/wp\/v2\/posts"}],"about":[{"href":"https:\/\/miradordeatarfe.es\/index.php?rest_route=\/wp\/v2\/types\/post"}],"author":[{"embeddable":true,"href":"https:\/\/miradordeatarfe.es\/index.php?rest_route=\/wp\/v2\/users\/1"}],"replies":[{"embeddable":true,"href":"https:\/\/miradordeatarfe.es\/index.php?rest_route=%2Fwp%2Fv2%2Fcomments&post=27462"}],"version-history":[{"count":1,"href":"https:\/\/miradordeatarfe.es\/index.php?rest_route=\/wp\/v2\/posts\/27462\/revisions"}],"predecessor-version":[{"id":27463,"href":"https:\/\/miradordeatarfe.es\/index.php?rest_route=\/wp\/v2\/posts\/27462\/revisions\/27463"}],"wp:attachment":[{"href":"https:\/\/miradordeatarfe.es\/index.php?rest_route=%2Fwp%2Fv2%2Fmedia&parent=27462"}],"wp:term":[{"taxonomy":"category","embeddable":true,"href":"https:\/\/miradordeatarfe.es\/index.php?rest_route=%2Fwp%2Fv2%2Fcategories&post=27462"},{"taxonomy":"post_tag","embeddable":true,"href":"https:\/\/miradordeatarfe.es\/index.php?rest_route=%2Fwp%2Fv2%2Ftags&post=27462"}],"curies":[{"name":"wp","href":"https:\/\/api.w.org\/{rel}","templated":true}]}}