{"id":27467,"date":"2018-12-09T11:00:46","date_gmt":"2018-12-09T10:00:46","guid":{"rendered":"http:\/\/miradordeatarfe.es\/?p=27467"},"modified":"2018-12-05T15:24:53","modified_gmt":"2018-12-05T14:24:53","slug":"el-ayuntamiento-inicia-en-los-proximos-dias-la-obra-del-ascensor-para-mejorar-la-accesibilidad","status":"publish","type":"post","link":"https:\/\/miradordeatarfe.es\/?p=27467","title":{"rendered":"El Ayuntamiento inicia en los pr\u00f3ximos d\u00edas la obra del ascensor para mejorar la accesibilidad"},"content":{"rendered":"<p style=\"text-align: justify;\">El alcalde de Atarfe, Francisco Rodr\u00edguez Quesada, ha explicado que la ley obliga a las administraciones p\u00fablicas a \u201cdar ejemplo y eliminar las barreras arquitect\u00f3nicas\u201d.<!--more--><\/p>\n<p style=\"text-align: justify;\">El Ayuntamiento de Atarfe iniciar\u00e1 en los pr\u00f3ximos d\u00edas la obra de reforma de su edificio principal para instalar un ascensor entre las dos plantas que permita el acceso a las personas con discapacidad o movilidad reducida.<\/p>\n<p style=\"text-align: justify;\">El edificio que alberga el Ayuntamiento de Atarfe carece de las condiciones m\u00ednimas de accesibilidad universal exigibles seg\u00fan la normativa vigente. Para acabar con esta situaci\u00f3n, el equipo de gobierno ha decidido emprender una primera actuaci\u00f3n consistente en la instalaci\u00f3n de un ascensor accesible que salve la diferencia de altura entre las dos plantas que lo componen.<\/p>\n<p style=\"text-align: justify;\">El alcalde <strong>Francisco Rodr\u00edguez Quesada<\/strong> ha explicado que la ley obliga a las administraciones a \u201cdar ejemplo y eliminar las barreras arquitect\u00f3nicas\u201d. \u201cLa instalaci\u00f3n de un ascensor siempre ha sido una de nuestras prioridades. Todos, sin excepci\u00f3n, podemos tener problemas de accesibilidad en alg\u00fan momento de nuestras vidas con independencia de nuestra autonom\u00eda o movilidad personal\u201d.<\/p>\n<p style=\"text-align: justify;\">Rodr\u00edguez Quesada se ha referido al esfuerzo que se ha realizado en los tres \u00faltimos a\u00f1os para mejorar la accesibilidad en calles y dependencias p\u00fablicas (Centro Cultural Medina Elvira, Centro Ocupacional y centros escolares) pese a las restricciones econ\u00f3micas.<\/p>\n<p style=\"text-align: justify;\">La actuaci\u00f3n obligar\u00e1 a trasladar de forma temporal determinadas \u00e1reas municipales al edificio de Servicios Sociales de la Plaza de Abastos, incluidos los despachos de los grupos municipales.<\/p>\n<p style=\"text-align: justify;\">La reforma permitir\u00e1 unificar los desniveles que existen en la planta primera y redistribuir el espacio de la zona de espera y la secretar\u00eda de Alcald\u00eda. Tambi\u00e9n ser\u00e1 necesario subir la cota del sal\u00f3n de plenos y remodelar las oficinas de la Polic\u00eda Local y el \u00e1rea de Urbanismo, tratando de ganar superficie \u00fatil para el desempe\u00f1o de las tareas que realizan los trabajadores.<\/p>\n","protected":false},"excerpt":{"rendered":"<p>El alcalde de Atarfe, Francisco Rodr\u00edguez Quesada, ha explicado que la ley obliga a las&#8230;<\/p>\n","protected":false},"author":1,"featured_media":27468,"comment_status":"closed","ping_status":"closed","sticky":false,"template":"","format":"standard","meta":{"_coblocks_attr":"","_coblocks_dimensions":"","_coblocks_responsive_height":"","_coblocks_accordion_ie_support":"","jetpack_post_was_ever_published":false,"_jetpack_newsletter_access":"","_jetpack_dont_email_post_to_subs":false,"_jetpack_newsletter_tier_id":0,"_jetpack_memberships_contains_paywalled_content":false,"_jetpack_memberships_contains_paid_content":false,"footnotes":"","jetpack_publicize_message":"","jetpack_publicize_feature_enabled":true,"jetpack_social_post_already_shared":false,"jetpack_social_options":{"image_generator_settings":{"template":"highway","default_image_id":0,"enabled":false},"version":2}},"categories":[2,1161,186,44,15],"tags":[81,864,5521],"class_list":["post-27467","post","type-post","status-publish","format-standard","has-post-thumbnail","hentry","category-atarfe","category-ciudadania","category-instituciones","category-noticias-de-hoy","category-ultimas-noticias","tag-atarfe","tag-ayuntamiento","tag-barreras-arquitectonicas"],"jetpack_publicize_connections":[],"jetpack_featured_media_url":"https:\/\/i0.wp.com\/miradordeatarfe.es\/wp-content\/uploads\/2018\/12\/ayuntamiento-de-atarfe-escaleras2-4.jpg?fit=700%2C486&ssl=1","jetpack_likes_enabled":true,"jetpack_sharing_enabled":true,"_links":{"self":[{"href":"https:\/\/miradordeatarfe.es\/index.php?rest_route=\/wp\/v2\/posts\/27467","targetHints":{"allow":["GET"]}}],"collection":[{"href":"https:\/\/miradordeatarfe.es\/index.php?rest_route=\/wp\/v2\/posts"}],"about":[{"href":"https:\/\/miradordeatarfe.es\/index.php?rest_route=\/wp\/v2\/types\/post"}],"author":[{"embeddable":true,"href":"https:\/\/miradordeatarfe.es\/index.php?rest_route=\/wp\/v2\/users\/1"}],"replies":[{"embeddable":true,"href":"https:\/\/miradordeatarfe.es\/index.php?rest_route=%2Fwp%2Fv2%2Fcomments&post=27467"}],"version-history":[{"count":1,"href":"https:\/\/miradordeatarfe.es\/index.php?rest_route=\/wp\/v2\/posts\/27467\/revisions"}],"predecessor-version":[{"id":27469,"href":"https:\/\/miradordeatarfe.es\/index.php?rest_route=\/wp\/v2\/posts\/27467\/revisions\/27469"}],"wp:featuredmedia":[{"embeddable":true,"href":"https:\/\/miradordeatarfe.es\/index.php?rest_route=\/wp\/v2\/media\/27468"}],"wp:attachment":[{"href":"https:\/\/miradordeatarfe.es\/index.php?rest_route=%2Fwp%2Fv2%2Fmedia&parent=27467"}],"wp:term":[{"taxonomy":"category","embeddable":true,"href":"https:\/\/miradordeatarfe.es\/index.php?rest_route=%2Fwp%2Fv2%2Fcategories&post=27467"},{"taxonomy":"post_tag","embeddable":true,"href":"https:\/\/miradordeatarfe.es\/index.php?rest_route=%2Fwp%2Fv2%2Ftags&post=27467"}],"curies":[{"name":"wp","href":"https:\/\/api.w.org\/{rel}","templated":true}]}}