{"id":27470,"date":"2018-12-08T11:40:11","date_gmt":"2018-12-08T10:40:11","guid":{"rendered":"http:\/\/miradordeatarfe.es\/?p=27470"},"modified":"2018-12-04T16:43:10","modified_gmt":"2018-12-04T15:43:10","slug":"por-que-atarfe-se-llama-asi-2","status":"publish","type":"post","link":"https:\/\/miradordeatarfe.es\/?p=27470","title":{"rendered":"\u00bfPor qu\u00e9 Atarfe se llama as\u00ed?"},"content":{"rendered":"<section class=\"cb-entry-content entry-content clearfix\">\n<p style=\"text-align: justify;\">Una semana m\u00e1s recorremos la geograf\u00eda granadina para ir al origen de nuestra historia. En esta ocasi\u00f3n nos detenemos en uno de los pueblos m\u00e1s importantes del \u00e1rea metropolitana como lo es Atarfe. \u00bfPor qu\u00e9 se llama as\u00ed este municipio granadino?<!--more--><\/p>\n<p style=\"text-align: justify;\">Como suele ser habitual, el nombre procede de \u00e9poca \u00e1rabe y podr\u00eda tener hasta dos significados. El primero de ellos, el m\u00e1s extendido seg\u00fan los historiadores y ling\u00fcistas dice que proviene del vocablo \u00e1rabe \u201cal-taraf\u201d que significa puntal. Dicho puntal har\u00eda referencia a los picos monta\u00f1osos que hay junto a Atarfe. Es decir, Castillejo y Tajo Colorao, ambos en plena Sierra Elvira y que est\u00e1n muy cerca de este pueblo.<\/p>\n<p style=\"text-align: justify;\">Precisamente si seguimos la l\u00f3gica de Sierra Elvira, el nombre de esta monta\u00f1a est\u00e1 directamente relacionado con la medina \u00e1rabe que se levant\u00f3 bajo sus pies y que fue la primera capital de Granada antes de la propia ciudad. Y es precisamente por esa, por Elvira, por la que Atarfe podr\u00eda tener su nombre seg\u00fan la segunda opci\u00f3n.<\/p>\n<p style=\"text-align: justify;\">Los historiadores consideran que Atarfe podr\u00eda derivar directamente de la palabra \u00e1rabe \u201cartarf\u201d cuyo significado ser\u00eda l\u00edmite. Dicho l\u00edmite no ser\u00eda otro que el que hay entre la propia Atarfe y la antigua Medina Elvira. Lo que en todo caso parece no tener relaci\u00f3n con el nombre del municipio es el pariente cercano de los reyes \u00e1rabes de Granada que se llam\u00f3 Tarfe pues no hay suficientes datos que apoyen esta teor\u00eda y si las otras dos anteriores.<\/p>\n<p style=\"text-align: justify;\"><a href=\"http:\/\/www.elbolardo.com\/author\/wmidealadm1n\/\">El Bolardo<\/a><\/p>\n<p style=\"text-align: justify;\"><a href=\"http:\/\/www.elbolardo.com\/2016\/12\/21\/por-que-atarfe-se-llama-asi\/\">http:\/\/www.elbolardo.com\/2016\/12\/21\/por-que-atarfe-se-llama-asi\/<\/a><\/p>\n<\/section>\n<p style=\"text-align: justify;\">\n","protected":false},"excerpt":{"rendered":"<p>Una semana m\u00e1s recorremos la geograf\u00eda granadina para ir al origen de nuestra historia. En&#8230;<\/p>\n","protected":false},"author":1,"featured_media":27471,"comment_status":"closed","ping_status":"closed","sticky":false,"template":"","format":"standard","meta":{"_coblocks_attr":"","_coblocks_dimensions":"","_coblocks_responsive_height":"","_coblocks_accordion_ie_support":"","jetpack_post_was_ever_published":false,"_jetpack_newsletter_access":"","_jetpack_dont_email_post_to_subs":false,"_jetpack_newsletter_tier_id":0,"_jetpack_memberships_contains_paywalled_content":false,"_jetpack_memberships_contains_paid_content":false,"footnotes":"","jetpack_publicize_message":"","jetpack_publicize_feature_enabled":true,"jetpack_social_post_already_shared":false,"jetpack_social_options":{"image_generator_settings":{"template":"highway","default_image_id":0,"enabled":false},"version":2}},"categories":[2,12,186,44,15],"tags":[81,5522],"class_list":["post-27470","post","type-post","status-publish","format-standard","has-post-thumbnail","hentry","category-atarfe","category-cultura","category-instituciones","category-noticias-de-hoy","category-ultimas-noticias","tag-atarfe","tag-significados"],"jetpack_publicize_connections":[],"jetpack_featured_media_url":"https:\/\/i0.wp.com\/miradordeatarfe.es\/wp-content\/uploads\/2018\/12\/U4T8165-Iglesia-parroquial-Ntra.Sra_.-de-la-Encarnacion-1024x683.jpg?fit=1024%2C683&ssl=1","jetpack_likes_enabled":true,"jetpack_sharing_enabled":true,"_links":{"self":[{"href":"https:\/\/miradordeatarfe.es\/index.php?rest_route=\/wp\/v2\/posts\/27470","targetHints":{"allow":["GET"]}}],"collection":[{"href":"https:\/\/miradordeatarfe.es\/index.php?rest_route=\/wp\/v2\/posts"}],"about":[{"href":"https:\/\/miradordeatarfe.es\/index.php?rest_route=\/wp\/v2\/types\/post"}],"author":[{"embeddable":true,"href":"https:\/\/miradordeatarfe.es\/index.php?rest_route=\/wp\/v2\/users\/1"}],"replies":[{"embeddable":true,"href":"https:\/\/miradordeatarfe.es\/index.php?rest_route=%2Fwp%2Fv2%2Fcomments&post=27470"}],"version-history":[{"count":1,"href":"https:\/\/miradordeatarfe.es\/index.php?rest_route=\/wp\/v2\/posts\/27470\/revisions"}],"predecessor-version":[{"id":27472,"href":"https:\/\/miradordeatarfe.es\/index.php?rest_route=\/wp\/v2\/posts\/27470\/revisions\/27472"}],"wp:featuredmedia":[{"embeddable":true,"href":"https:\/\/miradordeatarfe.es\/index.php?rest_route=\/wp\/v2\/media\/27471"}],"wp:attachment":[{"href":"https:\/\/miradordeatarfe.es\/index.php?rest_route=%2Fwp%2Fv2%2Fmedia&parent=27470"}],"wp:term":[{"taxonomy":"category","embeddable":true,"href":"https:\/\/miradordeatarfe.es\/index.php?rest_route=%2Fwp%2Fv2%2Fcategories&post=27470"},{"taxonomy":"post_tag","embeddable":true,"href":"https:\/\/miradordeatarfe.es\/index.php?rest_route=%2Fwp%2Fv2%2Ftags&post=27470"}],"curies":[{"name":"wp","href":"https:\/\/api.w.org\/{rel}","templated":true}]}}