{"id":27488,"date":"2018-12-07T10:15:58","date_gmt":"2018-12-07T09:15:58","guid":{"rendered":"http:\/\/miradordeatarfe.es\/?p=27488"},"modified":"2018-12-06T20:11:54","modified_gmt":"2018-12-06T19:11:54","slug":"tiembla-andalucia-vox-desvela-sus-10-exigencias-a-pp-y-ciudadanos","status":"publish","type":"post","link":"https:\/\/miradordeatarfe.es\/?p=27488","title":{"rendered":"Tiembla Andaluc\u00eda: Vox desvela sus 10 exigencias a PP y Ciudadanos"},"content":{"rendered":"<div class=\"article-header\">\n<p>Para expulsar al PSOE de la Junta, la extrema derecha exige que Albert Rivera y Pablo Casado degraden Andaluc\u00eda<\/p>\n<\/div>\n<p><!--more--><\/p>\n<div class=\"article-main-asset\">\n<div class=\"article-image-wrapper\">\n<div class=\"article-image\"><picture><source srcset=\"https:\/\/www.elplural.com\/uploads\/s1\/60\/80\/36\/europapress-1792153-en-sevilla-mitin-de-cierre-de-campana-de-vox-con-la-participacion-de-su-presidente-santiago-abascal-y-del-candidato-a-la-presidencia-de-la-junta-francisco-serrano-fotos-rocio-fernandez_8_380x214.jpeg\" media=\"(max-width:400px)\" data-srcset=\"https:\/\/www.elplural.com\/uploads\/s1\/60\/80\/36\/europapress-1792153-en-sevilla-mitin-de-cierre-de-campana-de-vox-con-la-participacion-de-su-presidente-santiago-abascal-y-del-candidato-a-la-presidencia-de-la-junta-francisco-serrano-fotos-rocio-fernandez_8_380x214.jpeg\" \/><source srcset=\"https:\/\/www.elplural.com\/uploads\/s1\/60\/80\/35\/europapress-1792153-en-sevilla-mitin-de-cierre-de-campana-de-vox-con-la-participacion-de-su-presidente-santiago-abascal-y-del-candidato-a-la-presidencia-de-la-junta-francisco-serrano-fotos-rocio-fernandez_7_480x270.jpeg\" media=\"(min-width:401px) and (max-width:767px)\" data-srcset=\"https:\/\/www.elplural.com\/uploads\/s1\/60\/80\/35\/europapress-1792153-en-sevilla-mitin-de-cierre-de-campana-de-vox-con-la-participacion-de-su-presidente-santiago-abascal-y-del-candidato-a-la-presidencia-de-la-junta-francisco-serrano-fotos-rocio-fernandez_7_480x270.jpeg\" \/><source srcset=\"https:\/\/www.elplural.com\/uploads\/s1\/60\/80\/32\/europapress-1792153-en-sevilla-mitin-de-cierre-de-campana-de-vox-con-la-participacion-de-su-presidente-santiago-abascal-y-del-candidato-a-la-presidencia-de-la-junta-francisco-serrano-fotos-rocio-fernandez_4_800x450.jpeg\" media=\"(min-width:768px)\" data-srcset=\"https:\/\/www.elplural.com\/uploads\/s1\/60\/80\/32\/europapress-1792153-en-sevilla-mitin-de-cierre-de-campana-de-vox-con-la-participacion-de-su-presidente-santiago-abascal-y-del-candidato-a-la-presidencia-de-la-junta-francisco-serrano-fotos-rocio-fernandez_4_800x450.jpeg\" \/><\/picture><\/div>\n<\/div>\n<\/div>\n<div id=\"article-body\" class=\"article-body \">\n<div class=\"body-content\">\n<p style=\"text-align: justify;\"><strong>Desde un hotel de Madrid<\/strong>, y sin estar acompa\u00f1ado por ning\u00fan representante andaluz de su partido, <strong>el presidente de VOX, Santiago Abascal, ha desvelado las exigencias que plantear\u00e1 a Partido Popular y Ciudadano<\/strong>s si quieren arrebatar al PSOE el gobierno de la Junta.<\/p>\n<h3 style=\"text-align: justify;\"><strong>Degradaci\u00f3n de Andaluc\u00eda <\/strong><\/h3>\n<p style=\"text-align: justify;\">Abascal ha sido tajante: si quieren llegar a un acuerdo que permita expulsar a la izquierda de la Junta, <strong>Albert Rivera y Pablo Casado tendr\u00e1n que aceptar que Andaluc\u00eda deje de ser una realidad nacional.<\/strong><\/p>\n<p style=\"text-align: justify;\">\u201cVamos plantear que en el estatuto se reforme el t\u00e9rmino que designa o define a Andaluc\u00eda como realidad nacional para que sea definida como una regi\u00f3n aut\u00f3noma de Espa\u00f1a, porque la inmensa mayor\u00eda de los andaluces saben, piensan y creen que Espa\u00f1a es una naci\u00f3n\u201d, ha afirmado Santiago Abascal antes de enumerar una por una <strong>sus 10 exigencias a PP y a Ciudadanos que hacen temblar a Andaluc\u00eda.<\/strong><\/p>\n<h3 style=\"text-align: justify;\"><strong>Las 10 condiciones de los ultras a PP y Ciudadanos<\/strong><\/h3>\n<p style=\"text-align: justify;\"><strong>1-<\/strong> Cierre de Canal Sur.<\/p>\n<p style=\"text-align: justify;\"><strong>2- <\/strong>Reforma del Estatuto de Autonom\u00eda para que Andaluc\u00eda deje de ser una realidad nacional.<\/p>\n<p style=\"text-align: justify;\"><strong>3-<\/strong> Devoluci\u00f3n de competencias al Estado en materia de Educaci\u00f3n y Sanidad.<\/p>\n<p style=\"text-align: justify;\"><strong>4- <\/strong>Derogaci\u00f3n de la ley regional de Memoria Hist\u00f3rica.<\/p>\n<p style=\"text-align: justify;\"><strong>5-<\/strong> Derogaci\u00f3n de la ley de violencia de g\u00e9nero.<\/p>\n<p style=\"text-align: justify;\"><strong>6-<\/strong> Sustituir el Plan de Empleo Rural (PER), tras analizar posibles fraudes.<\/p>\n<p style=\"text-align: justify;\"><strong>7- <\/strong>Supresi\u00f3n inmediata del impuesto de sucesiones de Andaluc\u00eda .<\/p>\n<p style=\"text-align: justify;\"><strong>8- <\/strong>Rebaja del tramo auton\u00f3mico del IRPF.<\/p>\n<p style=\"text-align: justify;\"><strong>9- <\/strong>Estudio sobre la existencia de organismos \u201csuperfluos\u201d para su posterior cierre.<\/p>\n<p style=\"text-align: justify;\"><strong>10-<\/strong> Medidas de protecci\u00f3n para el modo de vida rural, la caza y la tauromaquia.<\/p>\n<p style=\"text-align: justify;\"><span class=\"author\"><a title=\"Jos\u00e9 Mar\u00eda Garrido\" href=\"https:\/\/www.elplural.com\/jose-maria-garrido_5481115\">Jos\u00e9 Mar\u00eda Garrido <\/a> <\/span><\/p>\n<p style=\"text-align: justify;\">FOTO: Cierre de campa\u00f1a de Santiago Abascal en Sevilla (VOX)<\/p>\n<p style=\"text-align: justify;\"><a href=\"https:\/\/www.elplural.com\/politica\/vox-exige-a-pp-y-cs-que-andalucia-deje-de-ser-una-realidad-nacional_207636102?fbclid=IwAR1uOeMuysubggAG4Fn3fCp352K6clYToUgHkkimkl2Wmz5jvzjEZiFVrxk\">https:\/\/www.elplural.com\/politica\/vox-exige-a-pp-y-cs-que-andalucia-deje-de-ser-una-realidad-nacional_207636102?fbclid=IwAR1uOeMuysubggAG4Fn3fCp352K6clYToUgHkkimkl2Wmz5jvzjEZiFVrxk<\/a><\/p>\n<\/div>\n<\/div>\n","protected":false},"excerpt":{"rendered":"<p>Para expulsar al PSOE de la Junta, la extrema derecha exige que Albert Rivera y&#8230;<\/p>\n","protected":false},"author":1,"featured_media":27491,"comment_status":"closed","ping_status":"closed","sticky":false,"template":"","format":"standard","meta":{"_coblocks_attr":"","_coblocks_dimensions":"","_coblocks_responsive_height":"","_coblocks_accordion_ie_support":"","jetpack_post_was_ever_published":false,"_jetpack_newsletter_access":"","_jetpack_dont_email_post_to_subs":false,"_jetpack_newsletter_tier_id":0,"_jetpack_memberships_contains_paywalled_content":false,"_jetpack_memberships_contains_paid_content":false,"footnotes":"","jetpack_publicize_message":"","jetpack_publicize_feature_enabled":true,"jetpack_social_post_already_shared":false,"jetpack_social_options":{"image_generator_settings":{"template":"highway","default_image_id":0,"enabled":false},"version":2}},"categories":[1161,44,15],"tags":[5513,5518],"class_list":["post-27488","post","type-post","status-publish","format-standard","has-post-thumbnail","hentry","category-ciudadania","category-noticias-de-hoy","category-ultimas-noticias","tag-elecciones-andaluzas-2018","tag-vox"],"jetpack_publicize_connections":[],"jetpack_featured_media_url":"https:\/\/i0.wp.com\/miradordeatarfe.es\/wp-content\/uploads\/2018\/12\/%C3%ADndice-2.jpeg?fit=275%2C183&ssl=1","jetpack_likes_enabled":true,"jetpack_sharing_enabled":true,"_links":{"self":[{"href":"https:\/\/miradordeatarfe.es\/index.php?rest_route=\/wp\/v2\/posts\/27488","targetHints":{"allow":["GET"]}}],"collection":[{"href":"https:\/\/miradordeatarfe.es\/index.php?rest_route=\/wp\/v2\/posts"}],"about":[{"href":"https:\/\/miradordeatarfe.es\/index.php?rest_route=\/wp\/v2\/types\/post"}],"author":[{"embeddable":true,"href":"https:\/\/miradordeatarfe.es\/index.php?rest_route=\/wp\/v2\/users\/1"}],"replies":[{"embeddable":true,"href":"https:\/\/miradordeatarfe.es\/index.php?rest_route=%2Fwp%2Fv2%2Fcomments&post=27488"}],"version-history":[{"count":3,"href":"https:\/\/miradordeatarfe.es\/index.php?rest_route=\/wp\/v2\/posts\/27488\/revisions"}],"predecessor-version":[{"id":27492,"href":"https:\/\/miradordeatarfe.es\/index.php?rest_route=\/wp\/v2\/posts\/27488\/revisions\/27492"}],"wp:featuredmedia":[{"embeddable":true,"href":"https:\/\/miradordeatarfe.es\/index.php?rest_route=\/wp\/v2\/media\/27491"}],"wp:attachment":[{"href":"https:\/\/miradordeatarfe.es\/index.php?rest_route=%2Fwp%2Fv2%2Fmedia&parent=27488"}],"wp:term":[{"taxonomy":"category","embeddable":true,"href":"https:\/\/miradordeatarfe.es\/index.php?rest_route=%2Fwp%2Fv2%2Fcategories&post=27488"},{"taxonomy":"post_tag","embeddable":true,"href":"https:\/\/miradordeatarfe.es\/index.php?rest_route=%2Fwp%2Fv2%2Ftags&post=27488"}],"curies":[{"name":"wp","href":"https:\/\/api.w.org\/{rel}","templated":true}]}}