{"id":27493,"date":"2018-12-07T10:30:29","date_gmt":"2018-12-07T09:30:29","guid":{"rendered":"http:\/\/miradordeatarfe.es\/?p=27493"},"modified":"2018-12-06T20:12:05","modified_gmt":"2018-12-06T19:12:05","slug":"atarfe-la-bella-y-la-bestia-la-leyenda-un-espectaculo-para-toda-la-familia","status":"publish","type":"post","link":"https:\/\/miradordeatarfe.es\/?p=27493","title":{"rendered":"ATARFE: &#8216;La bella y la bestia, la leyenda&#8217;, un espect\u00e1culo para toda la familia"},"content":{"rendered":"<p>El pr\u00f3ximo s\u00e1bado se podr\u00e1 disfrutar en el <a class=\"profileLink\" href=\"https:\/\/www.facebook.com\/CentroCulturalMedinaElvira\/?__tn__=K-R&amp;eid=ARBcIt2-wU7sxhtv69Bn6C1X99rL0Ey4w4XAKq_H-T1m5Oa4uG8pSvwX8HOg12NzeU3zId3-vXAnfXYG&amp;fref=mentions&amp;__xts__%5B0%5D=68.ARBZUpL-vyIZXTIoZK2f9ewDf9RsVLfyA_uSNafKhXQUtGytH9epiD5ZQBU5OQ3UhG-8wdBXegxLVQ4Rqe6TtYEOBkqkiG7xvbB4E1KX4iKkaI55eM2zaluR90vmSe3veKlgRxzjqSWkce0Udeg5-f0oa5K7z8CbVdmw3_1iEOaPi8czdKr5PAfWx8jPooipDqNJviXYDEliTUy6usWSiy4GVZH8dewijVq9Rf05bACvmVgiXY2XKi564h5z1EtVFsT5iKJeByjDr-FSgAhV0Vui5FxNbl8JO0nns5XrXUkk-OWks8IjD1yXucwj_O5OEi_dG5-oe8d1E5D8R3Y2EPRQ2nTUFAZCHYlKEiL2AnS1fHSKBPUDOQseoDtHrJGPB7ESFe8cCaLJWwNjGFXaSNb5cUftdU2Ha2P6CdHXbeJNd7iDK048QmvCgyTyAyh4W49F_kFgoE65lKpmxFBDYqSyGTfdlmSayvpeQG_Fkal2Y86riDaFfLbu\" data-hovercard=\"\/ajax\/hovercard\/page.php?id=579830115369795&amp;extragetparams=%7B%22__tn__%22%3A%22%2CdK-R-R%22%2C%22eid%22%3A%22ARBcIt2-wU7sxhtv69Bn6C1X99rL0Ey4w4XAKq_H-T1m5Oa4uG8pSvwX8HOg12NzeU3zId3-vXAnfXYG%22%2C%22fref%22%3A%22mentions%22%7D\" data-hovercard-prefer-more-content-show=\"1\">Centro Cultural Medina Elvira<\/a> del musical &#8216;La bella y la bestia, la leyenda&#8217;, un espect\u00e1culo para toda la familia con voces en directo y una historia de amor con la que disfrutar\u00e1s. Est\u00e1s a tiempo de reservar entrada en el propio centro cultural o por internet.<!--more--><\/p>\n<p>De la mano de La M\u00e1scara Producciones podremos disfrutar de una nueva producci\u00f3n, en este caso nos traen La Bella y la Bestia, el musical.<\/p>\n<p>Esta es una productora que se fund\u00f3 en Sevilla bajo la direcci\u00f3n de Juan Ignacio Gonz\u00e1lez Fern\u00e1ndez. Empez\u00f3 como servicios de producci\u00f3n, coordinaci\u00f3n y desarrollo del espect\u00e1culo.<\/p>\n<p>Una de las \u00faltimas creaciones de La M\u00e1scara Producciones es el musical de La Bella y la Bestia, d\u00f3nde nos traen la historia del cl\u00e1sico cuento hecho musical.<\/p>\n<p>Este cuento nos trae la historia de <strong>un pr\u00edncipe que viv\u00eda en un resplandeciente castillo,<\/strong> d\u00f3nde a pesar de todo lo que tiene a su alcance <strong>era ego\u00edsta y consentido.<\/strong><\/p>\n<p><img data-recalc-dims=\"1\" loading=\"lazy\" decoding=\"async\" class=\"wp-image-6972 alignright tie-appear\" src=\"https:\/\/i0.wp.com\/agendainfantil.es\/wp-content\/uploads\/2018\/10\/la-bella-y-la-bestia-300x169.jpg?resize=201%2C113&#038;ssl=1\" sizes=\"auto, (max-width: 201px) 100vw, 201px\" srcset=\"https:\/\/agendainfantil.es\/wp-content\/uploads\/2018\/10\/la-bella-y-la-bestia-300x169.jpg 300w, https:\/\/agendainfantil.es\/wp-content\/uploads\/2018\/10\/la-bella-y-la-bestia.jpg 644w\" alt=\"La Bella y la Bestia, una nueva producci\u00f3n del cl\u00e1sico cuento \" width=\"201\" height=\"113\" \/>Una noche llega a su castillo una bruja que le pidi\u00f3 ayuda, el pr\u00edncipe en su mundo de gran ego\u00edsta no le prest\u00f3 ayuda y la bruja le lanz\u00f3 un maleficio sobre \u00e9l y todos los que en el castillo viv\u00edan.<\/p>\n<p><img data-recalc-dims=\"1\" loading=\"lazy\" decoding=\"async\" class=\"wp-image-6973  alignleft tie-appear\" src=\"https:\/\/i0.wp.com\/agendainfantil.es\/wp-content\/uploads\/2018\/10\/bella-y-la-flor-1-300x236.jpg?resize=147%2C116&#038;ssl=1\" sizes=\"auto, (max-width: 147px) 100vw, 147px\" srcset=\"https:\/\/agendainfantil.es\/wp-content\/uploads\/2018\/10\/bella-y-la-flor-1-300x236.jpg 300w, https:\/\/agendainfantil.es\/wp-content\/uploads\/2018\/10\/bella-y-la-flor-1.jpg 331w\" alt=\"\" width=\"147\" height=\"116\" \/><\/p>\n<p>Como castigo el pr\u00edncipe fue castigado con un terrible hechizo convirti\u00e9ndolo en una bestia, de cuyo hechizo s\u00f3lo podr\u00eda librarse si consegu\u00eda <strong>enamorarse de una chica antes de que cayera el \u00faltimo p\u00e9talo de una rosa\u00a0 encantada.<\/strong><\/p>\n<p>Pasaron los a\u00f1os y una joven de nombre Bella lleg\u00f3 al castillo para rescatar a su padre, que fue prisionero por Bestia. \u00bfPodr\u00e1 la joven enamorarse de Bestia?<\/p>\n<p>Todo lo que necesitamos saber podremos descubrirlo y disfrutarlo en este <strong>cl\u00e1sico musical para ni\u00f1@s y adultos con voces en directo y una bonita historia de amor.<\/strong><\/p>\n<p><a href=\"https:\/\/i0.wp.com\/miradordeatarfe.es\/wp-content\/uploads\/2018\/12\/46525526_2222240441128746_7711337965758185472_n.jpg?ssl=1\"><img data-recalc-dims=\"1\" loading=\"lazy\" decoding=\"async\" class=\"size-full wp-image-27494 aligncenter\" src=\"https:\/\/i0.wp.com\/miradordeatarfe.es\/wp-content\/uploads\/2018\/12\/46525526_2222240441128746_7711337965758185472_n.jpg?resize=640%2C853&#038;ssl=1\" alt=\"\" width=\"640\" height=\"853\" srcset=\"https:\/\/i0.wp.com\/miradordeatarfe.es\/wp-content\/uploads\/2018\/12\/46525526_2222240441128746_7711337965758185472_n.jpg?w=720&amp;ssl=1 720w, https:\/\/i0.wp.com\/miradordeatarfe.es\/wp-content\/uploads\/2018\/12\/46525526_2222240441128746_7711337965758185472_n.jpg?resize=225%2C300&amp;ssl=1 225w, https:\/\/i0.wp.com\/miradordeatarfe.es\/wp-content\/uploads\/2018\/12\/46525526_2222240441128746_7711337965758185472_n.jpg?resize=600%2C800&amp;ssl=1 600w\" sizes=\"auto, (max-width: 640px) 100vw, 640px\" \/><\/a><\/p>\n","protected":false},"excerpt":{"rendered":"<p>El pr\u00f3ximo s\u00e1bado se podr\u00e1 disfrutar en el Centro Cultural Medina Elvira del musical &#8216;La&#8230;<\/p>\n","protected":false},"author":1,"featured_media":0,"comment_status":"closed","ping_status":"closed","sticky":false,"template":"","format":"standard","meta":{"_coblocks_attr":"","_coblocks_dimensions":"","_coblocks_responsive_height":"","_coblocks_accordion_ie_support":"","jetpack_post_was_ever_published":false,"_jetpack_newsletter_access":"","_jetpack_dont_email_post_to_subs":false,"_jetpack_newsletter_tier_id":0,"_jetpack_memberships_contains_paywalled_content":false,"_jetpack_memberships_contains_paid_content":false,"footnotes":"","jetpack_publicize_message":"","jetpack_publicize_feature_enabled":true,"jetpack_social_post_already_shared":false,"jetpack_social_options":{"image_generator_settings":{"template":"highway","default_image_id":0,"enabled":false},"version":2}},"categories":[2,12,186,44,15],"tags":[90,5525],"class_list":["post-27493","post","type-post","status-publish","format-standard","hentry","category-atarfe","category-cultura","category-instituciones","category-noticias-de-hoy","category-ultimas-noticias","tag-cultura","tag-la-bella-y-la-bestia"],"jetpack_publicize_connections":[],"jetpack_featured_media_url":"","jetpack_likes_enabled":true,"jetpack_sharing_enabled":true,"_links":{"self":[{"href":"https:\/\/miradordeatarfe.es\/index.php?rest_route=\/wp\/v2\/posts\/27493","targetHints":{"allow":["GET"]}}],"collection":[{"href":"https:\/\/miradordeatarfe.es\/index.php?rest_route=\/wp\/v2\/posts"}],"about":[{"href":"https:\/\/miradordeatarfe.es\/index.php?rest_route=\/wp\/v2\/types\/post"}],"author":[{"embeddable":true,"href":"https:\/\/miradordeatarfe.es\/index.php?rest_route=\/wp\/v2\/users\/1"}],"replies":[{"embeddable":true,"href":"https:\/\/miradordeatarfe.es\/index.php?rest_route=%2Fwp%2Fv2%2Fcomments&post=27493"}],"version-history":[{"count":1,"href":"https:\/\/miradordeatarfe.es\/index.php?rest_route=\/wp\/v2\/posts\/27493\/revisions"}],"predecessor-version":[{"id":27496,"href":"https:\/\/miradordeatarfe.es\/index.php?rest_route=\/wp\/v2\/posts\/27493\/revisions\/27496"}],"wp:attachment":[{"href":"https:\/\/miradordeatarfe.es\/index.php?rest_route=%2Fwp%2Fv2%2Fmedia&parent=27493"}],"wp:term":[{"taxonomy":"category","embeddable":true,"href":"https:\/\/miradordeatarfe.es\/index.php?rest_route=%2Fwp%2Fv2%2Fcategories&post=27493"},{"taxonomy":"post_tag","embeddable":true,"href":"https:\/\/miradordeatarfe.es\/index.php?rest_route=%2Fwp%2Fv2%2Ftags&post=27493"}],"curies":[{"name":"wp","href":"https:\/\/api.w.org\/{rel}","templated":true}]}}