{"id":27502,"date":"2018-12-07T09:02:39","date_gmt":"2018-12-07T08:02:39","guid":{"rendered":"http:\/\/miradordeatarfe.es\/?p=27502"},"modified":"2018-12-06T20:11:39","modified_gmt":"2018-12-06T19:11:39","slug":"burbujas-que-matan-rosa-montero","status":"publish","type":"post","link":"https:\/\/miradordeatarfe.es\/?p=27502","title":{"rendered":"\u00abBurbujas que matan\u00bb Rosa Montero"},"content":{"rendered":"<div class=\"articulo-apertura \">\n<div class=\"articulo-datos\"><time class=\"articulo-actualizado\" datetime=\"2018-11-11T00:00:44+01:00\"><\/time><\/p>\n<p style=\"text-align: justify;\">\u00bfSe acuerdan de cuando los desahucios eran un esc\u00e1ndalo nacional? Pues siguen estando ah\u00ed. Lo \u00fanico que ha cambiado es nuestra sensibilidad<\/p>\n<\/div>\n<\/div>\n<p style=\"text-align: justify;\"><!--more--><\/p>\n<div id=\"articulo_contenedor\" class=\"articulo__contenedor\">\n<div id=\"cuerpo_noticia\" class=\"articulo-cuerpo\">\n<p style=\"text-align: justify;\">TENGO UN BUEN AMIGO uruguayo que, por razones profesionales, vivi\u00f3 un par de a\u00f1os en Madrid. En 2013 se traslad\u00f3 a M\u00e9xico, pero decidi\u00f3 no cerrar su cuenta bancaria espa\u00f1ola, que mantiene con un saldo muy modesto. Hace un mes mi amigo vino de visita a Espa\u00f1a y se acerc\u00f3 a su banco, y el director de la sucursal le ofreci\u00f3 una hipoteca. Insisti\u00f3 en que se la conceder\u00eda f\u00e1cilmente, en apenas unos d\u00edas, antes de que regresara a M\u00e9xico.<\/p>\n<p style=\"text-align: justify;\">Mi amigo, que ama Madrid, se sinti\u00f3 tentado: \u201cMe pas\u00e9 la noche en vela, pensando en que podr\u00eda comprar un pisito aqu\u00ed para venirnos cuando me jubile\u2026 Menos mal que a la ma\u00f1ana siguiente me di cuenta de la barbaridad y de la trampa econ\u00f3mica que supondr\u00eda para m\u00ed\u201d. Su relato me dej\u00f3 espantada: es extranjero, ni siquiera reside en Espa\u00f1a, no tiene ni una n\u00f3mina domiciliada y pese a todo ello le est\u00e1n calentando la sesera con los cantos de sirena del dinero f\u00e1cil. Conozco esa m\u00fasica: es una marcha f\u00fanebre.<\/p>\n<p style=\"text-align: justify;\">Tengo la sensaci\u00f3n de que nuestra realidad se asienta sobre una capa de hielo resplandeciente, pero tan fina y fr\u00e1gil que en cualquier momento puede quebrarse y arrojarnos a un g\u00e9lido abismo de agua negra. No s\u00f3lo la pasada crisis parece estar incubando su pr\u00f3ximo huevo de serpiente, sino que en realidad ni siquiera se acab\u00f3 del todo. El relato de mi amigo me chirri\u00f3 especialmente porque llevaba unas semanas estremecida por algunas <strong>noticias sobre desalojos<\/strong>. Y es que los desahucios no se han acabado. \u00bfSe acuerdan de cuando eran un esc\u00e1ndalo nacional, en lo m\u00e1s \u00e1lgido de la crisis? Pues siguen estando ah\u00ed. Lo que ha cambiado ahora es nuestra sensibilidad; el o\u00eddo, que se nos ha endurecido; y que ahora cuesta mucho m\u00e1s llegar a los medios de comunicaci\u00f3n con un desahucio. Ahora necesitan a\u00f1adir circunstancias atroces para que nos fijemos.<\/p>\n<p style=\"text-align: justify;\">Como sucede con Safira S\u00e1nchez, esa chica de 23 a\u00f1os que sufre una discapacidad del 66% por una rara enfermedad cardiovascular. Su \u00fanico ingreso al mes es una pensi\u00f3n de 380 euros y con esa miseria viv\u00eda sola en Guadalajara hasta que la echaron el pasado mes de octubre, pese a que el Comit\u00e9 de Derechos Econ\u00f3micos, Sociales y Culturales de la ONU pidi\u00f3 a Espa\u00f1a que paralizara moment\u00e1neamente el desalojo mientras estudiaba el caso. O como Nani y Mariano, <a href=\"https:\/\/elpais.com\/ccaa\/2018\/10\/18\/madrid\/1539885284_660999.html\" target=\"_blank\" rel=\"noopener\">j<strong>ubilados de 62 y 78 a\u00f1os y con un hijo con una discapacidad de m\u00e1s del 80%,<\/strong><\/a> a quienes echaron del piso de Parla en el que hab\u00edan vivido los \u00faltimos 50 a\u00f1os porque les subieron el alquiler a 700 euros, que es lo que cobran de pensi\u00f3n. Tambi\u00e9n fue en octubre: dos casos demoledores y recientes.<\/p>\n<p style=\"text-align: justify;\">Seg\u00fan la Plataforma de Afectados por la Hipoteca (PAH), se siguen produciendo en Espa\u00f1a 16.000 de\u00adsalojos al trimestre, aunque ahora hay m\u00e1s desahucios por alquileres que por hipoteca (a los hipotecados ya los echaron masivamente en la crisis). Pocas tragedias debe de haber en la vida tan atroces como un desahucio. Es un dolor inmanejable, el fin de todas las esperanzas, un apocalipsis personal. Quiero decir que es un sufrimiento que mata. El pasado junio, un hombre de <strong>45 a\u00f1os se tir\u00f3 por la ventana <\/strong><strong>d<\/strong><strong>e su piso en Cornell\u00e0 de Llobrega<\/strong><a href=\"https:\/\/elpais.com\/ccaa\/2018\/06\/14\/catalunya\/1528975279_887781.html\" target=\"_blank\" rel=\"noopener\">t<\/a> justo cuando llegaban a su puerta para desalojarle. Ha habido y sigue habiendo suicidios a causa de los desahucios. En la prensa constan varias decenas desde el principio de la crisis, muertes incontestables porque dejaron carta explicando la raz\u00f3n, o porque se ahorcaron o tiraron por la ventana cuando llegaban los judiciales, como en el caso de Cornell\u00e0. Y yo me temo que son muchos m\u00e1s. Aun as\u00ed, hay mucha gente interesada en minimizar esa causalidad, as\u00ed como psiquiatras que sostienen que el nexo no est\u00e1 claro y que la gente se mata por depresi\u00f3n y otras dolencias ps\u00edquicas. Sin duda; pero es que un estudio de la Universidad de Granada mostr\u00f3 que el 88% de los desahuciados padecen ansiedad y el 91% depresi\u00f3n. Un informe de la PAH de 2017 sosten\u00eda que la mala situaci\u00f3n econ\u00f3mica hab\u00eda causado m\u00e1s de 13.300 suicidios desde 2008 hasta 2015, un poco menos de la mitad del n\u00famero total de suicidios del pa\u00eds. Suena muy abultado, pero aunque lo rebaj\u00e1ramos a la veinteava parte ser\u00eda una cifra inhumana, inadmisible. Uno solo ya es demasiado. Y encima estamos volviendo a hinchar la burbuja<\/p>\n<p><a href=\"https:\/\/elpais.com\/elpais\/2018\/11\/05\/eps\/1541416625_626933.html?rel=str_articulo#1544121958783\">https:\/\/elpais.com\/elpais\/2018\/11\/05\/eps\/1541416625_626933.html?rel=str_articulo#1544121958783<\/a><\/p>\n<p>FOTO: IDEALISTAS<\/p>\n<\/div>\n<\/div>\n","protected":false},"excerpt":{"rendered":"<p>\u00bfSe acuerdan de cuando los desahucios eran un esc\u00e1ndalo nacional? Pues siguen estando ah\u00ed. Lo&#8230;<\/p>\n","protected":false},"author":1,"featured_media":27503,"comment_status":"closed","ping_status":"closed","sticky":false,"template":"","format":"standard","meta":{"_coblocks_attr":"","_coblocks_dimensions":"","_coblocks_responsive_height":"","_coblocks_accordion_ie_support":"","jetpack_post_was_ever_published":false,"_jetpack_newsletter_access":"","_jetpack_dont_email_post_to_subs":false,"_jetpack_newsletter_tier_id":0,"_jetpack_memberships_contains_paywalled_content":false,"_jetpack_memberships_contains_paid_content":false,"footnotes":"","jetpack_publicize_message":"","jetpack_publicize_feature_enabled":true,"jetpack_social_post_already_shared":false,"jetpack_social_options":{"image_generator_settings":{"template":"highway","default_image_id":0,"enabled":false},"version":2}},"categories":[1161,44,15],"tags":[2325,1746,1509],"class_list":["post-27502","post","type-post","status-publish","format-standard","has-post-thumbnail","hentry","category-ciudadania","category-noticias-de-hoy","category-ultimas-noticias","tag-alquileres","tag-comprar","tag-hipotecas"],"jetpack_publicize_connections":[],"jetpack_featured_media_url":"https:\/\/i0.wp.com\/miradordeatarfe.es\/wp-content\/uploads\/2018\/12\/burbuja_inmobiliria_0.jpg?fit=640%2C368&ssl=1","jetpack_likes_enabled":true,"jetpack_sharing_enabled":true,"_links":{"self":[{"href":"https:\/\/miradordeatarfe.es\/index.php?rest_route=\/wp\/v2\/posts\/27502","targetHints":{"allow":["GET"]}}],"collection":[{"href":"https:\/\/miradordeatarfe.es\/index.php?rest_route=\/wp\/v2\/posts"}],"about":[{"href":"https:\/\/miradordeatarfe.es\/index.php?rest_route=\/wp\/v2\/types\/post"}],"author":[{"embeddable":true,"href":"https:\/\/miradordeatarfe.es\/index.php?rest_route=\/wp\/v2\/users\/1"}],"replies":[{"embeddable":true,"href":"https:\/\/miradordeatarfe.es\/index.php?rest_route=%2Fwp%2Fv2%2Fcomments&post=27502"}],"version-history":[{"count":1,"href":"https:\/\/miradordeatarfe.es\/index.php?rest_route=\/wp\/v2\/posts\/27502\/revisions"}],"predecessor-version":[{"id":27504,"href":"https:\/\/miradordeatarfe.es\/index.php?rest_route=\/wp\/v2\/posts\/27502\/revisions\/27504"}],"wp:featuredmedia":[{"embeddable":true,"href":"https:\/\/miradordeatarfe.es\/index.php?rest_route=\/wp\/v2\/media\/27503"}],"wp:attachment":[{"href":"https:\/\/miradordeatarfe.es\/index.php?rest_route=%2Fwp%2Fv2%2Fmedia&parent=27502"}],"wp:term":[{"taxonomy":"category","embeddable":true,"href":"https:\/\/miradordeatarfe.es\/index.php?rest_route=%2Fwp%2Fv2%2Fcategories&post=27502"},{"taxonomy":"post_tag","embeddable":true,"href":"https:\/\/miradordeatarfe.es\/index.php?rest_route=%2Fwp%2Fv2%2Ftags&post=27502"}],"curies":[{"name":"wp","href":"https:\/\/api.w.org\/{rel}","templated":true}]}}