{"id":27529,"date":"2018-12-10T10:34:42","date_gmt":"2018-12-10T09:34:42","guid":{"rendered":"http:\/\/miradordeatarfe.es\/?p=27529"},"modified":"2018-12-10T10:34:42","modified_gmt":"2018-12-10T09:34:42","slug":"ojala-vuestra-imagen-del-mar-sea-siempre-la-del-verano","status":"publish","type":"post","link":"https:\/\/miradordeatarfe.es\/?p=27529","title":{"rendered":"Ojal\u00e1 vuestra imagen del Mar sea siempre la del verano"},"content":{"rendered":"<div dir=\"auto\">_Chema Monreal, patr\u00f3n de barco, marinero, rescatador y t\u00e9cnico en Salvamento, nos comenta su impresiones sobre lo que ocurreen el mar mediterraneo.<\/div>\n<p><!--more--><\/p>\n<div dir=\"auto\">Chema Monreal, patr\u00f3n de barco, marinero, rescatador y t\u00e9cnico en Salvamento dice:<\/div>\n<div dir=\"auto\"><\/div>\n<div dir=\"auto\"><em>\u00ab\u00bfSab\u00e9is qu\u00e9 se siente cuando tus ojos no divisan tierra?&#8230;Yo puedo explicarlo. <\/em><\/div>\n<div dir=\"auto\"><em>\u00bfSab\u00e9is qu\u00e9 se siente cuando el oleaje empieza a crecer?&#8230;Yo puedo explicarlo. <\/em><\/div>\n<div dir=\"auto\"><em>\u00bfSab\u00e9is qu\u00e9 se siente cuando divisas a 5 y solo puedes salvar a 3? \u00bfSab\u00e9is c\u00f3mo es el Mar a 10 millas de la costa?&#8230;.\u00bfNo lo sab\u00e9is verdad? \u00bfSab\u00e9is c\u00f3mo es el infierno?&#8230;No lo sab\u00e9is.<\/em><\/div>\n<div dir=\"auto\"><\/div>\n<div dir=\"auto\"><em>Es parecido a un mar con olas de 4 metros en la oscuridad de la noche, cuando el 99,9 % de vosotros no tiene cojones de entrar a 20 metros de la orilla.<\/em><\/div>\n<div dir=\"auto\"><\/div>\n<div dir=\"auto\"><em>\u00bfSab\u00e9is como retumban los gritos de socorro en mitad del Mar cuando no divisas a la persona?&#8230;\u00bfSab\u00e9is c\u00f3mo es un cuerpo flotando boca abajo, por el que ya nada se puede hacer?.<\/em><\/div>\n<div dir=\"auto\"><\/div>\n<div dir=\"auto\"><em>\u00bfSab\u00e9is a qu\u00e9 velocidad se traga el Mar un cuerpo, cuando 10 segundos antes te miraba pidiendo ayuda?&#8230;\u00bfSab\u00e9is que es el fr\u00edo y la soledad?&#8230;No lo sab\u00e9is.<\/em><\/div>\n<div dir=\"auto\"><\/div>\n<div dir=\"auto\"><em>Ojal\u00e1 vuestra imagen del Mar sea siempre la del verano, el Sol y el chiringuito, por que si alg\u00fan d\u00eda os veis en esta otra situaci\u00f3n, rezad para que en los despachos de un gobierno den la orden de ir a buscaros.<\/em><\/div>\n<div dir=\"auto\"><em>Un abrazo a todos\u00bb.<\/em><\/div>\n<div dir=\"auto\"><\/div>\n<div dir=\"auto\">Y antes de decir algo, pensar quienes expolian las tierras de esos pueblos, quienes ponen y quitan dictadores, quienes venden armas a esos ej\u00e9rcitos, y qui\u00e9nes sacan beneficios econ\u00f3micos de esas guerras, miserias, hambre y explotacion.<\/div>\n<div dir=\"auto\"><\/div>\n<div dir=\"auto\">foto:<a href=\"https:\/\/www.lavozdegalicia.es\/noticia\/internacional\/2016\/10\/04\/22-inmigrantes-muertos-barco-hallado-frente-libia\/00031475618201977567943.htm#\"><span class=\"embed-responsive embed-responsive-16by9\"> <picture><source srcset=\"https:\/\/i.avoz.es\/sc\/fb42Zsu5Qv7KgzKKQGo_KaT0t94=\/450x\/2016\/10\/05\/00121475618702352529243\/Foto\/afp_20161004_191415702.jpg\" type=\"image\/webp\" media=\"(max-width: 480px)\" \/><source srcset=\"https:\/\/i.avoz.es\/sc\/fb42Zsu5Qv7KgzKKQGo_KaT0t94=\/450x\/2016\/10\/05\/00121475618702352529243\/Foto\/afp_20161004_191415702.jpg\" media=\"(max-width: 480px)\" \/>\u00a0 <\/picture> <\/span><\/a><span data-deleg=\"\" data-name=\"\">ARIS MESSINIS | AFP<\/span><\/div>\n<div dir=\"auto\"><\/div>\n","protected":false},"excerpt":{"rendered":"<p>_Chema Monreal, patr\u00f3n de barco, marinero, rescatador y t\u00e9cnico en Salvamento, nos comenta su impresiones&#8230;<\/p>\n","protected":false},"author":1,"featured_media":0,"comment_status":"closed","ping_status":"closed","sticky":false,"template":"","format":"standard","meta":{"_coblocks_attr":"","_coblocks_dimensions":"","_coblocks_responsive_height":"","_coblocks_accordion_ie_support":"","jetpack_post_was_ever_published":false,"_jetpack_newsletter_access":"","_jetpack_dont_email_post_to_subs":false,"_jetpack_newsletter_tier_id":0,"_jetpack_memberships_contains_paywalled_content":false,"_jetpack_memberships_contains_paid_content":false,"footnotes":"","jetpack_publicize_message":"","jetpack_publicize_feature_enabled":true,"jetpack_social_post_already_shared":false,"jetpack_social_options":{"image_generator_settings":{"template":"highway","default_image_id":0,"enabled":false},"version":2}},"categories":[1161,186,44,15],"tags":[1938,5528,5529],"class_list":["post-27529","post","type-post","status-publish","format-standard","hentry","category-ciudadania","category-instituciones","category-noticias-de-hoy","category-ultimas-noticias","tag-muertes","tag-naufragos","tag-salvamento"],"jetpack_publicize_connections":[],"jetpack_featured_media_url":"","jetpack_likes_enabled":true,"jetpack_sharing_enabled":true,"_links":{"self":[{"href":"https:\/\/miradordeatarfe.es\/index.php?rest_route=\/wp\/v2\/posts\/27529","targetHints":{"allow":["GET"]}}],"collection":[{"href":"https:\/\/miradordeatarfe.es\/index.php?rest_route=\/wp\/v2\/posts"}],"about":[{"href":"https:\/\/miradordeatarfe.es\/index.php?rest_route=\/wp\/v2\/types\/post"}],"author":[{"embeddable":true,"href":"https:\/\/miradordeatarfe.es\/index.php?rest_route=\/wp\/v2\/users\/1"}],"replies":[{"embeddable":true,"href":"https:\/\/miradordeatarfe.es\/index.php?rest_route=%2Fwp%2Fv2%2Fcomments&post=27529"}],"version-history":[{"count":1,"href":"https:\/\/miradordeatarfe.es\/index.php?rest_route=\/wp\/v2\/posts\/27529\/revisions"}],"predecessor-version":[{"id":27530,"href":"https:\/\/miradordeatarfe.es\/index.php?rest_route=\/wp\/v2\/posts\/27529\/revisions\/27530"}],"wp:attachment":[{"href":"https:\/\/miradordeatarfe.es\/index.php?rest_route=%2Fwp%2Fv2%2Fmedia&parent=27529"}],"wp:term":[{"taxonomy":"category","embeddable":true,"href":"https:\/\/miradordeatarfe.es\/index.php?rest_route=%2Fwp%2Fv2%2Fcategories&post=27529"},{"taxonomy":"post_tag","embeddable":true,"href":"https:\/\/miradordeatarfe.es\/index.php?rest_route=%2Fwp%2Fv2%2Ftags&post=27529"}],"curies":[{"name":"wp","href":"https:\/\/api.w.org\/{rel}","templated":true}]}}