{"id":27544,"date":"2018-12-11T10:37:07","date_gmt":"2018-12-11T09:37:07","guid":{"rendered":"http:\/\/miradordeatarfe.es\/?p=27544"},"modified":"2018-12-11T10:37:07","modified_gmt":"2018-12-11T09:37:07","slug":"ninos-conectados-por-gps-el-cordon-umbilical-tecnologico-ya-levanta-ampollas","status":"publish","type":"post","link":"https:\/\/miradordeatarfe.es\/?p=27544","title":{"rendered":"Ni\u00f1os conectados por GPS: el cord\u00f3n umbilical tecnol\u00f3gico ya levanta ampollas"},"content":{"rendered":"<p style=\"text-align: justify;\">En los \u00faltimos meses se ha popularizado entre los padres un dispositivo GPS para ni\u00f1os que es tambi\u00e9n un reloj.Los especialistas alertan de las consecuencias para su desarrollo y el v\u00ednculo de apego con sus padres<!--more--><\/p>\n<div class=\"cnt-body\">\n<div id=\"cuerpo_noticia_r\" class=\"cuerpo\">\n<p style=\"text-align: justify;\">Una madre pierde a su hija peque\u00f1a en el parque. Un despiste. La ni\u00f1a aparece pocos minutos despu\u00e9s que se han hecho eternos. No volver\u00e1 a pasar porque la madre ha decidido implantarle un chip en la cabeza. <strong>As\u00ed puede ver lo mismo que su hija. Y en una vuelta de tuerca enrevesada, evitar las escenas violentas de su vida.<\/strong> Incluso el ladrido del perro que tanto miedo le da. Basta con difuminar esa parte de su campo de visi\u00f3n.<em> Es una historia de ficci\u00f3n de uno de los cap\u00edtulos de la serie de Netflix, Black Mirror<\/em>. Sin \u00e1nimo de destripar el final s\u00ed dir\u00e9 que es veros\u00edmil a juzgar por el an\u00e1lisis de los especialistas de esta informaci\u00f3n.<\/p>\n<p style=\"text-align: justify;\">Ficci\u00f3n y realidad comparten artistas. En los \u00faltimos meses se ha popularizado entre los padres un dispositivo <a title=\"GPS\" href=\"http:\/\/cadenaser.com\/tag\/gps\/a\/\">GPS<\/a> para ni\u00f1os que es tambi\u00e9n un reloj. <strong>\u201cPerfecto para un parque lleno de ni\u00f1os\u201d<\/strong>, \u201ces una tranquilidad\u201d, \u201clo utilizamos en las excursiones\u201d,\u201d o \u201cmi hija est\u00e1 encantada y yo tambi\u00e9n\u201d son algunos de los comentarios de los padres que lo han comprado recientemente. Quieren saber exactamente d\u00f3nde est\u00e1 su hijo.<\/p>\n<p style=\"text-align: justify;\"><strong>La extensi\u00f3n del cord\u00f3n umbilical<\/strong><\/p>\n<p style=\"text-align: justify;\">Una de las empresas que comercializan estos dispositivos fue fundada <strong>por un hombre que perdi\u00f3 a su hijo de tres a\u00f1os en un parque de atracciones durante varias horas.<\/strong> Cuando comenzaron a venderse hace un lustro costaban unos 200 euros. Ahora se pueden comprar relojes con GPS por 30 euros. Las dudas que plantea su uso tienen que ver en c\u00f3mo afecta al desarrollo del ni\u00f1o y al v\u00ednculo con los padres. \u201cA veces no somos conscientes de c\u00f3mo peque\u00f1as cosas influyen<strong>. Nos puede hacer gracia que lleve ese reloj GPS y nos puede dar una seguridad a nosotros al poder ver d\u00f3nde est\u00e1 nuestro hijo en el parque<\/strong>, pero tambi\u00e9n tenemos que ser capaces como adultos de pensar el efecto que causa en el hijo\u201d, explica Charo S\u00e1daba, especialista en tecnolog\u00eda, doctora en Comunicaci\u00f3n y profesora en la Facultad de Comunicaci\u00f3n de la Universidad de Navarra<\/p>\n<p style=\"text-align: justify;\">S\u00e1daba sostiene el GPS para conectar al ni\u00f1o es una extensi\u00f3n del cord\u00f3n umbilical: <strong>no cortar la conexi\u00f3n con nosotros en situaciones donde ya hay un control por nuestra parte.<\/strong> \u201cY le decimos, no te lo quites. El hecho de que la tecnolog\u00eda permita algo no significa que sea bueno. Eso es determinismo tecnol\u00f3gico y nos lo tenemos que plantear. Los psic\u00f3logos est\u00e1n alertando en esa <strong>sociedad sobreprotegida<\/strong> impedimos a los ni\u00f1os asumir riesgos adaptados a su edad que son necesarios para su desarrollo personal.<\/p>\n<h3 style=\"text-align: justify;\">Ni\u00f1os sobreprotegidos, adultos inseguros<\/h3>\n<p style=\"text-align: justify;\">El miedo existe y el hecho de que nuestros hogares hayan reducido su tama\u00f1o hace que la atenci\u00f3n que nuestros padres y abuelos pon\u00edan en cuatro o cinco hijos se concentre en uno solo. \u201cLos padres est\u00e1n ahora m\u00e1s formados y conectados, pero es <strong>no tienen referentes de maternidades y paternidades.<\/strong> A veces, se sienten perdidos y buscan el terreno del control y de estar pendiente del m\u00e1s m\u00ednimo detalle\u201d, cuenta S\u00e1daba.<\/p>\n<section id=\"sumario_1|foto\" class=\"sumario foto center\"><a id=\"sumario_1\"><\/a><\/p>\n<figure>\n<div><img data-recalc-dims=\"1\" decoding=\"async\" title=\"El uso de este tipo de dispositivos est\u00e1 cada vez m\u00e1s extendido.\" src=\"https:\/\/i0.wp.com\/cadenaser00.epimg.net\/ser\/imagenes\/2018\/12\/10\/sociedad\/1544427224_935461_1544427565_sumario_normal.jpg?w=640\" alt=\"El uso de este tipo de dispositivos est\u00e1 cada vez m\u00e1s extendido.\" \/><\/div><figcaption>El uso de este tipo de dispositivos est\u00e1 cada vez m\u00e1s extendido. \/ GETTY IMAGES<\/p>\n<\/figcaption><\/figure>\n<\/section>\n<p style=\"text-align: justify;\">Hay padres que sobrevuelan sin cesar la vida de sus hijos, siempre pendientes de lo que les pueda pasar. \u201cLes dir\u00eda que se relajaran, primero por ellos mismos. <strong>Lo que pasa es que nadie nos ha ense\u00f1ado a ser padres<\/strong>. <strong>Los paradigmas han cambiado y muchos no sirven en la sociedad actual.<\/strong> Actitudes de sobreprotecci\u00f3n puede generar hijos dependientes de nosotros y de cualquiera que se ponga a su lado. De esperar que sea otro el que tome la decisi\u00f3n por \u00e9l, que le diga lo que tiene que hacer o que le vigile. <strong>Me parece que ese control hace a personas poco aut\u00f3nomas y dependientes.<\/strong> Ese es el riesgo si pensamos en cuando sea adultos\u201d, sostiene la especialista en tecnolog\u00eda, ni\u00f1os y adolescentes.<\/p>\n<p style=\"text-align: justify;\">La pregunta es si est\u00e1 justificada esa sobreprotecci\u00f3n. No parece. <strong>Solo un 0,21% de las denuncias activas de menores son de alto riesgo, es decir, cuando hay sospecha de secuestro,<\/strong> seg\u00fan los datos del ministerio del Interior sobre personas desaparecidas en 2018. El grueso de las denuncias de desaparici\u00f3n de menores se refiere a los que se han fugado de centros de acogida en nuestro pa\u00eds.<\/p>\n<h3 style=\"text-align: justify;\">Un dilema moral<\/h3>\n<p style=\"text-align: justify;\">La psic\u00f3loga infantil y perinatal, <strong>Raquel Hu\u00e9scar,<\/strong> explica que la mayor\u00eda de los padres quieren lo mejor para sus hijos y en este caso depositan en la tecnolog\u00eda una ayuda para sentir que cumplen su obligaci\u00f3n como padres. <strong>\u201c<\/strong><strong>El autor Richard Ling habla de una correa digita<\/strong><a href=\"https:\/\/mitpress.mit.edu\/contributors\/richard-ling\">l<\/a> a trav\u00e9s de la cual intentamos mantener un control y tener seguridad sobre nuestros hijos con dispositivos electr\u00f3nicos. Esto representa una utop\u00eda porque genera una falsa sensaci\u00f3n de seguridad. La realidad es que no podemos tener a los hijos permanentemente controlados\u201d, explica.<\/p>\n<p style=\"text-align: justify;\">Estamos ante un dilema moral, seg\u00fan la psic\u00f3loga. \u201cColisiona con el respeto a la privacidad de los ni\u00f1os. Y las consecuencias afectan a su desarrollo: el ni\u00f1o peque\u00f1o sabe que pap\u00e1 est\u00e1 viendo donde est\u00e1, as\u00ed que <strong>eso puede hacerle no ser consciente de los riesgos<\/strong> y no aprender a reconocerlos. Nos faltan estudios a largo plazo para poder confirmarlo\u201d, asegura.<\/p>\n<section id=\"sumario_2|foto\" class=\"sumario foto center\"><a id=\"sumario_2\"><\/a><\/p>\n<figure>\n<div><img data-recalc-dims=\"1\" decoding=\"async\" title=\"Los padres esperan que estos dispositivos les aporte m\u00e1s seguridad en la crianza.\" src=\"https:\/\/i0.wp.com\/cadenaser00.epimg.net\/ser\/imagenes\/2018\/12\/10\/sociedad\/1544427224_935461_1544427725_sumario_normal.jpg?w=640\" alt=\"Los padres esperan que estos dispositivos les aporte m\u00e1s seguridad en la crianza.\" \/><\/div><figcaption>Los padres esperan que estos dispositivos les aporte m\u00e1s seguridad en la crianza. \/ GETTY IMAGES<\/p>\n<\/figcaption><\/figure>\n<\/section>\n<h3 style=\"text-align: justify;\">La influencia de la sociedad de consumo<\/h3>\n<p style=\"text-align: justify;\">Insumisi\u00f3n ante la sociedad de consumo es una de las recetas de la psic\u00f3loga. \u201cFrente a este mundo del consumo en el que nos venden productos para aumentar la seguridad de nuestros hijos es necesario el <strong>elemento cr\u00edtico<\/strong> de cada familia y de cada padre que se pregunte: \u00bfrealmente yo necesito este dispositivo para cuidar de mi hijo o es algo que me est\u00e1n vendiendo?\u201d.<\/p>\n<p style=\"text-align: justify;\">Charo S\u00e1daba alerta de las consecuencias que pueden tener en la propia personalidad del ni\u00f1o. Hay varias opciones. \u201cPor un lado<strong>, puede reaccionar rechazando esa sobreprotecci\u00f3n y por otro lado puede provocar un exceso de dependencia.<\/strong> El hecho de que la actitud sea sobre protectora hace que esa independencia no se gane. Lo veo en los estudiantes universitarios que est\u00e1n <strong>atemorizados porque no saben qu\u00e9 optativa elegir<\/strong>. \u00bfCu\u00e1l coger\u00edas t\u00fa?, preguntan. Es su vida, deben de decirlo ellos. Eso est\u00e1 pasando en las aulas\u201d. Son parte de una generaci\u00f3n donde comenz\u00f3 la sobreprotecci\u00f3n generalizadas. Y esos padres no tuvieron pulseras GPS.<\/p>\n<h3 style=\"text-align: justify;\">\u00bfEn qu\u00e9 casos puede resultar \u00fatil?<\/h3>\n<p style=\"text-align: justify;\">Como dec\u00eda el <a href=\"http:\/\/cadenaser.com\/ser\/2017\/06\/02\/sociedad\/1496381868_379270.html\">a\u00f1orado Carles Capdevilla<\/a>, el sentido com\u00fan es uno de los sentidos b\u00e1sicos para educar. Las especialistas defienden que el dispositivo GPS se puede utilizar en ocasiones concretas y de forma espor\u00e1dica. Por ejemplo, a partir de 12 a\u00f1os cuando comienzan a hacer cosas solos como comprar el pan. Siempre de forma limitada en el tiempo, por ejemplo, durante unas semanas.<\/p>\n<p style=\"text-align: justify;\">La opini\u00f3n de Charo S\u00e1daba es que no es necesaria esta geolocalizaci\u00f3n, aunque en momentos puntuales puede resultar \u00fatil. \u201c<strong>En una urbanizaci\u00f3n que antes de llegar a casa tiene que cruzar un descampado o parque grande<\/strong>. O va a hacer deporte solo y as\u00ed sabemos d\u00f3nde est\u00e1. En general no nos aporta nada que no podamos saber de otra manera. \u00bfQu\u00e9 necesidad satisface? <strong>\u00bfLa necesidad de los padres de estar tranquilos o la de seguridad de los hijos?<\/strong> La primera. Y a veces esa necesidad de seguridad de los padres est\u00e1 justificada y otras, sobredimensionada. En esos casos quien necesita ayuda son los padres por una ansiedad excesiva en relaci\u00f3n a sus hijos porque no hay nada objetivo que la justifique\u201d, sostiene.<\/p>\n<p style=\"text-align: justify;\">El cap\u00edtulo de <em>Black Mirror<\/em> mostraba una ficci\u00f3n que resultaba cre\u00edble. Que se convierta en realidad depender\u00e1 no solo de la capacidad que tengamos para relacionarnos con la tecnolog\u00eda sino de la habilidad para hacerlo entre nosotros.<\/p>\n<div style=\"text-align: justify;\"><a href=\"http:\/\/cadenaser.com\/autor\/maria_del_carmen_avila_garcia\/a\/\" rel=\"nofollow\">Maika \u00c1vila<\/a><\/div>\n<div>Madrid<\/div>\n<div>foto: Fotograma del cap\u00edtulo de &#8216;Black Mirror&#8217;. \/ Netflix<\/div>\n<p><a href=\"http:\/\/cadenaser.com\/ser\/2018\/12\/10\/sociedad\/1544427224_935461.html\">http:\/\/cadenaser.com\/ser\/2018\/12\/10\/sociedad\/1544427224_935461.html<\/a><\/p>\n<\/div>\n<\/div>\n","protected":false},"excerpt":{"rendered":"<p>En los \u00faltimos meses se ha popularizado entre los padres un dispositivo GPS para ni\u00f1os&#8230;<\/p>\n","protected":false},"author":1,"featured_media":27545,"comment_status":"closed","ping_status":"closed","sticky":false,"template":"","format":"standard","meta":{"_coblocks_attr":"","_coblocks_dimensions":"","_coblocks_responsive_height":"","_coblocks_accordion_ie_support":"","jetpack_post_was_ever_published":false,"_jetpack_newsletter_access":"","_jetpack_dont_email_post_to_subs":false,"_jetpack_newsletter_tier_id":0,"_jetpack_memberships_contains_paywalled_content":false,"_jetpack_memberships_contains_paid_content":false,"footnotes":"","jetpack_publicize_message":"","jetpack_publicize_feature_enabled":true,"jetpack_social_post_already_shared":false,"jetpack_social_options":{"image_generator_settings":{"template":"highway","default_image_id":0,"enabled":false},"version":2}},"categories":[44,15,10],"tags":[2172,5534],"class_list":["post-27544","post","type-post","status-publish","format-standard","has-post-thumbnail","hentry","category-noticias-de-hoy","category-ultimas-noticias","category-salud","tag-gps","tag-infancia-controlada"],"jetpack_publicize_connections":[],"jetpack_featured_media_url":"https:\/\/i0.wp.com\/miradordeatarfe.es\/wp-content\/uploads\/2018\/12\/1544427224_935461_1544427823_sumario_normal.jpg?fit=630%2C364&ssl=1","jetpack_likes_enabled":true,"jetpack_sharing_enabled":true,"_links":{"self":[{"href":"https:\/\/miradordeatarfe.es\/index.php?rest_route=\/wp\/v2\/posts\/27544","targetHints":{"allow":["GET"]}}],"collection":[{"href":"https:\/\/miradordeatarfe.es\/index.php?rest_route=\/wp\/v2\/posts"}],"about":[{"href":"https:\/\/miradordeatarfe.es\/index.php?rest_route=\/wp\/v2\/types\/post"}],"author":[{"embeddable":true,"href":"https:\/\/miradordeatarfe.es\/index.php?rest_route=\/wp\/v2\/users\/1"}],"replies":[{"embeddable":true,"href":"https:\/\/miradordeatarfe.es\/index.php?rest_route=%2Fwp%2Fv2%2Fcomments&post=27544"}],"version-history":[{"count":1,"href":"https:\/\/miradordeatarfe.es\/index.php?rest_route=\/wp\/v2\/posts\/27544\/revisions"}],"predecessor-version":[{"id":27546,"href":"https:\/\/miradordeatarfe.es\/index.php?rest_route=\/wp\/v2\/posts\/27544\/revisions\/27546"}],"wp:featuredmedia":[{"embeddable":true,"href":"https:\/\/miradordeatarfe.es\/index.php?rest_route=\/wp\/v2\/media\/27545"}],"wp:attachment":[{"href":"https:\/\/miradordeatarfe.es\/index.php?rest_route=%2Fwp%2Fv2%2Fmedia&parent=27544"}],"wp:term":[{"taxonomy":"category","embeddable":true,"href":"https:\/\/miradordeatarfe.es\/index.php?rest_route=%2Fwp%2Fv2%2Fcategories&post=27544"},{"taxonomy":"post_tag","embeddable":true,"href":"https:\/\/miradordeatarfe.es\/index.php?rest_route=%2Fwp%2Fv2%2Ftags&post=27544"}],"curies":[{"name":"wp","href":"https:\/\/api.w.org\/{rel}","templated":true}]}}