{"id":27551,"date":"2018-12-15T09:51:53","date_gmt":"2018-12-15T08:51:53","guid":{"rendered":"http:\/\/miradordeatarfe.es\/?p=27551"},"modified":"2018-12-14T18:55:37","modified_gmt":"2018-12-14T17:55:37","slug":"los-humanos-estan-invirtiendo-el-reloj-climatico","status":"publish","type":"post","link":"https:\/\/miradordeatarfe.es\/?p=27551","title":{"rendered":"Los humanos est\u00e1n invirtiendo el \u00abreloj clim\u00e1tico\u00bb"},"content":{"rendered":"<p style=\"text-align: justify;\">Un estudio de cient\u00edficos de Europa y Estados Unidos demuestra que las emisiones contaminantes del hombre est\u00e1 revirtiendo una tendencia al enfriamiento de la Tierra que se inici\u00f3 hace 50 millones de a\u00f1os. Y esto disparar\u00e1 las temperaturas mundiales hasta 13 grados y dejarnos un planeta sin hielo.<!--more--><\/p>\n<div class=\"cnt-body\">\n<div id=\"cuerpo_noticia_r\" class=\"cuerpo\">\n<p style=\"text-align: justify;\">Si no se reducen dr\u00e1sticamente las emisiones mundiales de C02, <strong>en el a\u00f1o 2030<\/strong>, el clima de la Tierra ser\u00e1 ya parecido al que ten\u00eda nuestro planeta hace m\u00e1s de 3 millones de a\u00f1os. Y entonces las temperaturas de la Tierra eran <strong>casi 4 grados m\u00e1s altas<\/strong> que hoy.<\/p>\n<p style=\"text-align: justify;\">Y, seg\u00fan publica la revista cient\u00edfica <em><a href=\"https:\/\/www.pnas.org\/\" target=\"_blank\" rel=\"noopener noreferrer\">Proceedings<\/a><\/em> de la Academia de Ciencias de Estados Unidos, <strong>en el 2150 tendr\u00edamos ya un mundo casi sin hielo<\/strong>, como ocurri\u00f3 hace 50 millones de a\u00f1os, cuando las temperaturas eran <strong>13 grados m\u00e1s altas<\/strong>.<\/p>\n<p style=\"text-align: justify;\">\u00abNos estamos moviendo hacia cambios muy dram\u00e1ticos en un marco de tiempo extremadamente r\u00e1pido\u201d, ha advertido el autor principal de esta investigaci\u00f3n, Kevin Burke, profesor de geograf\u00eda en la Universidad de Wisconsin-Madison.<\/p>\n<h3 style=\"text-align: justify;\">Un mundo sin hielo<\/h3>\n<p style=\"text-align: justify;\">En esta investigaci\u00f3n tambi\u00e9n han participado la NASA y las Universidades de Bristol y Columbia y confirma que la temperatura seguir\u00e1 aumentando y, en consecuencia, <strong>las capas de hielo se derretir\u00e1n<\/strong>. Y asegura que habr\u00e1 <strong>cambios clim\u00e1ticos \u201csin precedentes\u201d<\/strong> en el este y sur de Asia, el norte de Australia y la costa de Am\u00e9rica.<\/p>\n<p style=\"text-align: justify;\">Pero este informe cient\u00edfico tambi\u00e9n avanza que en <strong>el cambio clim\u00e1tico ya est\u00e1 causando da\u00f1os graves<\/strong>, como un aumento de la mortalidad, m\u00e1s incendios forestales y tormentas m\u00e1s intensas.<\/p>\n<p style=\"text-align: justify;\">\u201cHay m\u00e1s energ\u00eda en el sistema clim\u00e1tico y esto provoca eventos m\u00e1s intensos\u00bb, concluye el profesor Burke.<\/p>\n<h3 style=\"text-align: justify;\">M\u00e1s muertes<\/h3>\n<p style=\"text-align: justify;\">Este amplio grupo de investigadores europeos y americanos denuncia que <strong>\u201cla Tierra se dirige a lo desconocido\u201d<\/strong> y que esto <strong>afectar\u00e1 negativamente a la vida de nuestros hijos y nietos<\/strong>.<\/p>\n<p style=\"text-align: justify;\">Sin embargo, tambi\u00e9n proponen una soluci\u00f3n para evitar esta especie de \u201cholocausto clim\u00e1tico\u201d: <strong>sustituir los combustibles f\u00f3siles por fuentes de energ\u00eda m\u00e1s limpias y libres de carbono<\/strong>, como la solar o la e\u00f3lica.<\/p>\n<\/div>\n<\/div>\n<p style=\"text-align: justify;\">\n<div style=\"text-align: justify;\"><a href=\"http:\/\/cadenaser.com\/autor\/javier_gregori_roig\/a\/\" rel=\"nofollow\">Javier Gregori<\/a><\/div>\n<div style=\"text-align: justify;\">Madrid<\/div>\n<div><a href=\"http:\/\/cadenaser.com\/ser\/2018\/12\/10\/ciencia\/1544458758_698710.html\">http:\/\/cadenaser.com\/ser\/2018\/12\/10\/ciencia\/1544458758_698710.html<\/a><\/div>\n<p>foto: Manifestantes piden a la adopci\u00f3n de medidas urgentes contra el cambio clim\u00e1tico en la cumbre del Clima que la ONU est\u00e1 celebrando esta semana en Polonia. \/ ANDRZEJ GRYGIEL (EFE)<\/p>\n","protected":false},"excerpt":{"rendered":"<p>Un estudio de cient\u00edficos de Europa y Estados Unidos demuestra que las emisiones contaminantes del&#8230;<\/p>\n","protected":false},"author":1,"featured_media":27552,"comment_status":"closed","ping_status":"closed","sticky":false,"template":"","format":"standard","meta":{"_coblocks_attr":"","_coblocks_dimensions":"","_coblocks_responsive_height":"","_coblocks_accordion_ie_support":"","jetpack_post_was_ever_published":false,"_jetpack_newsletter_access":"","_jetpack_dont_email_post_to_subs":false,"_jetpack_newsletter_tier_id":0,"_jetpack_memberships_contains_paywalled_content":false,"_jetpack_memberships_contains_paid_content":false,"footnotes":"","jetpack_publicize_message":"","jetpack_publicize_feature_enabled":true,"jetpack_social_post_already_shared":false,"jetpack_social_options":{"image_generator_settings":{"template":"highway","default_image_id":0,"enabled":false},"version":2}},"categories":[186,44,15,10],"tags":[4434,99,2796,55],"class_list":["post-27551","post","type-post","status-publish","format-standard","has-post-thumbnail","hentry","category-instituciones","category-noticias-de-hoy","category-ultimas-noticias","category-salud","tag-hielo","tag-medio-ambiente","tag-oxigeno","tag-salud"],"jetpack_publicize_connections":[],"jetpack_featured_media_url":"https:\/\/i0.wp.com\/miradordeatarfe.es\/wp-content\/uploads\/2018\/12\/1544458758_698710_1544459104_noticia_normal_recorte1.jpg?fit=1300%2C867&ssl=1","jetpack_likes_enabled":true,"jetpack_sharing_enabled":true,"_links":{"self":[{"href":"https:\/\/miradordeatarfe.es\/index.php?rest_route=\/wp\/v2\/posts\/27551","targetHints":{"allow":["GET"]}}],"collection":[{"href":"https:\/\/miradordeatarfe.es\/index.php?rest_route=\/wp\/v2\/posts"}],"about":[{"href":"https:\/\/miradordeatarfe.es\/index.php?rest_route=\/wp\/v2\/types\/post"}],"author":[{"embeddable":true,"href":"https:\/\/miradordeatarfe.es\/index.php?rest_route=\/wp\/v2\/users\/1"}],"replies":[{"embeddable":true,"href":"https:\/\/miradordeatarfe.es\/index.php?rest_route=%2Fwp%2Fv2%2Fcomments&post=27551"}],"version-history":[{"count":1,"href":"https:\/\/miradordeatarfe.es\/index.php?rest_route=\/wp\/v2\/posts\/27551\/revisions"}],"predecessor-version":[{"id":27553,"href":"https:\/\/miradordeatarfe.es\/index.php?rest_route=\/wp\/v2\/posts\/27551\/revisions\/27553"}],"wp:featuredmedia":[{"embeddable":true,"href":"https:\/\/miradordeatarfe.es\/index.php?rest_route=\/wp\/v2\/media\/27552"}],"wp:attachment":[{"href":"https:\/\/miradordeatarfe.es\/index.php?rest_route=%2Fwp%2Fv2%2Fmedia&parent=27551"}],"wp:term":[{"taxonomy":"category","embeddable":true,"href":"https:\/\/miradordeatarfe.es\/index.php?rest_route=%2Fwp%2Fv2%2Fcategories&post=27551"},{"taxonomy":"post_tag","embeddable":true,"href":"https:\/\/miradordeatarfe.es\/index.php?rest_route=%2Fwp%2Fv2%2Ftags&post=27551"}],"curies":[{"name":"wp","href":"https:\/\/api.w.org\/{rel}","templated":true}]}}