{"id":27554,"date":"2018-12-12T08:56:43","date_gmt":"2018-12-12T07:56:43","guid":{"rendered":"http:\/\/miradordeatarfe.es\/?p=27554"},"modified":"2018-12-11T16:06:36","modified_gmt":"2018-12-11T15:06:36","slug":"identidad-y-diversidad-asi-son-los-jovenes-espanoles-hijos-de-inmigrantes","status":"publish","type":"post","link":"https:\/\/miradordeatarfe.es\/?p=27554","title":{"rendered":"Identidad y diversidad: as\u00ed son los j\u00f3venes espa\u00f1oles hijos de inmigrantes"},"content":{"rendered":"<p class=\"subtitulo\">Mantienen los v\u00ednculos con la cultura de sus padres y al mismo tiempo intentan encontrar referentes que los representen<!--more--><\/p>\n<p dir=\"ltr\" style=\"text-align: justify;\">\u201cYo siempre digo lo mismo: para m\u00ed ha sido fruct\u00edfero, si tengo que decir algo va a ser positivo. Es cierto que cuando eres peque\u00f1o te vienen much\u00edsimas preguntas y muchas incertidumbres, porque la manera de educar difiere mucho y hay aspectos culturales que no alcanzas a comprender\u201d. Quien habla es F\u00e1tima J., nacida en Almer\u00eda hace 23 a\u00f1os, de madre espa\u00f1ola y de padre marroqu\u00ed.<\/p>\n<p dir=\"ltr\" style=\"text-align: justify;\">Los hijos de los inmigrantes nacidos en Espa\u00f1a no han padecido el duelo de la migraci\u00f3n, pero viven a caballo entre dos culturas. Pertenecen a una generaci\u00f3n de nuevos espa\u00f1oles, ni\u00f1os que han nacido y crecido en Espa\u00f1a, y cuyos padres proceden mayoritariamente de pa\u00edses del sur.<\/p>\n<p dir=\"ltr\" style=\"text-align: justify;\">Ni\u00f1os que ya son compa\u00f1eros de clase, de universidad y de trabajo y que cuentan con identidades mixtas que les permiten gozar de las ventajas de mantener v\u00ednculos con la cultura de sus padres, conseguir posicionarse con firmeza en la sociedad receptora y conocer las lenguas de ambos pa\u00edses, seg\u00fan el informe <a href=\"https:\/\/obrasociallacaixa.org\/documents\/10280\/240906\/vol38_es.pdf\/1a8a03c9-e39a-4853-b15b-bb856989e7d4\"><em>Crecer en Espa\u00f1a, la integraci\u00f3n de los hijos de inmigrantes,<\/em> publicado en 2014 por la Fundaci\u00f3n La Caixa<\/a>.<\/p>\n<p dir=\"ltr\" style=\"text-align: justify;\"><strong>Dos de cada diez nacidos en Espa\u00f1a tienen un progenitor extranjero<\/strong><\/p>\n<p dir=\"ltr\" style=\"text-align: justify;\">F\u00e1tima J., graduada en Criminolog\u00eda en la Universidad Pablo de Olavide (Sevilla), explica que ha tenido presentes dos formas de pensar muy distintas que le han abierto la mente y han hecho de ella una persona tolerante. En ella conviven dos formas de tomarse la vida y cuenta que en Marruecos, que visita en vacaciones, ha aprendido que \u201cla hospitalidad es muy grande\u201d. \u201cSiempre eres bienvenido a una casa. En Espa\u00f1a es raro, porque tienes que tener cita para comer en casa de alg\u00fan familiar; en Marruecos las puertas est\u00e1n abiertas a cualquier hora del d\u00eda\u201d.<\/p>\n<p dir=\"ltr\" style=\"text-align: justify;\">En 2005 no estaba claro si la inmigraci\u00f3n se asentar\u00eda en el pa\u00eds o si se tratar\u00eda de un proceso con retorno. En Espa\u00f1a, hay cuatro millones de personas extranjeras empadronadas (<a href=\"https:\/\/www.ine.es\/jaxiT3\/Datos.htm?t=9674\">el 10% de la poblaci\u00f3n<\/a>) y los datos del Instituto Nacional de Estad\u00edstica demuestran que la nueva generaci\u00f3n de espa\u00f1oles es la m\u00e1s diversa hasta la fecha.<\/p>\n<p dir=\"ltr\" style=\"text-align: justify;\">Un an\u00e1lisis realizado por <em>Verne<\/em> sobre los nacimientos, adquisiciones de nacionalidad y poblaci\u00f3n refleja que de los casi cinco millones de nacimientos que se han producido en la \u00faltima d\u00e9cada, dos de cada diez (1.150.629) proced\u00edan de al menos un progenitor extranjero, seg\u00fan los datos del INE desde 2007 hasta 2017.<\/p>\n<p dir=\"ltr\" style=\"text-align: justify;\">Los datos indican que los padres migrantes de la \u00faltima d\u00e9cada proced\u00edan principalmente de Marruecos (26%, aproximadamente), Rumania (12%), Ecuador (6%) y China (4%), seg\u00fan los datos disponibles (2006-2016). Una cifra acorde a la poblaci\u00f3n extranjera mayoritaria en el pa\u00eds. En las manos de estos ni\u00f1os tambi\u00e9n est\u00e1 la transformaci\u00f3n del panorama de la sociedad espa\u00f1ola. (Si no ves bien el gr\u00e1fico que viene a continuaci\u00f3n, <a href=\"https:\/\/verne.elpais.com\/verne\/2018\/12\/02\/articulo\/1543777596_555480.html\">pincha aqu\u00ed para acceder a la versi\u00f3n completa del art\u00edculo<\/a>).<\/p>\n<div id=\"sumario_1|html\" class=\"centro\" style=\"text-align: justify;\"><a name=\"sumario_1\"><\/a>&nbsp;<\/p>\n<p><iframe loading=\"lazy\" id=\"datawrapper-chart-04Z2c\" src=\"https:\/\/datawrapper.dwcdn.net\/04Z2c\/1\/\" width=\"320\" height=\"380\" frameborder=\"0\" scrolling=\"no\" data-mce-fragment=\"1\"><\/iframe><\/p>\n<\/div>\n<p dir=\"ltr\" style=\"text-align: justify;\">En Iker E., estudiante de electr\u00f3nica en una FP Superior, tambi\u00e9n conviven dos culturas que comparten el idioma: la espa\u00f1ola y la ecuatoriana. Gracias a sus padres se ha mantenido vinculado al pa\u00eds del que emigraron en los a\u00f1os 90. \u201cCreo que all\u00ed son muy familiares, en casa se ayudan un mont\u00f3n y eso se transmite\u201d, ensalza. A este adolescente nacido en el a\u00f1o 2000 le encanta la comida del pa\u00eds de sus padres, aunque lamenta que la cocinen en pocas ocasiones porque aqu\u00ed \u201clos productos t\u00edpicos son muy caros\u201d. \u201cPero luego como tortilla de patatas, paella o cocido y me gusta tambi\u00e9n un mont\u00f3n; tenemos un mont\u00f3n de suerte de probar platos de diferentes culturas\u201d, relata entusiasmado.<\/p>\n<p dir=\"ltr\" style=\"text-align: justify;\">El <a href=\"https:\/\/obrasociallacaixa.org\/documents\/10280\/240906\/vol38_es.pdf\/1a8a03c9-e39a-4853-b15b-bb856989e7d4\">Estudio Longitudinal de la Segunda Generaci\u00f3n<\/a> de La Caixa, llevado a cabo durante 10 a\u00f1os y para el que los investigadores entrevistaron a m\u00e1s de 7.000 personas, refleja que en los hijos de inmigrantes \u201c<a href=\"https:\/\/obrasociallacaixa.org\/documents\/10280\/240906\/vol38_es.pdf\/1a8a03c9-e39a-4853-b15b-bb856989e7d4\">las autoidentidades son variables <em>blandas<\/em><\/a>\u201d. Se tratan de identidades que pueden cambiar seg\u00fan los contextos en que se hallan sus portadores y tambi\u00e9n con el tiempo, \u201cespecialmente en la adolescencia\u201d.<\/p>\n<p dir=\"ltr\" style=\"text-align: justify;\">Desde la Universidad de Barcelona, la Doctora en Lengua y Civilizaci\u00f3n Espa\u00f1ola y Latinoamericana, Nathalie Hadj Handrim, la denomin\u00f3 la <a href=\"https:\/\/s3.amazonaws.com\/academia.edu.documents\/34456829\/03_-_LA_IDENTIDAD_MUTANTE._LA_CONSTRUCCION_DE_LA_IDENTIDAD_EN_LOS_HIJOS_DE_INMIGRANTES_1.pdf?AWSAccessKeyId=AKIAIWOWYYGZ2Y53UL3A&amp;Expires=1544303059&amp;Signature=okGwpwzirEp8IARCnt39UxpyEXA%3D&amp;response-content-disposition=inline%3B%20filename%3Dla_identidad_mutante.pdf\">identidad mutante<\/a> en la que \u201clos hijos de inmigrantes seleccionan los valores que de cada cultura merecen ser conservados\u201d.<\/p>\n<p dir=\"ltr\" style=\"text-align: justify;\">M\u00f3nika Sosa, de 28 a\u00f1os, nacida en La Habana y con doble nacionalidad, se muestra orgullosa de su herencia cultural: \u201cMis abuelos maternos eran espa\u00f1oles y emigraron a Cuba, ah\u00ed echaron ra\u00edces y naci\u00f3 mi madre\u201d, recuerda. Cuando ten\u00eda cuatro a\u00f1os, se mud\u00f3 junto a sus padres a Mazarr\u00f3n (Murcia) y, aunque no era en el mismo pa\u00eds, de puertas para adentro ha seguido creciendo en una familia cubana.<\/p>\n<p dir=\"ltr\" style=\"text-align: justify;\">\u201cNunca tuve el sentimiento de alguien que emigra\u201d, relata la joven. \u201cAl mismo tiempo me siento de Cuba, me he criado escuchando salsa, Juan Gabriel, Marc Anthony y a mi padre hablando de la dictadura comunista. Tengo esa doble herencia\u201d, afirma esta joven que estudia un m\u00e1ster en lengua francesa aplicada en La Sorbona (Par\u00eds). De los escritores cubanos, se queda con Leonardo Padura.<\/p>\n<p dir=\"ltr\" style=\"text-align: justify;\"><strong>Aunque hayan nacido en Espa\u00f1a, no todos tienen la nacionalidad<\/strong><\/p>\n<p dir=\"ltr\" style=\"text-align: justify;\">No todos los ni\u00f1os con ascendencia extranjera que nacen en Espa\u00f1a obtienen la nacionalidad espa\u00f1ola, ya que depende de la situaci\u00f3n legal de sus padres. Si ninguno de los dos tiene la nacionalidad espa\u00f1ola, los ni\u00f1os adquieren la de sus progenitores (excepto en casos de apatricidio). En t\u00e9rminos legales, es lo que se conoce como el derecho a obtener la nacionalidad por ascendencia <em>(ius sanguinis)<\/em> en oposici\u00f3n a la nacionalidad determinada por el lugar de nacimiento <em>(ius solis).<\/em> Para ser reconocidos sobre el papel como espa\u00f1oles, uno de los dos padres debe tener nacionalidad espa\u00f1ola o los hijos deben acumular un a\u00f1o de residencia en el pa\u00eds, seg\u00fan dicta el C\u00f3digo Civil.<\/p>\n<p dir=\"ltr\" style=\"text-align: justify;\">Este cambio legal lo hizo F\u00e1tima A., nacida en Madrid, cuando creci\u00f3. Sus padres, ambos de origen marroqu\u00ed, esperaron hasta acumular 10 a\u00f1os de residencia para solicitar el carnet de identidad, seg\u00fan exige la ley, a excepci\u00f3n de latinoamericanos y refugiados que deben esperar dos a\u00f1os. En 2013, tras varios tr\u00e1mites burocr\u00e1ticos, toda su familia consigui\u00f3 jurar la nacionalidad y obtener el DNI.<\/p>\n<p dir=\"ltr\" style=\"text-align: justify;\">\u201cMis padres quer\u00edan que tuviera la nacionalidad espa\u00f1ola para que no haya diferencias y se nos trate igual\u201d, explica la joven madrile\u00f1a de 20 a\u00f1os. \u201cLuego te das cuenta de que, aunque tengas la nacionalidad, sigues siendo una persona racializada\u201d, lamenta en referencia a la discriminaci\u00f3n que ha sufrido en su vida por el origen de sus padres y por llevar velo.<\/p>\n<p dir=\"ltr\" style=\"text-align: justify;\">Adri\u00e1n N., nacido en Madrid, dice no guardar relaci\u00f3n con el pa\u00eds de origen de sus abuelos paternos, Guinea Ecuatorial, y es que su padre ya naci\u00f3 en Espa\u00f1a. Este joven de 18 a\u00f1os sigue a <em>youtubers<\/em> como The Grefg o canales tecnol\u00f3gicos como <a href=\"https:\/\/www.youtube.com\/channel\/UCPrbArysdf6neOcQPaxzxFg\">Pro Gadget Review<\/a>. En la actualidad, cursa la carrera Ingenier\u00eda Electr\u00f3nica y juega en el equipo juvenil del Rayo Vallecano.<\/p>\n<p dir=\"ltr\" style=\"text-align: justify;\">Para el soci\u00f3logo argelino Abdelmalek Sayad, que estudi\u00f3 la situaci\u00f3n de los hijos de inmigrantes argelinos en Francia en los a\u00f1os 90, existen dos realidades que mantienen a estos ni\u00f1os en dos mundos: la administrativa y la social.<\/p>\n<p dir=\"ltr\" style=\"text-align: justify;\">\u201cExiste, por una parte, una realidad administrativa que adjudica una nacionalidad [&#8230;] y, por otra parte, una realidad social que, m\u00e1s all\u00e1 de la dimensi\u00f3n jur\u00eddica, sigue manteniendo a estos ni\u00f1os entre dos naciones y dos nacionalidades y entre dos sociedades [&#8230;] productos y v\u00edctimas de una misma historia\u201d, dijo en su obra <em><a href=\"http:\/\/www.seuil.com\/ouvrage\/la-double-absence-des-illusions-de-l-emigre-aux-souffrances-de-l-immigre-abdelmalek-sayad\/9782020385961\">La double absence. Des illusions de l\u2019\u00e9migr\u00e9 aux souffrances de l\u2019immigr\u00e9<\/a><\/em> (<em>La doble ausencia. De las ilusiones del emigrante a los sufrimientos del inmigrante<\/em>).<\/p>\n<p dir=\"ltr\" style=\"text-align: justify;\">Si nos fijamos en los datos del INE, entre 2013 y 2017 (\u00fanicos a\u00f1os disponibles) hubo 108.074 hijos de inmigrantes que consiguieron la nacionalidad y que antes contaban con la marroqu\u00ed (46.700), ecuatoriana (8.556), boliviana (5.818) y nigeriana (4.318), entre otras. Ahora estas personas en las estad\u00edsticas ya figuran como espa\u00f1oles. Puedes consultar los datos aqu\u00ed (si no ves bien el gr\u00e1fico, <a href=\"https:\/\/verne.elpais.com\/verne\/2018\/12\/02\/articulo\/1543777596_555480.html\">pincha aqu\u00ed para acceder a la versi\u00f3n completa del art\u00edculo<\/a>):<\/p>\n<div id=\"sumario_2|html\" class=\"centro\" style=\"text-align: justify;\"><a name=\"sumario_2\"><\/a><iframe loading=\"lazy\" id=\"datawrapper-chart-vAvyA\" src=\"https:\/\/datawrapper.dwcdn.net\/vAvyA\/11\/\" width=\"320\" height=\"300\" frameborder=\"0\" scrolling=\"no\" data-mce-fragment=\"1\"><\/iframe><\/p>\n<\/div>\n<p dir=\"ltr\" style=\"text-align: justify;\">La investigadora Rosa Aparicio, <a href=\"http:\/\/www.ortegaygasset.edu\/instituto-universitario\/informacion\">del Instituto de Investigaci\u00f3n de la Fundaci\u00f3n Jos\u00e9 Ortega y Gasset<\/a> y coautora del Estudio <em>Longitudinal de la Segunda Generaci\u00f3n de Migrantes<\/em>, indica que, \u00faltimamente, muchos marroqu\u00edes est\u00e1n adquiriendo la nacionalidad espa\u00f1ola. Precisamente, es ahora cuando pueden hacerlo, tras haber acumulado 10 a\u00f1os de residencia legal y continuada en Espa\u00f1a. Los datos disponibles del INE muestran que el pico de inmigraci\u00f3n marroqu\u00ed se produjo en el a\u00f1o 2008, cuando llegaron m\u00e1s de 70.000 personas, y que la cifra del a\u00f1o pasado, de 39.000 personas, volvi\u00f3 a repuntar y alcanz\u00f3 valores parecidos al flujo de migraci\u00f3n de 2009.<\/p>\n<p dir=\"ltr\" style=\"text-align: justify;\">As\u00ed, muchas de las personas que figuran en el censo como extranjeras, en unos a\u00f1os, podr\u00edan pasar a figurar como espa\u00f1olas si finalmente solicitan la nacionalidad. En datos del censo, cuatro millones de personas (10%) figuran como extranjeras (frente a 42 millones espa\u00f1olas) y la mayor parte son de Marruecos y Rumania<\/p>\n<div id=\"sumario_3|html\" class=\"centro\" style=\"text-align: justify;\">En porcentaje de extranjeros que ha ido creciendo en las \u00faltimas d\u00e9cadas y que en el a\u00f1o 2001 se situaba en un 3,85%, seg\u00fan el informe <em><a href=\"https:\/\/www.researchgate.net\/profile\/Maria_Delpino_Goicochea\/publication\/270956784_Insercion_de_los_adolescentes_latinoamericanos_en_Espana_Algunas_claves\/links\/54ba41d50cf253b50e2b0908\/Insercion-de-los-adolescentes-latinoamericanos-en-Espana-Algunas-claves.pdf\">La inserci\u00f3n de los adolescentes latinoamericanos en Espa\u00f1a: algunas claves<\/a>,<\/em> del Ministerio de Trabajo y Asuntos sociales.<\/div>\n<p dir=\"ltr\" style=\"text-align: justify;\"><strong>Pel\u00edculas, cuentos y obras de teatro, herramientas para forjar la identidad<\/strong><\/p>\n<p dir=\"ltr\" style=\"text-align: justify;\">Desde que naci\u00f3 en 1995 hasta ahora, Kinue Tsubata no se ha despegado de su herencia japonesa. Tanto su padre, de la ciudad de Nagaoka (a hora y media de la capital, Tokio), como su madre, de Alicante, le han transmitido valores como la puntualidad, la perseverancia o el hecho de ser detallista.<\/p>\n<p dir=\"ltr\" style=\"text-align: justify;\">\u201cCreo que me siento m\u00e1s espa\u00f1ola seguramente por vivir y criarme en Espa\u00f1a, pero tambi\u00e9n me siento identificada con valores japoneses\u201d, explica desde Londres, donde se encuentra estudiando un m\u00e1ster en Administraci\u00f3n Internacional especializada en Jap\u00f3n en la SOSA (School of Oriental and African Studies) de la universidad londinense. \u201cEstoy en contacto con la cultura japonesa y para no perder el idioma veo series y pel\u00edculas en japon\u00e9s\u201d, y da fe de ello enumerando pel\u00edculas como <em>El Castillo Ambulante<\/em> o el <em>Viaje de Chihiro<\/em> de los estudios de animaci\u00f3n japonesa Ghibli.<\/p>\n<p dir=\"ltr\" style=\"text-align: justify;\">Desde peque\u00f1a ha tratado de buscar referentes por su cuenta porque \u201cen la tele o en todos los dibujos hab\u00eda gente blanca\u201d, evidencia. \u201cMe llamaban la atenci\u00f3n pel\u00edculas como <em>Mul\u00e1n<\/em> o ten\u00eda una barbie japonesa con un kimono\u201d, rememora. Ahora siempre que puede participa en eventos culturales de su comunidad y en fiestas o comidas de la tierra de su padre.<\/p>\n<p dir=\"ltr\" style=\"text-align: justify;\">Para madres de ni\u00f1os de afrodescendientes, como Sara Plaza o Kenia Ramos, los ni\u00f1os de esta segunda generaci\u00f3n necesitan que existan referentes con los que sentirse identificados. \u201cTanto en los espacios medi\u00e1ticos como institucionales\u201d, reclama Plaza, madre de un ni\u00f1o de dos a\u00f1os con ascendencia senegalesa. \u201cTodo lo que le llega es de un entorno con im\u00e1genes de blancos y, adem\u00e1s, el t\u00edpico de <em>ni\u00f1a rubia y con los ojos azules\u201d,<\/em> espec\u00edfica Ramos, madre de una ni\u00f1a de siete a\u00f1os.<\/p>\n<p dir=\"ltr\" style=\"text-align: justify;\">Para forjar la identidad de sus peque\u00f1os ambas buscan referentes en la comida, los cuentos y los juguetes. \u201cMe cost\u00f3 mucho, porque no hay informaci\u00f3n\u201d, reconoce Ramos, y lamenta que haya muchos m\u00e1s libros en ingl\u00e9s que en espa\u00f1ol, como <em>Little leaders: bold women in black history<\/em> (<em>Peque\u00f1os l\u00edderes: mujeres valientes en la historia negra<\/em>) o <em>Kirik\u00fa and the sorceress<\/em> (<em>Kirik\u00fa y la bruja<\/em>).<\/p>\n<p dir=\"ltr\" style=\"text-align: justify;\">En la compa\u00f1\u00eda teatral <a href=\"https:\/\/thecrossborderproject.com\/\">The Cross Border Project<\/a>, nacida en Nueva York y asentada en Espa\u00f1a, tratan de cubrir ese vac\u00edo a trav\u00e9s de la obra <em><a href=\"https:\/\/www.teatroespanol.es\/fiesta-fiesta-fiesta\">Fiesta, fiesta, fiesta,<\/a><\/em> donde se cuenta la historia de siete adolescentes cursando tercero de la ESO, de padres extranjeros y nacidos en Espa\u00f1a. En la obra aparecen temas como el uso del velo, los problemas intergeneracionales entre padres e hijos y los propios miedos y sue\u00f1os de los adolescentes. \u201cLo que est\u00e1 pasando en el aula es lo que est\u00e1 pasando en toda Espa\u00f1a\u201d a ojos de la dramaturga Lucia Miranda, quien ide\u00f3 el guion basado en historias y conversaciones reales. \u201cEs el gran tema identitario del pa\u00eds y de Europa y no el de los nacionalismos\u201d. \u201cCreo que es un tema que no est\u00e1 en las mesas de caf\u00e9, personas muy cercanas a m\u00ed hablan de Espa\u00f1a [de una forma] profundamente obsoleta: Espa\u00f1a ya no es blanca ni es cat\u00f3lica, Espa\u00f1a es muy diversa\u201d.<\/p>\n<p class=\"texto_grande\" dir=\"ltr\" style=\"text-align: justify;\"><a href=\"https:\/\/verne.elpais.com\/verne\/2018\/12\/02\/articulo\/1543777631_505695.html\"><strong>\u00abLo peor es que aqu\u00ed no eres de aqu\u00ed y all\u00ed no eres de all\u00ed\u00bb<\/strong><\/a><\/p>\n<p dir=\"ltr\" style=\"text-align: justify;\">Cinco testimonios, cinco historias diferentes: <a href=\"https:\/\/verne.elpais.com\/verne\/2018\/12\/02\/articulo\/1543777631_505695.html\">j\u00f3venes y padres de ni\u00f1os nacidos en Espa\u00f1a<\/a> nos hablan de racismo, integraci\u00f3n e identidad. Pincha sobre la imagen para leer sus historias:<a name=\"sumario_5\"><\/a><span id=\"capaAmpliarFotoReposo_p33\" class=\"boton boton_ampliar\"><\/span><\/p>\n<div id=\"sumario_6|despiece\" class=\"centro\" style=\"text-align: justify;\"><a name=\"sumario_6\"><\/a><\/p>\n<div class=\"aside estirar\">\n<h2>Metodolog\u00eda<\/h2>\n<p dir=\"ltr\">Este an\u00e1lisis parte de los datos del Instituto Nacional de Estad\u00edstica y el Ministerio de Educaci\u00f3n sobre el padr\u00f3n, los nacimientos y el n\u00famero de alumnos matriculados.<\/p>\n<p dir=\"ltr\">Hemos considerado hijo de inmigrante a aquel nacido que tiene al menos un progenitor extranjero, de acuerdo con la definici\u00f3n m\u00e1s extendida en el \u00e1mbito acad\u00e9mico y acordado con la investigadora Rosa Aparicio.<\/p>\n<p dir=\"ltr\">Adem\u00e1s, se utiliza indistintamente la palabra inmigrante y extranjera. Somos conscientes de que la carga pol\u00edtica se diluye cuando solo se utiliza extranjero. Sin embargo, no se realiza esta diferencia ya que los datos recabados y en conversaciones con expertos la mayor parte de la poblaci\u00f3n de fuera de Espa\u00f1a procede de pa\u00edses del sur (73%) y el 27% restante de pa\u00edses del norte como Alemania, Finlandia o Reino Unido.<\/p>\n<p dir=\"ltr\">El an\u00e1lisis de alumnos matriculados parte de datos del Ministerio de Educaci\u00f3n para estudios no universitarios de los a\u00f1os 2010 a 2017. S\u00f3lo se incluyen los datos para Educaci\u00f3n Infantil, Primaria, Secundaria, FP b\u00e1sica, media, superior y Bachiller. No se analiza en concreto a los hijos de inmigrantes que ya tienen la nacionalidad porque figuran directamente como espa\u00f1oles.<\/p>\n<p dir=\"ltr\">El an\u00e1lisis se considera extrapolable ya que para la investigadora Rosa Aparicio, el nivel econ\u00f3mico del que parten es diferente al de los hijos con progenitores \u00fanicamente espa\u00f1oles. As\u00ed tambi\u00e9n lo indica la OCDE \u201cLos distintos niveles socioecon\u00f3micos explican m\u00e1s de una quinta parte de la diferencia entre los estudiantes inmigrantes y los nativos en las probabilidades de adquirir las habilidades b\u00e1sicas, en promedio en los pa\u00edses de la OCDE y de la Uni\u00f3n Europea\u201d.<\/p>\n<p dir=\"ltr\">Para datos poblacionales, se utilizan los provisionales de 2018, el baremo de edad para incluirlos en un grupo o en otro es el siguiente: ni\u00f1os de 0 a 19 a\u00f1os, j\u00f3venes de 19 a 30 a\u00f1os, adultos de 30 a 69 a\u00f1os, ancianos 69 a\u00f1os y m\u00e1s. No es posible analizar nacionalidades minoritarias (que figuran como \u201cResto de \u201c) por secreto estad\u00edstico, seg\u00fan indican desde INE. Adem\u00e1s, se trata a Ocean\u00eda como un pa\u00eds m\u00e1s puesto que no existen datos desagregados de los datos estad\u00edsticos.<\/p>\n<p dir=\"ltr\">En el texto no se aportan apellidos de los j\u00f3venes por petici\u00f3n de todos ellos.<\/p>\n<\/div>\n<\/div>\n<p style=\"text-align: justify;\"><a class=\"autor\" title=\"Ver todas las noticias de Yuly Jara\" href=\"https:\/\/verne.elpais.com\/autor\/yuleidy_jara_guarnizo\/a\/\">Yuly Jara <\/a><\/p>\n<p style=\"text-align: justify;\"><a href=\"https:\/\/verne.elpais.com\/verne\/2018\/12\/02\/articulo\/1543777596_555480.html\">https:\/\/verne.elpais.com\/verne\/2018\/12\/02\/articulo\/1543777596_555480.html<\/a><\/p>\n<p style=\"text-align: justify;\">FOTO: Iker, F\u00e1tima y Adri\u00e1n son parte de la nueva generaci\u00f3n de espa\u00f1oles<\/p>\n","protected":false},"excerpt":{"rendered":"<p>Mantienen los v\u00ednculos con la cultura de sus padres y al mismo tiempo intentan encontrar&#8230;<\/p>\n","protected":false},"author":1,"featured_media":0,"comment_status":"closed","ping_status":"closed","sticky":false,"template":"","format":"standard","meta":{"_coblocks_attr":"","_coblocks_dimensions":"","_coblocks_responsive_height":"","_coblocks_accordion_ie_support":"","jetpack_post_was_ever_published":false,"_jetpack_newsletter_access":"","_jetpack_dont_email_post_to_subs":false,"_jetpack_newsletter_tier_id":0,"_jetpack_memberships_contains_paywalled_content":false,"_jetpack_memberships_contains_paid_content":false,"footnotes":"","jetpack_publicize_message":"","jetpack_publicize_feature_enabled":true,"jetpack_social_post_already_shared":false,"jetpack_social_options":{"image_generator_settings":{"template":"highway","default_image_id":0,"enabled":false},"version":2}},"categories":[1161,186,44,15],"tags":[969,848],"class_list":["post-27554","post","type-post","status-publish","format-standard","hentry","category-ciudadania","category-instituciones","category-noticias-de-hoy","category-ultimas-noticias","tag-emigracion","tag-familia"],"jetpack_publicize_connections":[],"jetpack_featured_media_url":"","jetpack_likes_enabled":true,"jetpack_sharing_enabled":true,"_links":{"self":[{"href":"https:\/\/miradordeatarfe.es\/index.php?rest_route=\/wp\/v2\/posts\/27554","targetHints":{"allow":["GET"]}}],"collection":[{"href":"https:\/\/miradordeatarfe.es\/index.php?rest_route=\/wp\/v2\/posts"}],"about":[{"href":"https:\/\/miradordeatarfe.es\/index.php?rest_route=\/wp\/v2\/types\/post"}],"author":[{"embeddable":true,"href":"https:\/\/miradordeatarfe.es\/index.php?rest_route=\/wp\/v2\/users\/1"}],"replies":[{"embeddable":true,"href":"https:\/\/miradordeatarfe.es\/index.php?rest_route=%2Fwp%2Fv2%2Fcomments&post=27554"}],"version-history":[{"count":1,"href":"https:\/\/miradordeatarfe.es\/index.php?rest_route=\/wp\/v2\/posts\/27554\/revisions"}],"predecessor-version":[{"id":27555,"href":"https:\/\/miradordeatarfe.es\/index.php?rest_route=\/wp\/v2\/posts\/27554\/revisions\/27555"}],"wp:attachment":[{"href":"https:\/\/miradordeatarfe.es\/index.php?rest_route=%2Fwp%2Fv2%2Fmedia&parent=27554"}],"wp:term":[{"taxonomy":"category","embeddable":true,"href":"https:\/\/miradordeatarfe.es\/index.php?rest_route=%2Fwp%2Fv2%2Fcategories&post=27554"},{"taxonomy":"post_tag","embeddable":true,"href":"https:\/\/miradordeatarfe.es\/index.php?rest_route=%2Fwp%2Fv2%2Ftags&post=27554"}],"curies":[{"name":"wp","href":"https:\/\/api.w.org\/{rel}","templated":true}]}}