{"id":27563,"date":"2018-12-13T11:12:03","date_gmt":"2018-12-13T10:12:03","guid":{"rendered":"http:\/\/miradordeatarfe.es\/?p=27563"},"modified":"2018-12-11T14:15:30","modified_gmt":"2018-12-11T13:15:30","slug":"atarfe-concurso-navideno-de-escaparates-para-apoyar-el-comercio-local","status":"publish","type":"post","link":"https:\/\/miradordeatarfe.es\/?p=27563","title":{"rendered":"ATARFE: Concurso navide\u00f1o de escaparates para apoyar el comercio local"},"content":{"rendered":"<div class=\"post-meta\" style=\"text-align: justify;\">Los comercios que deseen participar deber\u00e1n inscribirse en el Centro Cultural Medina Elvira antes del d\u00eda 19 de diciembre de 2018.<\/div>\n<p style=\"text-align: justify;\"><!--more--><\/p>\n<div class=\"post-meta\" style=\"text-align: justify;\">\n<p>\u00a0El Ayuntamiento de Atarfe organiza el concurso de escaparates navide\u00f1os para apoyar al comercio local y fomentar el consumo en los establecimientos tradicionales de la localidad.<\/p>\n<p>Podr\u00e1n participar todos los comercios que lo deseen y se valorar\u00e1 la decoraci\u00f3n de escaparates con motivo de la fiesta de Navidad.<\/p>\n<\/div>\n<p style=\"text-align: justify;\">Se han establecido tres premios con una cuant\u00eda de 200, 125 y 75 euros, que no podr\u00e1n declararse desiertos.<\/p>\n<p style=\"text-align: justify;\"><strong>Los comercios que deseen participar deber\u00e1n inscribirse en el Centro Cultural Medina Elvira antes del d\u00eda 19 de diciembre de 2018<\/strong>. El jurado estar\u00e1 formado por personas relacionadas con el arte y ajenas a cualquier comercio que participe en el concurso, y visitar\u00e1 los escaparates a concurso el pr\u00f3ximo d\u00eda 20 de diciembre.<\/p>\n<p style=\"text-align: justify;\">Los premios se entregar\u00e1n el 21 de diciembre en el trascurso de un acto p\u00fablico que se celebrar\u00e1 en el Paseo de Santa Ana, antes del preg\u00f3n de Navidad.<\/p>\n<p style=\"text-align: justify;\">Tel\u00e9fono del Centro Cultural Medina Elvira: 958439697<\/p>\n<p style=\"text-align: justify;\">Consulta las bases:<\/p>\n<div class=\"post-block post-author clearfix\">\n<h3 class=\"heading-primary\" style=\"text-align: justify;\"><i class=\"fa fa-download\"><\/i>Ficheros Adjuntos<\/h3>\n<div class=\"clearfix\">\n<div class=\"img-thumbnail-ficherosadjuntos\" style=\"text-align: justify;\"><img data-recalc-dims=\"1\" decoding=\"async\" src=\"https:\/\/i0.wp.com\/www.atarfe.es\/img\/pdf2.jpg?w=640\" alt=\"\" \/><\/div>\n<p style=\"text-align: justify;\"><strong class=\"name\"><a href=\"http:\/\/www.atarfe.es\/data\/CoreFiles\/bases-del-concurso-de-escaparates-2018.pdf\" target=\"_blank\" rel=\"noopener\">Bases del concurso navide\u00f1o de escaparates de comercios de Atarfe<\/a><\/strong><\/p>\n<\/div>\n<\/div>\n","protected":false},"excerpt":{"rendered":"<p>Los comercios que deseen participar deber\u00e1n inscribirse en el Centro Cultural Medina Elvira antes del&#8230;<\/p>\n","protected":false},"author":1,"featured_media":27564,"comment_status":"closed","ping_status":"closed","sticky":false,"template":"","format":"standard","meta":{"_coblocks_attr":"","_coblocks_dimensions":"","_coblocks_responsive_height":"","_coblocks_accordion_ie_support":"","jetpack_post_was_ever_published":false,"_jetpack_newsletter_access":"","_jetpack_dont_email_post_to_subs":false,"_jetpack_newsletter_tier_id":0,"_jetpack_memberships_contains_paywalled_content":false,"_jetpack_memberships_contains_paid_content":false,"footnotes":"","jetpack_publicize_message":"","jetpack_publicize_feature_enabled":true,"jetpack_social_post_already_shared":false,"jetpack_social_options":{"image_generator_settings":{"template":"highway","default_image_id":0,"enabled":false},"version":2}},"categories":[2,186,44,15],"tags":[81,756],"class_list":["post-27563","post","type-post","status-publish","format-standard","has-post-thumbnail","hentry","category-atarfe","category-instituciones","category-noticias-de-hoy","category-ultimas-noticias","tag-atarfe","tag-comercio"],"jetpack_publicize_connections":[],"jetpack_featured_media_url":"https:\/\/i0.wp.com\/miradordeatarfe.es\/wp-content\/uploads\/2018\/12\/ACTIVIDADESCOMERCIO-4.jpg?fit=2244%2C1496&ssl=1","jetpack_likes_enabled":true,"jetpack_sharing_enabled":true,"_links":{"self":[{"href":"https:\/\/miradordeatarfe.es\/index.php?rest_route=\/wp\/v2\/posts\/27563","targetHints":{"allow":["GET"]}}],"collection":[{"href":"https:\/\/miradordeatarfe.es\/index.php?rest_route=\/wp\/v2\/posts"}],"about":[{"href":"https:\/\/miradordeatarfe.es\/index.php?rest_route=\/wp\/v2\/types\/post"}],"author":[{"embeddable":true,"href":"https:\/\/miradordeatarfe.es\/index.php?rest_route=\/wp\/v2\/users\/1"}],"replies":[{"embeddable":true,"href":"https:\/\/miradordeatarfe.es\/index.php?rest_route=%2Fwp%2Fv2%2Fcomments&post=27563"}],"version-history":[{"count":2,"href":"https:\/\/miradordeatarfe.es\/index.php?rest_route=\/wp\/v2\/posts\/27563\/revisions"}],"predecessor-version":[{"id":27566,"href":"https:\/\/miradordeatarfe.es\/index.php?rest_route=\/wp\/v2\/posts\/27563\/revisions\/27566"}],"wp:featuredmedia":[{"embeddable":true,"href":"https:\/\/miradordeatarfe.es\/index.php?rest_route=\/wp\/v2\/media\/27564"}],"wp:attachment":[{"href":"https:\/\/miradordeatarfe.es\/index.php?rest_route=%2Fwp%2Fv2%2Fmedia&parent=27563"}],"wp:term":[{"taxonomy":"category","embeddable":true,"href":"https:\/\/miradordeatarfe.es\/index.php?rest_route=%2Fwp%2Fv2%2Fcategories&post=27563"},{"taxonomy":"post_tag","embeddable":true,"href":"https:\/\/miradordeatarfe.es\/index.php?rest_route=%2Fwp%2Fv2%2Ftags&post=27563"}],"curies":[{"name":"wp","href":"https:\/\/api.w.org\/{rel}","templated":true}]}}