{"id":27585,"date":"2018-12-12T11:40:17","date_gmt":"2018-12-12T10:40:17","guid":{"rendered":"http:\/\/miradordeatarfe.es\/?p=27585"},"modified":"2018-12-12T11:43:52","modified_gmt":"2018-12-12T10:43:52","slug":"27585","status":"publish","type":"post","link":"https:\/\/miradordeatarfe.es\/?p=27585","title":{"rendered":"ATARFE: PREMIO PROGRESO 2018"},"content":{"rendered":"<p>La concejala de Igualdad de Atarfe, Fabiola Garc\u00eda Montijano, recogi\u00f3 ayer en C\u00f3rdoba el Premio Progreso 2018, en la categor\u00eda de Igualdad de oportunidades entre hombres y mujeres, por los talleres de corresponsabilidad en tareas dom\u00e9sticas que el a\u00f1o pasado se pusieron en marcha entre el alumnado de distintos colegios e institutos.<\/p>\n<p><!--more--><\/p>\n<p>La Fundaci\u00f3n para el Desarrollo de los Pueblos de Andaluc\u00eda y la FAMP reconocen el proyecto \u2018Somos un equipo\u2019, que persegu\u00eda romper los roles y estereotipos mediante la corresponsabilidad en tareas dom\u00e9sticas.<\/p>\n<p>Atarfe ha obtenido el citado galard\u00f3n por el proyecto \u2018Somos un equipo\u2019, un programa de \u201csensibilizaci\u00f3n y aprendizaje del alumnado en la corresponsabilidad de las tareas dom\u00e9sticas\u201d. La actividad consisti\u00f3 en la puesta en marcha de talleres te\u00f3ricos y pr\u00e1cticos que se desarrollaron de febrero a abril de 2018 en distintos colegios e instituto del municipio con el objetivo de \u201cromper con los roles y estereotipos de g\u00e9nero y avanzar en la igualdad real y efectiva entre mujeres y hombres\u201d.<\/p>\n<p>En las actividades colaboraron los colegios Clara Campoamor y Fernando de los R\u00edos, el Instituto de Ense\u00f1anza Secundaria Il\u00edberis, la empresa de actividades extraescolares La Casa Azul y las AMPAS La Ermita, Atasiel y El Coliseo.<\/p>\n<p>Fabiola agradeci\u00f3 la labor de las trabajadoras que impartieron el taller y la colaboraci\u00f3n de los centros educativos por hacer realidad unos talleres que persegu\u00edan romper con los estereotipos de g\u00e9nero y avanzar en la igualdad real y efectiva.<\/p>\n<p>Las distinciones las conceden la<strong> Fundaci\u00f3n para el Desarrollo de los Pueblos de Andaluc\u00eda y la Federaci\u00f3n Andaluza de Municipios y Provincias (FAMP)<\/strong>. En el siguiente enlace dispon\u00e9is de m\u00e1s informaci\u00f3n sobre estos premios <img decoding=\"async\" class=\"CToWUd\" src=\"https:\/\/mail.google.com\/mail\/e\/1f449\" alt=\"\" data-goomoji=\"1f449\" data-image-whitelisted=\"\" \/> <a href=\"http:\/\/bit.ly\/AtarfeIgualdad18\" target=\"_blank\" rel=\"noopener\" data-saferedirecturl=\"https:\/\/www.google.com\/url?q=http:\/\/bit.ly\/AtarfeIgualdad18&amp;source=gmail&amp;ust=1544691230743000&amp;usg=AFQjCNHaSJUrjGWAGOzhNv_dFsVvCcH8IA\">http:\/\/bit.ly\/AtarfeIgualdad18<\/a><\/p>\n<p><a href=\"https:\/\/i0.wp.com\/miradordeatarfe.es\/wp-content\/uploads\/2018\/12\/FB_IMG_1544564272997.jpg?ssl=1\"><img data-recalc-dims=\"1\" loading=\"lazy\" decoding=\"async\" class=\"alignnone size-full wp-image-27586\" src=\"https:\/\/i0.wp.com\/miradordeatarfe.es\/wp-content\/uploads\/2018\/12\/FB_IMG_1544564272997.jpg?resize=640%2C361&#038;ssl=1\" alt=\"\" width=\"640\" height=\"361\" srcset=\"https:\/\/i0.wp.com\/miradordeatarfe.es\/wp-content\/uploads\/2018\/12\/FB_IMG_1544564272997.jpg?w=1024&amp;ssl=1 1024w, https:\/\/i0.wp.com\/miradordeatarfe.es\/wp-content\/uploads\/2018\/12\/FB_IMG_1544564272997.jpg?resize=300%2C169&amp;ssl=1 300w, https:\/\/i0.wp.com\/miradordeatarfe.es\/wp-content\/uploads\/2018\/12\/FB_IMG_1544564272997.jpg?resize=768%2C434&amp;ssl=1 768w, https:\/\/i0.wp.com\/miradordeatarfe.es\/wp-content\/uploads\/2018\/12\/FB_IMG_1544564272997.jpg?resize=600%2C339&amp;ssl=1 600w\" sizes=\"auto, (max-width: 640px) 100vw, 640px\" \/><\/a><\/p>\n<p><a href=\"https:\/\/i0.wp.com\/miradordeatarfe.es\/wp-content\/uploads\/2018\/12\/taller_igualdad_2.jpg?ssl=1\"><img data-recalc-dims=\"1\" loading=\"lazy\" decoding=\"async\" class=\"alignnone size-full wp-image-27589\" src=\"https:\/\/i0.wp.com\/miradordeatarfe.es\/wp-content\/uploads\/2018\/12\/taller_igualdad_2.jpg?resize=600%2C338&#038;ssl=1\" alt=\"\" width=\"600\" height=\"338\" srcset=\"https:\/\/i0.wp.com\/miradordeatarfe.es\/wp-content\/uploads\/2018\/12\/taller_igualdad_2.jpg?w=600&amp;ssl=1 600w, https:\/\/i0.wp.com\/miradordeatarfe.es\/wp-content\/uploads\/2018\/12\/taller_igualdad_2.jpg?resize=300%2C169&amp;ssl=1 300w\" sizes=\"auto, (max-width: 600px) 100vw, 600px\" \/><\/a><\/p>\n<p><a href=\"https:\/\/i0.wp.com\/miradordeatarfe.es\/wp-content\/uploads\/2018\/12\/taller-igualdad-1-3.jpg?ssl=1\"><img data-recalc-dims=\"1\" loading=\"lazy\" decoding=\"async\" class=\"alignnone size-full wp-image-27590\" src=\"https:\/\/i0.wp.com\/miradordeatarfe.es\/wp-content\/uploads\/2018\/12\/taller-igualdad-1-3.jpg?resize=640%2C361&#038;ssl=1\" alt=\"\" width=\"640\" height=\"361\" srcset=\"https:\/\/i0.wp.com\/miradordeatarfe.es\/wp-content\/uploads\/2018\/12\/taller-igualdad-1-3.jpg?w=700&amp;ssl=1 700w, https:\/\/i0.wp.com\/miradordeatarfe.es\/wp-content\/uploads\/2018\/12\/taller-igualdad-1-3.jpg?resize=300%2C169&amp;ssl=1 300w, https:\/\/i0.wp.com\/miradordeatarfe.es\/wp-content\/uploads\/2018\/12\/taller-igualdad-1-3.jpg?resize=600%2C339&amp;ssl=1 600w\" sizes=\"auto, (max-width: 640px) 100vw, 640px\" \/><\/a><\/p>\n","protected":false},"excerpt":{"rendered":"<p>La concejala de Igualdad de Atarfe, Fabiola Garc\u00eda Montijano, recogi\u00f3 ayer en C\u00f3rdoba el Premio&#8230;<\/p>\n","protected":false},"author":1,"featured_media":0,"comment_status":"closed","ping_status":"closed","sticky":false,"template":"","format":"standard","meta":{"_coblocks_attr":"","_coblocks_dimensions":"","_coblocks_responsive_height":"","_coblocks_accordion_ie_support":"","jetpack_post_was_ever_published":false,"_jetpack_newsletter_access":"","_jetpack_dont_email_post_to_subs":false,"_jetpack_newsletter_tier_id":0,"_jetpack_memberships_contains_paywalled_content":false,"_jetpack_memberships_contains_paid_content":false,"footnotes":"","jetpack_publicize_message":"","jetpack_publicize_feature_enabled":true,"jetpack_social_post_already_shared":false,"jetpack_social_options":{"image_generator_settings":{"template":"highway","default_image_id":0,"enabled":false},"version":2}},"categories":[187,14,186,9,44,15],"tags":[81,166],"class_list":["post-27585","post","type-post","status-publish","format-standard","hentry","category-centros-educativos","category-feminismo","category-instituciones","category-medio-ambiente","category-noticias-de-hoy","category-ultimas-noticias","tag-atarfe","tag-premios"],"jetpack_publicize_connections":[],"jetpack_featured_media_url":"","jetpack_likes_enabled":true,"jetpack_sharing_enabled":true,"_links":{"self":[{"href":"https:\/\/miradordeatarfe.es\/index.php?rest_route=\/wp\/v2\/posts\/27585","targetHints":{"allow":["GET"]}}],"collection":[{"href":"https:\/\/miradordeatarfe.es\/index.php?rest_route=\/wp\/v2\/posts"}],"about":[{"href":"https:\/\/miradordeatarfe.es\/index.php?rest_route=\/wp\/v2\/types\/post"}],"author":[{"embeddable":true,"href":"https:\/\/miradordeatarfe.es\/index.php?rest_route=\/wp\/v2\/users\/1"}],"replies":[{"embeddable":true,"href":"https:\/\/miradordeatarfe.es\/index.php?rest_route=%2Fwp%2Fv2%2Fcomments&post=27585"}],"version-history":[{"count":2,"href":"https:\/\/miradordeatarfe.es\/index.php?rest_route=\/wp\/v2\/posts\/27585\/revisions"}],"predecessor-version":[{"id":27592,"href":"https:\/\/miradordeatarfe.es\/index.php?rest_route=\/wp\/v2\/posts\/27585\/revisions\/27592"}],"wp:attachment":[{"href":"https:\/\/miradordeatarfe.es\/index.php?rest_route=%2Fwp%2Fv2%2Fmedia&parent=27585"}],"wp:term":[{"taxonomy":"category","embeddable":true,"href":"https:\/\/miradordeatarfe.es\/index.php?rest_route=%2Fwp%2Fv2%2Fcategories&post=27585"},{"taxonomy":"post_tag","embeddable":true,"href":"https:\/\/miradordeatarfe.es\/index.php?rest_route=%2Fwp%2Fv2%2Ftags&post=27585"}],"curies":[{"name":"wp","href":"https:\/\/api.w.org\/{rel}","templated":true}]}}