{"id":27618,"date":"2018-12-14T10:31:18","date_gmt":"2018-12-14T09:31:18","guid":{"rendered":"http:\/\/miradordeatarfe.es\/?p=27618"},"modified":"2018-12-12T11:35:49","modified_gmt":"2018-12-12T10:35:49","slug":"que-paises-luchan-mas-contra-el-cambio-climatico","status":"publish","type":"post","link":"https:\/\/miradordeatarfe.es\/?p=27618","title":{"rendered":"\u00bfQu\u00e9 pa\u00edses luchan m\u00e1s contra el cambio clim\u00e1tico?"},"content":{"rendered":"<p class=\"story-leaf-subtitle-item col-md-10\">Espa\u00f1a mejora su lugar en el ranking, pero suspende el examen del Acuerdo de Par\u00eds, seg\u00fan el \u2018\u00cdndice de Comportamiento ante el cambio Clim\u00e1tico 2019<!--more--><\/p>\n<div class=\"col-xs-12 col-md-10 col-md-push-2 nopadding-xs\"><\/div>\n<div class=\"content-structure\">\n<div class=\"story-leaf-txt-p\" data-gtm-element-container=\"modulo-texto-link\">\n<p class=\"p\" style=\"text-align: justify;\">\u00bfQu\u00e9 pa\u00edses combaten m\u00e1s el cambio clim\u00e1tico? Esta es la pregunta a la que responde el informe <i>\u00cdndice de Comportamiento ante el Cambio Clim\u00e1tico 2019<\/i>, elaborado por dos prestigiosas instituciones: la Red de Acci\u00f3n Clim\u00e1tica y<b> Germanwatch.<\/b><\/p>\n<p class=\"p\" style=\"text-align: justify;\">El ranking deja vac\u00edos los tres primeros puestos en la clasificaci\u00f3n, pero ense\u00f1a el podium de las naciones m\u00e1s virtuosas, y tambi\u00e9n de las menos ejemplares.<\/p>\n<p class=\"p\" style=\"text-align: justify;\">El medallero lo ocupan, por este orden, <b>Suecia<\/b> (4),<b> Marruecos<\/b> (5) y <b>Lituania<\/b> (6), mientras ostentan tambi\u00e9n posiciones destacadas Letonia (7); Gran Breta\u00f1a (8), Suiza (9), India (11), Noruega (12), Finlandia (13), Dinamarca (15), UE (16), y Portugal (17), en el grupo de pa\u00edses que obtienen una nota alta.<\/p>\n<p><ins data-ad-type=\"roba\" data-ad-device=\"md\" data-ad-sizes=\"[&quot;fluid&quot;,[300,250],[300,300],[300,600],[320,300]]\" data-ad-lazy=\"false\" data-event-scroll-md=\"\"><\/ins><\/p>\n<p class=\"p\" style=\"text-align: justify;\">La clasificaci\u00f3n se hace evaluando las actuaciones de los pa\u00edses en cuatro categor\u00edas de indicadores (emisiones de gases invernadero, fomento de las renovables, uso de la energ\u00eda y pol\u00edticas de acci\u00f3n clim\u00e1tica).<\/p>\n<p class=\"p\" style=\"text-align: justify;\">En total, se pone nota a 57 pa\u00edses (incluida la CE).<\/p>\n<p class=\"p\" style=\"text-align: justify;\">\u00bfY Espa\u00f1a?<\/p>\n<p class=\"p\" style=\"text-align: justify;\">Aparece en la posici\u00f3n 35, con lo que mejora tres puestos en relaci\u00f3n al 2018.<\/p>\n<p class=\"p\" style=\"text-align: justify;\">El informe destaca que el pa\u00eds act\u00faa \u201crelativamente bien\u201d en cuanto a las tendencias de las emisiones de gases invernadero per c\u00e1pita, \u201caunque todav\u00eda est\u00e1 lejos de alcanzar el objetivo compatible con una senda por debajo de los 2\u00ba C\u201d de aumento (pactado en el Acuerdo de Par\u00eds).<\/p>\n<figure class=\"story-leaf-body-image\" style=\"text-align: justify;\"><img data-recalc-dims=\"1\" decoding=\"async\" class=\"img-responsive\" src=\"https:\/\/i0.wp.com\/www.lavanguardia.com\/r\/GODO\/LV\/p5\/Tendencias\/2018\/12\/10\/Recortada\/20181203-636794456881496545_20181203145709026_4_5_3354117087-kAOG-U453483507610HlF-656x437%40LaVanguardia-Web.jpg?w=640&#038;ssl=1\" alt=\"Pedro S\u00e1nchez\" \/><figcaption>Pedro S\u00e1nchez (Javier Liz\u00f3n \/ EFE)<\/figcaption><\/figure>\n<p class=\"p\" style=\"text-align: justify;\"><b>El caso de Espa\u00f1a<\/b><\/p>\n<p class=\"p\" style=\"text-align: justify;\"><b>Espa\u00f1a<\/b> se sit\u00faa en la zona m\u00e1s alta del grupo de pa\u00edses con nota baja, y presenta sus mejores resultados en la categor\u00eda de fuentes renovables y uso de energ\u00eda.<\/p>\n<p class=\"p\" style=\"text-align: justify;\">Se destaca que el Gobierno est\u00e1 ultimando su <b>plan nacional integrado de energ\u00eda y clima <\/b>(que definir\u00e1 la senda de descarbonizaci\u00f3n de su econom\u00eda) y tramitando la futura ley de Cambio Clim\u00e1tico. Los examinadores elogian sus nuevos planes de energ\u00eda limpia, pero echan en falta m\u00e1s proyectos con participaci\u00f3n comunitaria.<\/p>\n<p><ins data-ad-type=\"roba\" data-ad-device=\"md\" data-ad-sizes=\"[&quot;fluid&quot;,[300,250],[300,300],[300,600],[320,300]]\" data-ad-lazy=\"false\" data-event-scroll-md=\"\"><\/ins><\/p>\n<p class=\"p\" style=\"text-align: justify;\">\u201cEspa\u00f1a debe mejorar r\u00e1pidamente; su resultado no es brillante precisamente\u201d, indica Josep Puig,uno de los expertos que han asesora a Green<\/p>\n<p class=\"p\" style=\"text-align: justify;\"><b>No est\u00e1n en el camino<\/b><\/p>\n<p class=\"p\" style=\"text-align: justify;\">El informe destaca ninguno de los 56 pa\u00edses est\u00e1 en camino de cumplir la senda para limitar el aumento de temperatura a 2\u00ba C.<\/p>\n<p class=\"p\" style=\"text-align: justify;\">Hay brillantes resultados en algunas categor\u00edas, pero ning\u00fan pa\u00eds se comporta bien en todas las categor\u00edas.<\/p>\n<p class=\"p\" style=\"text-align: justify;\">Despu\u00e9s de tres a\u00f1os consecutivos de estabilizaci\u00f3n, las emisiones de CO2 vuelven a crecer. Y lo peor, es pocos pa\u00edses han empezado a aplicar estrategias para limitar el calentamiento por debajo de los 2\u00ba C.<\/p>\n<p class=\"p\" style=\"text-align: justify;\">Los retrasos en la aplicaci\u00f3n de las soluciones bajas en carbono dif\u00edcilmente pueden ser justificadas. Mientras la cumbre del G20 mostr\u00f3 un fuerte apoyo de 19 pa\u00edses para apoyar el Acuerdo de Par\u00eds, el deseo pol\u00edtico de estos pa\u00edses para establecer la marcos correctos e incentivos para su aplicaci\u00f3n nacional no se ve a\u00fan reflejado en sus hechos, se\u00f1ala Jan Burck, uno delso coautores del estudio.<\/p>\n<figure class=\"story-leaf-body-image\" style=\"text-align: justify;\"><img data-recalc-dims=\"1\" decoding=\"async\" class=\"img-responsive\" src=\"https:\/\/i0.wp.com\/www.lavanguardia.com\/r\/GODO\/LV\/p5\/Tendencias\/2018\/12\/10\/Recortada\/img_smauri_20181202-185844_imagenes_lv_afp_000_rk7jl_4_5_3285534481-kAOG-U453483507610xVG-656x407%40LaVanguardia-Web.jpg?w=640&#038;ssl=1\" alt=\"Inundaciones en Freetown, en Sierra Leona\" \/><figcaption>Inundaciones en Freetown, en Sierra Leona (MOHAMED SAIDU BAH \/ AFP)<\/figcaption><\/figure>\n<p><ins data-ad-type=\"roba\" data-ad-device=\"md\" data-ad-sizes=\"[&quot;fluid&quot;,[300,250],[300,300],[320,300]]\" data-ad-lazy=\"false\" data-event-scroll-md=\"\"><\/ins><\/p>\n<p class=\"p\" style=\"text-align: justify;\"><b>Antes y despu\u00e9s de Par\u00eds<\/b><\/p>\n<p class=\"p\" style=\"text-align: justify;\">\u201cAntes del Acuerdo de Par\u00eds, el mundo iba hacia un calentamiento de 4 \u00f3 5\u00ba C. Ahora todav\u00eda estamos en un camino hacia un incremento de m\u00e1s de 3\u00b0 C, una perspectiva catastr\u00f3fica\u201d, se\u00f1ala.<\/p>\n<p class=\"p\" style=\"text-align: justify;\">El informe concluye que aunque se est\u00e1n avanzando enormemente la competitividad de las energ\u00edas renovables, existe una falta de voluntad pol\u00edtica de la mayor\u00eda gobiernos a la hora de eliminar los combustibles f\u00f3siles a la velocidad requerida.<\/p>\n<p class=\"p\" style=\"text-align: justify;\">Los costos de la electricidad generada por el viento y el sol han ca\u00eddo un tercio desde entonces aproximadamente, por lo que todos los pa\u00edses pueden aumentar su ambici\u00f3n y su ritmo, dice el profesor Niklas H\u00f6ehne, coautor del trabajo.<\/p>\n<p class=\"p\" style=\"text-align: justify;\">En 40 de los 56 pa\u00edses analizados, las emisiones disminuyeron entre el 2011 y el 2016. De todas maneras, las inversiones en combustibles f\u00f3siles e infraestructuras son la otra cara de la moneda.<\/p>\n<p class=\"p\" style=\"text-align: justify;\"><b>China mejora<\/b><\/p>\n<p class=\"p\" style=\"text-align: justify;\">China), por su parte, asciende hasta el puesto 33, con lo que se sit\u00faa en el grupo de pa\u00edses con categor\u00eda media. China vio estabilizadas las emisiones en entre el 2014 y el 2016, pero las emisiones comenzaron a aumentar de nuevo recientemente.<\/p>\n<p class=\"p\" style=\"text-align: justify;\">La alta calificaci\u00f3n general obtenida en la categor\u00eda de pol\u00edticas clim\u00e1tica refleja que gobierno progresa en la regulaci\u00f3n de las emisiones industriales, las emisiones en el sector de la edificaci\u00f3n y est\u00e1 dando un exitoso apoyo a las fuentes renovables.<\/p>\n<p><ins data-ad-type=\"roba\" data-ad-device=\"md\" data-ad-sizes=\"[&quot;fluid&quot;,[300,250],[300,300],[320,300]]\" data-ad-lazy=\"true\" data-event-scroll-md=\"\"><\/ins><\/p>\n<figure class=\"story-leaf-body-image\" style=\"text-align: justify;\"><img data-recalc-dims=\"1\" decoding=\"async\" class=\"img-responsive\" src=\"https:\/\/i0.wp.com\/www.lavanguardia.com\/r\/GODO\/LV\/p5\/Tendencias\/2018\/12\/10\/Recortada\/1033094608_20180914154511454_4_5_1802759708-kAOG-U453483507610LIG-656x437%40LaVanguardia-Web.jpg?w=640&#038;ssl=1\" alt=\"Rescate de una mujer y su perro en septiembre de 2018 tras el paso del hurac\u00e1n Florence en New Bern (Carolina del Norte, EE.UU.), donde cientos de personas fueron evacuadas\" \/><figcaption>Rescate de una mujer y su perro en septiembre de 2018 tras el paso del hurac\u00e1n Florence en New Bern (Carolina del Norte, EE.UU.), donde cientos de personas fueron evacuadas (Chip Somodevilla \/ AFP)<\/figcaption><\/figure>\n<p class=\"p\" style=\"text-align: justify;\"><b>En la parte baja de la lista<\/b><\/p>\n<p class=\"p\" style=\"text-align: justify;\">En el grupo de pa\u00edses con nota muy baja est\u00e1n la mitad del G20: Jap\u00f3n (49), Turqu\u00eda (50), Rusia (52), Canad\u00e1 (54), Australia (55), Corea (57) y, en las \u00faltimas posiciones, EE.UU. (59) y Arabia (60). EE.UU. vuelve a perder varios puestos debido a sus pobres resultados en los indicadores de emisiones, renovables y uso de la energ\u00eda.<\/p>\n<p class=\"p\" style=\"text-align: justify;\">Los examinadores pusieron a la Administraci\u00f3n Trump una nota muy baja en cuanto a las pol\u00edticas clim\u00e1ticas.<\/p>\n<p class=\"p\" style=\"text-align: justify;\">No obstante, detectan se\u00f1ales positivas en la acci\u00f3n clim\u00e1tica de varios de sus estados y ciudades debido a la promesa de los dem\u00f3cratas de promover pol\u00edticas clim\u00e1ticas tras la reci\u00e9n recuperada mayor\u00eda en la C\u00e1mara de Representantes.<\/p>\n<p class=\"p\" style=\"text-align: justify;\">\u00c9sta es la<b> lista completa<\/b>:<\/p>\n<figure class=\"story-leaf-body-image\" style=\"text-align: justify;\"><img data-recalc-dims=\"1\" decoding=\"async\" class=\"img-responsive\" src=\"https:\/\/i0.wp.com\/www.lavanguardia.com\/r\/GODO\/LV\/p5\/Tendencias\/2018\/12\/10\/Recortada\/img_jelcacho_20181210-194812_imagenes_lv_terceros_ranking-k3nB--656x947%40LaVanguardia-Web.jpg?w=640&#038;ssl=1\" alt=\"Ranking de pa\u00edses que se esfuerzan por combatir el cambio clim\u00e1tico\" \/><figcaption>Ranking de pa\u00edses que se esfuerzan por combatir el cambio clim\u00e1tico (Climate Change Performance Index)<\/figcaption><\/figure>\n<p><ins data-ad-type=\"roba\" data-ad-device=\"md\" data-ad-sizes=\"[&quot;fluid&quot;,[300,250],[300,300],[320,300]]\" data-ad-lazy=\"true\" data-event-scroll-md=\"\"><\/ins><\/p>\n<p class=\"p\" style=\"text-align: justify;\"><a class=\"story-leaf-author-link text-uppercase\" href=\"https:\/\/www.lavanguardia.com\/autores\/antonio-cerrillo.html\" rel=\"author\" data-link-name=\"auto tag link\">Antonio Cerrillo, <\/a><\/p>\n<p>FOTO:T\u00e9rmica de carb\u00f3n en Serbia (Darko Vojinovic \/ AP)<\/p>\n<div class=\"col-xs-12 col-md-2 col-md-pull-10 story-leaf-infobox\">\n<div class=\"row story-leaf-author nopadding\"><a href=\"https:\/\/www.lavanguardia.com\/natural\/20181211\/453483507610\/ranking-paises-cambio-climatico.html\">https:\/\/www.lavanguardia.com\/natural\/20181211\/453483507610\/ranking-paises-cambio-climatico.html<\/a><\/div>\n<\/div>\n<p style=\"text-align: justify;\">\n<\/div>\n<\/div>\n","protected":false},"excerpt":{"rendered":"<p>Espa\u00f1a mejora su lugar en el ranking, pero suspende el examen del Acuerdo de Par\u00eds,&#8230;<\/p>\n","protected":false},"author":1,"featured_media":27619,"comment_status":"closed","ping_status":"closed","sticky":false,"template":"","format":"standard","meta":{"_coblocks_attr":"","_coblocks_dimensions":"","_coblocks_responsive_height":"","_coblocks_accordion_ie_support":"","jetpack_post_was_ever_published":false,"_jetpack_newsletter_access":"","_jetpack_dont_email_post_to_subs":false,"_jetpack_newsletter_tier_id":0,"_jetpack_memberships_contains_paywalled_content":false,"_jetpack_memberships_contains_paid_content":false,"footnotes":"","jetpack_publicize_message":"","jetpack_publicize_feature_enabled":true,"jetpack_social_post_already_shared":false,"jetpack_social_options":{"image_generator_settings":{"template":"highway","default_image_id":0,"enabled":false},"version":2}},"categories":[1161,44,15],"tags":[251,5549,99],"class_list":["post-27618","post","type-post","status-publish","format-standard","has-post-thumbnail","hentry","category-ciudadania","category-noticias-de-hoy","category-ultimas-noticias","tag-contaminacion","tag-cumbre-de-katowice","tag-medio-ambiente"],"jetpack_publicize_connections":[],"jetpack_featured_media_url":"https:\/\/i0.wp.com\/miradordeatarfe.es\/wp-content\/uploads\/2018\/12\/20181203084831822_4_5_3313393213-kAOG-U453483507610VqE-992x558%40LaVanguardia-Web.jpg?fit=992%2C558&ssl=1","jetpack_likes_enabled":true,"jetpack_sharing_enabled":true,"_links":{"self":[{"href":"https:\/\/miradordeatarfe.es\/index.php?rest_route=\/wp\/v2\/posts\/27618","targetHints":{"allow":["GET"]}}],"collection":[{"href":"https:\/\/miradordeatarfe.es\/index.php?rest_route=\/wp\/v2\/posts"}],"about":[{"href":"https:\/\/miradordeatarfe.es\/index.php?rest_route=\/wp\/v2\/types\/post"}],"author":[{"embeddable":true,"href":"https:\/\/miradordeatarfe.es\/index.php?rest_route=\/wp\/v2\/users\/1"}],"replies":[{"embeddable":true,"href":"https:\/\/miradordeatarfe.es\/index.php?rest_route=%2Fwp%2Fv2%2Fcomments&post=27618"}],"version-history":[{"count":1,"href":"https:\/\/miradordeatarfe.es\/index.php?rest_route=\/wp\/v2\/posts\/27618\/revisions"}],"predecessor-version":[{"id":27620,"href":"https:\/\/miradordeatarfe.es\/index.php?rest_route=\/wp\/v2\/posts\/27618\/revisions\/27620"}],"wp:featuredmedia":[{"embeddable":true,"href":"https:\/\/miradordeatarfe.es\/index.php?rest_route=\/wp\/v2\/media\/27619"}],"wp:attachment":[{"href":"https:\/\/miradordeatarfe.es\/index.php?rest_route=%2Fwp%2Fv2%2Fmedia&parent=27618"}],"wp:term":[{"taxonomy":"category","embeddable":true,"href":"https:\/\/miradordeatarfe.es\/index.php?rest_route=%2Fwp%2Fv2%2Fcategories&post=27618"},{"taxonomy":"post_tag","embeddable":true,"href":"https:\/\/miradordeatarfe.es\/index.php?rest_route=%2Fwp%2Fv2%2Ftags&post=27618"}],"curies":[{"name":"wp","href":"https:\/\/api.w.org\/{rel}","templated":true}]}}