{"id":27621,"date":"2018-12-13T09:36:40","date_gmt":"2018-12-13T08:36:40","guid":{"rendered":"http:\/\/miradordeatarfe.es\/?p=27621"},"modified":"2018-12-13T10:26:16","modified_gmt":"2018-12-13T09:26:16","slug":"y-dos-huevos-duros-por-jose-maria-izquierdo","status":"publish","type":"post","link":"https:\/\/miradordeatarfe.es\/?p=27621","title":{"rendered":"\u00abY dos huevos duros\u00bb por Jose Maria Izquierdo"},"content":{"rendered":"<p style=\"text-align: justify;\">El pulqu\u00e9rrimo Macron, al que la colonia cara se le huele a kil\u00f3metros, ha decidido que mejor ceder ante la plebe, gentes hirsutas y groseras, que abandonar el trono del El\u00edseo<!--more--><\/p>\n<div class=\"cnt-body\">\n<div id=\"cuerpo_noticia_r\" class=\"cuerpo\">\n<p style=\"text-align: justify;\">\u00a1Qu\u00e9 extraviados andan nuestros gobernantes, aqu\u00ed y all\u00e1, perdido el norte de la responsabilidad y ayunos de ideolog\u00eda o, cuando menos, s\u00f3lidos principios! El pulqu\u00e9rrimo <strong>Macron<\/strong>, al que la colonia cara se le huele a kil\u00f3metros, ha decidido que mejor ceder ante la plebe, gentes hirsutas y groseras, que abandonar el trono del El\u00edseo, que no ha traicionado uno a tanto compa\u00f1ero para ahora regalar el poder. As\u00ed que <strong>fuera subida del gas\u00f3leo, aumento del salario m\u00ednimo, horas extras exentas de impuestos y una prima de fin de a\u00f1o<\/strong> \u2013qu\u00e9 gracioso, Macron ha resucitado el aguinaldo, como en la Espa\u00f1a franquista- que obligar\u00e1 a los empresarios a rascarse el bolsillo. \u00bfY dos huevos duros? Pues dos huevos duros.<\/p>\n<p style=\"text-align: justify;\"><strong>\u00bfEra necesario entonces que los descamisados con chaleco reflectante pusieran el pa\u00eds patas arriba?<\/strong> \u00bfPor qu\u00e9 no arbitrar todas esas medidas de motu propio, si era de justicia hacerlas? \u00bfO a tan importante se\u00f1or le han temblado las canillas y ha cedido en lo que no deb\u00eda? \u00bfGeneroso o cobarde? Conviene, por cierto, tomar nota de que el salario m\u00ednimo franc\u00e9s se va a poner casi en 1.600 euros brutos. Aqu\u00ed, ya lo saben, <a title=\"Salario m\u00ednimo\" href=\"http:\/\/cadenaser.com\/tag\/smi_salario_minimo_interprofesional\/a\/\"><strong>esta derecha cerril que soportamos, la pol\u00edtica y la empresarial, puso el grito en el cielo por la subida a 900 euros<\/strong><\/a>. Una medida populista y trasnochada, dijeron los pimpollos Casado y Rivera, tan macronianos.<\/p>\n<p>&nbsp;<\/p>\n<\/div>\n<\/div>\n","protected":false},"excerpt":{"rendered":"<p>El pulqu\u00e9rrimo Macron, al que la colonia cara se le huele a kil\u00f3metros, ha decidido&#8230;<\/p>\n","protected":false},"author":1,"featured_media":27622,"comment_status":"closed","ping_status":"closed","sticky":false,"template":"","format":"standard","meta":{"_coblocks_attr":"","_coblocks_dimensions":"","_coblocks_responsive_height":"","_coblocks_accordion_ie_support":"","jetpack_post_was_ever_published":false,"_jetpack_newsletter_access":"","_jetpack_dont_email_post_to_subs":false,"_jetpack_newsletter_tier_id":0,"_jetpack_memberships_contains_paywalled_content":false,"_jetpack_memberships_contains_paid_content":false,"footnotes":"","jetpack_publicize_message":"","jetpack_publicize_feature_enabled":true,"jetpack_social_post_already_shared":false,"jetpack_social_options":{"image_generator_settings":{"template":"highway","default_image_id":0,"enabled":false},"version":2}},"categories":[1161],"tags":[725,42],"class_list":["post-27621","post","type-post","status-publish","format-standard","has-post-thumbnail","hentry","category-ciudadania","tag-espana","tag-politica"],"jetpack_publicize_connections":[],"jetpack_featured_media_url":"https:\/\/i0.wp.com\/miradordeatarfe.es\/wp-content\/uploads\/2018\/12\/jose.jpg?fit=770%2C449&ssl=1","jetpack_likes_enabled":true,"jetpack_sharing_enabled":true,"_links":{"self":[{"href":"https:\/\/miradordeatarfe.es\/index.php?rest_route=\/wp\/v2\/posts\/27621","targetHints":{"allow":["GET"]}}],"collection":[{"href":"https:\/\/miradordeatarfe.es\/index.php?rest_route=\/wp\/v2\/posts"}],"about":[{"href":"https:\/\/miradordeatarfe.es\/index.php?rest_route=\/wp\/v2\/types\/post"}],"author":[{"embeddable":true,"href":"https:\/\/miradordeatarfe.es\/index.php?rest_route=\/wp\/v2\/users\/1"}],"replies":[{"embeddable":true,"href":"https:\/\/miradordeatarfe.es\/index.php?rest_route=%2Fwp%2Fv2%2Fcomments&post=27621"}],"version-history":[{"count":1,"href":"https:\/\/miradordeatarfe.es\/index.php?rest_route=\/wp\/v2\/posts\/27621\/revisions"}],"predecessor-version":[{"id":27623,"href":"https:\/\/miradordeatarfe.es\/index.php?rest_route=\/wp\/v2\/posts\/27621\/revisions\/27623"}],"wp:featuredmedia":[{"embeddable":true,"href":"https:\/\/miradordeatarfe.es\/index.php?rest_route=\/wp\/v2\/media\/27622"}],"wp:attachment":[{"href":"https:\/\/miradordeatarfe.es\/index.php?rest_route=%2Fwp%2Fv2%2Fmedia&parent=27621"}],"wp:term":[{"taxonomy":"category","embeddable":true,"href":"https:\/\/miradordeatarfe.es\/index.php?rest_route=%2Fwp%2Fv2%2Fcategories&post=27621"},{"taxonomy":"post_tag","embeddable":true,"href":"https:\/\/miradordeatarfe.es\/index.php?rest_route=%2Fwp%2Fv2%2Ftags&post=27621"}],"curies":[{"name":"wp","href":"https:\/\/api.w.org\/{rel}","templated":true}]}}