{"id":27624,"date":"2018-12-13T10:44:36","date_gmt":"2018-12-13T09:44:36","guid":{"rendered":"http:\/\/miradordeatarfe.es\/?p=27624"},"modified":"2018-12-13T10:45:14","modified_gmt":"2018-12-13T09:45:14","slug":"27624","status":"publish","type":"post","link":"https:\/\/miradordeatarfe.es\/?p=27624","title":{"rendered":"JORNADAS SOBRE VOLUNTARIADO DE GRANADA"},"content":{"rendered":"<div id=\"js_s\" class=\"_5pbx userContent _3576\" data-ad-preview=\"message\" data-ft=\"{&quot;tn&quot;:&quot;K&quot;}\">\n<p>En el D\u00eda Internacional del Voluntariado, que se celebr\u00f3 el pasado 5 de diciembre, quedamos gratamente sorprendidos por la respuesta de los distintos colectivos solidarios de Atarfe que generosamente regalan su tiempo, sus conocimientos y su compromiso a los dem\u00e1s, a los que m\u00e1s lo necesitan en la mayor\u00eda de los casos.<!--more--><\/p>\n<p>Como sabemos que su trabajo despierta cada vez m\u00e1s inter\u00e9s, os informamos que el pr\u00f3ximo s\u00e1bado se celebra en Granada, en el centro c\u00edvico del Zaid\u00edn, un encuentro del voluntariado que organiza la plataforma de Granada, que servir\u00e1 para analizar la situaci\u00f3n del movimiento solidario e intercambiar ideas. En la imagen dispon\u00e9is de direcci\u00f3n de contacto y del programa por si est\u00e1is interesados. Tambi\u00e9n incluimos un enlace por si quer\u00e9is inscribiros. Es el siguiente: <a href=\"https:\/\/l.facebook.com\/l.php?u=https%3A%2F%2Fbit.ly%2F2BcoHC8%3Ffbclid%3DIwAR2iPNvDQ8Wjhr7rm2p0Ks31ccDaHJ1zU03hBbjokAAdbOzNwoHCdLjpu24&amp;h=AT2ZV9GKZFxl4PDEKaz0ta1x7QZseQ8KLgEj8oPDPpsmhCqAZPGZGJbtzzqalAS9Xcp6Jtathb6YgooeDaLrI47lffcpoFuYbpV_WXtkaUBdJDdP4VYO2OZNUNthgMuMqQ4opvE5XpRKXViHEwOaZRk-wwyeHy0XoGGUPjlVqfYHkBvFZ_FEhnrtc1-l9rPS6DPHIBvE-6lwO7z9zCmYvjk0rG6ZRxifR6lNaIUjlyungWsOX97QlVP3V5BlHGqBfuOQ_zkR65XNs1rmoKxVFwTMlkVdN2ikT0bOWF0KLzgn9EjhaqNiTaV9z9tYHJamsUriPlcqt_ZzbKAwWt1vK3u9kuQLTG-JBUhNLFcD5GEnrrx1yXF5Hln_XP2Uync6AZNbKxNqUGfSaY1Y1iFnqFChjDmyEHlUuOPp2RGrLnN0EwtMaodcto3pj381j8-OWkBZ76RpX4CD9FWWt0d63IJfn507KP_9QgpsjlnzdTyX_NvssEu4K7-13jE0q_CTmtDEfUjx8pnT6-wMjpMFPSNULvt7b3VZGEhdCLb9rfU_lW4rmoCF1zfKfmfKg15oK0EKh2y6DgfMBreEf9CGqfD4t-fhZWeqijgyYKdnTWJCos1fXhhuS61F6m_0zvHO9Rc\" target=\"_blank\" rel=\"noopener nofollow\" data-ft=\"{&quot;tn&quot;:&quot;-U&quot;}\" data-lynx-mode=\"async\">http:\/\/bit.ly\/2BcoHC8<\/a><\/p>\n<\/div>\n<p><a href=\"https:\/\/i0.wp.com\/miradordeatarfe.es\/wp-content\/uploads\/2018\/12\/48084332_2084806351583224_6176815269806080000_n.jpg?ssl=1\"><img data-recalc-dims=\"1\" loading=\"lazy\" decoding=\"async\" class=\"alignnone size-full wp-image-27625\" src=\"https:\/\/i0.wp.com\/miradordeatarfe.es\/wp-content\/uploads\/2018\/12\/48084332_2084806351583224_6176815269806080000_n.jpg?resize=640%2C868&#038;ssl=1\" alt=\"\" width=\"640\" height=\"868\" srcset=\"https:\/\/i0.wp.com\/miradordeatarfe.es\/wp-content\/uploads\/2018\/12\/48084332_2084806351583224_6176815269806080000_n.jpg?w=708&amp;ssl=1 708w, https:\/\/i0.wp.com\/miradordeatarfe.es\/wp-content\/uploads\/2018\/12\/48084332_2084806351583224_6176815269806080000_n.jpg?resize=221%2C300&amp;ssl=1 221w, https:\/\/i0.wp.com\/miradordeatarfe.es\/wp-content\/uploads\/2018\/12\/48084332_2084806351583224_6176815269806080000_n.jpg?resize=600%2C814&amp;ssl=1 600w\" sizes=\"auto, (max-width: 640px) 100vw, 640px\" \/><\/a><a href=\"https:\/\/i0.wp.com\/miradordeatarfe.es\/wp-content\/uploads\/2018\/12\/48168154_2084806474916545_1313578458575536128_n.jpg?ssl=1\"><img data-recalc-dims=\"1\" loading=\"lazy\" decoding=\"async\" class=\"alignnone size-full wp-image-27626\" src=\"https:\/\/i0.wp.com\/miradordeatarfe.es\/wp-content\/uploads\/2018\/12\/48168154_2084806474916545_1313578458575536128_n.jpg?resize=640%2C856&#038;ssl=1\" alt=\"\" width=\"640\" height=\"856\" srcset=\"https:\/\/i0.wp.com\/miradordeatarfe.es\/wp-content\/uploads\/2018\/12\/48168154_2084806474916545_1313578458575536128_n.jpg?w=718&amp;ssl=1 718w, https:\/\/i0.wp.com\/miradordeatarfe.es\/wp-content\/uploads\/2018\/12\/48168154_2084806474916545_1313578458575536128_n.jpg?resize=224%2C300&amp;ssl=1 224w, https:\/\/i0.wp.com\/miradordeatarfe.es\/wp-content\/uploads\/2018\/12\/48168154_2084806474916545_1313578458575536128_n.jpg?resize=600%2C802&amp;ssl=1 600w\" sizes=\"auto, (max-width: 640px) 100vw, 640px\" \/><\/a><\/p>\n<div class=\"_3x-2\" data-ft=\"{&quot;tn&quot;:&quot;H&quot;}\">\n<div data-ft=\"{&quot;tn&quot;:&quot;H&quot;}\">\n<div class=\"mtm\">\n<div class=\"_2a2q _65sr\">\n<div class=\"uiScaledImageContainer\"><\/div>\n<div class=\"uiScaledImageContainer\"><\/div>\n<div class=\"uiScaledImageContainer\"><\/div>\n<\/div>\n<\/div>\n<\/div>\n<\/div>\n","protected":false},"excerpt":{"rendered":"<p>En el D\u00eda Internacional del Voluntariado, que se celebr\u00f3 el pasado 5 de diciembre, quedamos&#8230;<\/p>\n","protected":false},"author":1,"featured_media":27627,"comment_status":"closed","ping_status":"closed","sticky":false,"template":"","format":"standard","meta":{"_coblocks_attr":"","_coblocks_dimensions":"","_coblocks_responsive_height":"","_coblocks_accordion_ie_support":"","jetpack_post_was_ever_published":false,"_jetpack_newsletter_access":"","_jetpack_dont_email_post_to_subs":false,"_jetpack_newsletter_tier_id":0,"_jetpack_memberships_contains_paywalled_content":false,"_jetpack_memberships_contains_paid_content":false,"footnotes":"","jetpack_publicize_message":"","jetpack_publicize_feature_enabled":true,"jetpack_social_post_already_shared":false,"jetpack_social_options":{"image_generator_settings":{"template":"highway","default_image_id":0,"enabled":false},"version":2}},"categories":[2,1161,9,44,15],"tags":[81,129,1751],"class_list":["post-27624","post","type-post","status-publish","format-standard","has-post-thumbnail","hentry","category-atarfe","category-ciudadania","category-medio-ambiente","category-noticias-de-hoy","category-ultimas-noticias","tag-atarfe","tag-granada","tag-voluntariado"],"jetpack_publicize_connections":[],"jetpack_featured_media_url":"https:\/\/i0.wp.com\/miradordeatarfe.es\/wp-content\/uploads\/2018\/12\/48045698_2084814841582375_3169431095577935872_n.jpg?fit=960%2C720&ssl=1","jetpack_likes_enabled":true,"jetpack_sharing_enabled":true,"_links":{"self":[{"href":"https:\/\/miradordeatarfe.es\/index.php?rest_route=\/wp\/v2\/posts\/27624","targetHints":{"allow":["GET"]}}],"collection":[{"href":"https:\/\/miradordeatarfe.es\/index.php?rest_route=\/wp\/v2\/posts"}],"about":[{"href":"https:\/\/miradordeatarfe.es\/index.php?rest_route=\/wp\/v2\/types\/post"}],"author":[{"embeddable":true,"href":"https:\/\/miradordeatarfe.es\/index.php?rest_route=\/wp\/v2\/users\/1"}],"replies":[{"embeddable":true,"href":"https:\/\/miradordeatarfe.es\/index.php?rest_route=%2Fwp%2Fv2%2Fcomments&post=27624"}],"version-history":[{"count":2,"href":"https:\/\/miradordeatarfe.es\/index.php?rest_route=\/wp\/v2\/posts\/27624\/revisions"}],"predecessor-version":[{"id":27629,"href":"https:\/\/miradordeatarfe.es\/index.php?rest_route=\/wp\/v2\/posts\/27624\/revisions\/27629"}],"wp:featuredmedia":[{"embeddable":true,"href":"https:\/\/miradordeatarfe.es\/index.php?rest_route=\/wp\/v2\/media\/27627"}],"wp:attachment":[{"href":"https:\/\/miradordeatarfe.es\/index.php?rest_route=%2Fwp%2Fv2%2Fmedia&parent=27624"}],"wp:term":[{"taxonomy":"category","embeddable":true,"href":"https:\/\/miradordeatarfe.es\/index.php?rest_route=%2Fwp%2Fv2%2Fcategories&post=27624"},{"taxonomy":"post_tag","embeddable":true,"href":"https:\/\/miradordeatarfe.es\/index.php?rest_route=%2Fwp%2Fv2%2Ftags&post=27624"}],"curies":[{"name":"wp","href":"https:\/\/api.w.org\/{rel}","templated":true}]}}