{"id":27630,"date":"2018-12-14T11:20:04","date_gmt":"2018-12-14T10:20:04","guid":{"rendered":"http:\/\/miradordeatarfe.es\/?p=27630"},"modified":"2018-12-13T10:59:09","modified_gmt":"2018-12-13T09:59:09","slug":"atarfe-actividades-de-la-biblioteca-en-navidad","status":"publish","type":"post","link":"https:\/\/miradordeatarfe.es\/?p=27630","title":{"rendered":"ATARFE: ACTIVIDADES DE LA BIBLIOTECA EN NAVIDAD"},"content":{"rendered":"<p><span id=\"fbPhotoSnowliftCaption\" class=\"fbPhotosPhotoCaption\" tabindex=\"0\" aria-live=\"polite\" data-ft=\"{&quot;tn&quot;:&quot;K&quot;}\"><span class=\"hasCaption\">La <a href=\"https:\/\/www.facebook.com\/Biblioteca-de-Atarfe-1723594301262611\/?__xts__%5B0%5D=68.ARDIoBlNwmLzENgNlQgDk6ZdHZVoeFUfDSFUm0iJwddJZ1Bo5taR6efi6Bk-uRvjcipLdsGvYXQmOK9DLyS3MBby1nNZp7DcNm5veaqXY9O1vUunN96eq71266se12WibWaVmXOUJaGvYIf_MbxVMubKb04PHcxNHZm9_FnQolHnQo-pHBZK4wj3IShCgRsVNj_dEr5NQtwIJYsXuILDnCsDiRgSAdpvVguzS-k_HdhVCQ1MN-aHM3uQXlALAzrNWazV0LeWIS_X5hLLFh0rlojOfh8HbbOisaWvHmWMeETRpo-nabrjNiZ1M-4TrpMYGxXnr5_5eg6wmbUax__3asUr8g&amp;__tn__=%2CdK%2AF-R&amp;eid=ARDd981cVbwhmwyvGYAv-soqhQWOAB-I0tzJuIRo2LiD44TpCclil03ldl_gP84aA-pM2bCFKRheew8G\" data-hovercard=\"\/ajax\/hovercard\/page.php?id=1723594301262611&amp;extragetparams=%7B%22__tn__%22%3A%22%2CdK%2AF-R%22%2C%22eid%22%3A%22ARDd981cVbwhmwyvGYAv-soqhQWOAB-I0tzJuIRo2LiD44TpCclil03ldl_gP84aA-pM2bCFKRheew8G%22%2C%22directed_target_id%22%3Anull%2C%22groups_location%22%3Anull%7D\" data-hovercard-prefer-more-content-show=\"1\">Biblioteca de Atarfe<\/a> nos ha adelantado su programaci\u00f3n para estas entra\u00f1ables fechas y retoma su campa\u00f1a &#8216;Libros por alimentos&#8217;.<\/span><\/span><!--more--><\/p>\n<p><span id=\"fbPhotoSnowliftCaption\" class=\"fbPhotosPhotoCaption\" tabindex=\"0\" aria-live=\"polite\" data-ft=\"{&quot;tn&quot;:&quot;K&quot;}\"><span class=\"hasCaption\"> Las bibliotecas, en tanto que puertas de acceso a los conocimientos y a la cultura, desempe\u00f1an un funci\u00f3n fundamental en la sociedad. Los recursos y los servicios que ofrecen dan la oportunidad de aprender, sirven como apoyo a la alfabetizaci\u00f3n y a la educaci\u00f3n, y ayudan a dar forma a las nuevas ideas y perspectivas que son vitales dentro de una sociedad creativa e innovadora. <\/span><\/span><\/p>\n<p><span id=\"fbPhotoSnowliftCaption\" class=\"fbPhotosPhotoCaption\" tabindex=\"0\" aria-live=\"polite\" data-ft=\"{&quot;tn&quot;:&quot;K&quot;}\"><span class=\"hasCaption\">Asimismo, garantizan la existencia de un registro aut\u00e9ntico de los conocimientos creados y acumulados por las generaciones pasadas. Si no existieran las bibliotecas, ser\u00eda dif\u00edcil avanzar en la investigaci\u00f3n y los conocimientos humanos y preservar los conocimientos acumulados y el patrimonio cultural para las generaciones futuras.donde un a\u00f1o m\u00e1s animan a sus usuarios a ser solidarios con los que menos tienen.<\/span><\/span><\/p>\n<p><span id=\"fbPhotoSnowliftCaption\" class=\"fbPhotosPhotoCaption\" tabindex=\"0\" aria-live=\"polite\" data-ft=\"{&quot;tn&quot;:&quot;K&quot;}\"><span class=\"hasCaption\">LA BILIOTECA DE ATARFEMARIANA PINEDA ha organizado una serie de actividades : taller de yoga, cuentacuentos, taller de marionetas, las Gobbitas\u00a0 etc. para que nuestros peque\u00f1os y matores puedan disfrutar y aprender divirtiendose.<\/span><\/span><\/p>\n<p><span id=\"fbPhotoSnowliftCaption\" class=\"fbPhotosPhotoCaption\" tabindex=\"0\" aria-live=\"polite\" data-ft=\"{&quot;tn&quot;:&quot;K&quot;}\"><span class=\"hasCaption\"> Adem\u00e1s todos aquellos usuarios que tengan alguna sanci\u00f3n por atraso en las devoluciones de material o que, por otras circunstancias, no hayan devuelto los libros, tienen la ocasi\u00f3n de subsanar el problema. La sanci\u00f3n queda autom\u00e1ticamente eliminada a cambio de un kilo de alimentos. \u00a1Corre la vo! <\/span><\/span><\/p>\n<p><a href=\"https:\/\/i0.wp.com\/miradordeatarfe.es\/wp-content\/uploads\/2018\/12\/47686938_2084229508307575_4090425487187247104_n.jpg?ssl=1\"><img data-recalc-dims=\"1\" loading=\"lazy\" decoding=\"async\" class=\"size-full wp-image-27631 aligncenter\" src=\"https:\/\/i0.wp.com\/miradordeatarfe.es\/wp-content\/uploads\/2018\/12\/47686938_2084229508307575_4090425487187247104_n.jpg?resize=640%2C927&#038;ssl=1\" alt=\"\" width=\"640\" height=\"927\" srcset=\"https:\/\/i0.wp.com\/miradordeatarfe.es\/wp-content\/uploads\/2018\/12\/47686938_2084229508307575_4090425487187247104_n.jpg?w=663&amp;ssl=1 663w, https:\/\/i0.wp.com\/miradordeatarfe.es\/wp-content\/uploads\/2018\/12\/47686938_2084229508307575_4090425487187247104_n.jpg?resize=207%2C300&amp;ssl=1 207w, https:\/\/i0.wp.com\/miradordeatarfe.es\/wp-content\/uploads\/2018\/12\/47686938_2084229508307575_4090425487187247104_n.jpg?resize=600%2C869&amp;ssl=1 600w\" sizes=\"auto, (max-width: 640px) 100vw, 640px\" \/><\/a><\/p>\n","protected":false},"excerpt":{"rendered":"<p>La Biblioteca de Atarfe nos ha adelantado su programaci\u00f3n para estas entra\u00f1ables fechas y retoma&#8230;<\/p>\n","protected":false},"author":1,"featured_media":27636,"comment_status":"closed","ping_status":"closed","sticky":false,"template":"","format":"standard","meta":{"_coblocks_attr":"","_coblocks_dimensions":"","_coblocks_responsive_height":"","_coblocks_accordion_ie_support":"","jetpack_post_was_ever_published":false,"_jetpack_newsletter_access":"","_jetpack_dont_email_post_to_subs":false,"_jetpack_newsletter_tier_id":0,"_jetpack_memberships_contains_paywalled_content":false,"_jetpack_memberships_contains_paid_content":false,"footnotes":"","jetpack_publicize_message":"","jetpack_publicize_feature_enabled":true,"jetpack_social_post_already_shared":false,"jetpack_social_options":{"image_generator_settings":{"template":"highway","default_image_id":0,"enabled":false},"version":2}},"categories":[2,12,186,44,15],"tags":[5550,81,1113],"class_list":["post-27630","post","type-post","status-publish","format-standard","has-post-thumbnail","hentry","category-atarfe","category-cultura","category-instituciones","category-noticias-de-hoy","category-ultimas-noticias","tag-actividades-navidad","tag-atarfe","tag-biblioteca"],"jetpack_publicize_connections":[],"jetpack_featured_media_url":"https:\/\/i0.wp.com\/miradordeatarfe.es\/wp-content\/uploads\/2018\/12\/%C3%ADndice.jpg?fit=268%2C188&ssl=1","jetpack_likes_enabled":true,"jetpack_sharing_enabled":true,"_links":{"self":[{"href":"https:\/\/miradordeatarfe.es\/index.php?rest_route=\/wp\/v2\/posts\/27630","targetHints":{"allow":["GET"]}}],"collection":[{"href":"https:\/\/miradordeatarfe.es\/index.php?rest_route=\/wp\/v2\/posts"}],"about":[{"href":"https:\/\/miradordeatarfe.es\/index.php?rest_route=\/wp\/v2\/types\/post"}],"author":[{"embeddable":true,"href":"https:\/\/miradordeatarfe.es\/index.php?rest_route=\/wp\/v2\/users\/1"}],"replies":[{"embeddable":true,"href":"https:\/\/miradordeatarfe.es\/index.php?rest_route=%2Fwp%2Fv2%2Fcomments&post=27630"}],"version-history":[{"count":4,"href":"https:\/\/miradordeatarfe.es\/index.php?rest_route=\/wp\/v2\/posts\/27630\/revisions"}],"predecessor-version":[{"id":27638,"href":"https:\/\/miradordeatarfe.es\/index.php?rest_route=\/wp\/v2\/posts\/27630\/revisions\/27638"}],"wp:featuredmedia":[{"embeddable":true,"href":"https:\/\/miradordeatarfe.es\/index.php?rest_route=\/wp\/v2\/media\/27636"}],"wp:attachment":[{"href":"https:\/\/miradordeatarfe.es\/index.php?rest_route=%2Fwp%2Fv2%2Fmedia&parent=27630"}],"wp:term":[{"taxonomy":"category","embeddable":true,"href":"https:\/\/miradordeatarfe.es\/index.php?rest_route=%2Fwp%2Fv2%2Fcategories&post=27630"},{"taxonomy":"post_tag","embeddable":true,"href":"https:\/\/miradordeatarfe.es\/index.php?rest_route=%2Fwp%2Fv2%2Ftags&post=27630"}],"curies":[{"name":"wp","href":"https:\/\/api.w.org\/{rel}","templated":true}]}}