{"id":27633,"date":"2018-12-16T09:00:01","date_gmt":"2018-12-16T08:00:01","guid":{"rendered":"http:\/\/miradordeatarfe.es\/?p=27633"},"modified":"2018-12-14T18:58:22","modified_gmt":"2018-12-14T17:58:22","slug":"27633","status":"publish","type":"post","link":"https:\/\/miradordeatarfe.es\/?p=27633","title":{"rendered":"El papel de las bibliotecas en la era de la informaci\u00f3n"},"content":{"rendered":"<p style=\"text-align: justify;\">Los investigadores Enrique Herrera-Viedma y Javier L\u00f3pez-Gij\u00f3n de la Universidad de Granada acaban de publicar una carta<sup>1<\/sup> en la prestigiosa revista cient\u00edfica Science en la que analizan la <strong>funci\u00f3n social que cumplen hoy las bibliotecas<\/strong> p\u00fablicas. <!--more--><\/p>\n<p style=\"text-align: justify;\">El New York Times ha formulado recientemente esta pregunta: \u00bfTodav\u00eda necesitamos bibliotecas? Las respuesta de los autores de la carta es clara: S\u00ed, aunque el servicio y la orientaci\u00f3n han de cambiar para adaptarse a los nuevos tiempos.<\/p>\n<p style=\"text-align: justify;\">Es evidente que con la generalizaci\u00f3n del uso de internet y de buscadores tan potentes como Google el papel de las bibliotecas como exclusivo reservorio y dispensador de conocimiento se ha visto completamente mermado. Sin embargo muchas bibliotecas han evolucionado ofreciendo nuevos e insustituibles servicios de gran valor para la sociedad. <strong>Seg\u00fan los autores las bibliotecas son espacios para leer, aprender, pensar y lugares donde la gente puede compartir experiencias de conocimiento<\/strong>. La gente podr\u00eda ir a la biblioteca a consultar libros, usar internet, a ver un documental o escuchar un disco. Puede ir all\u00ed a aprender c\u00f3mo abrir una cuenta del banco, tomar distintas clases, escuchar conferencias, todo ello en contacto con otros usuarios. En pa\u00edses como Estados Unidos, Holanda o Inglaterra, algunas bibliotecas se est\u00e1n adaptando a estos cambios.<\/p>\n<p style=\"text-align: justify;\"><strong>En Espa\u00f1a, al igual que todo lo p\u00fablico, las bibliotecas se est\u00e1n viendo atacadas<\/strong>. No solo a trav\u00e9s de recortes, falta de inter\u00e9s de la administraci\u00f3n o abandono, sino directamente por la amenaza de cierre definitivo. Este fue el caso de la biblioteca del barrio Zaid\u00edn de Granada cerrada recientemente por las autoridades. Los vecinos se levantaron contra este abuso y desconsideraci\u00f3n por parte de la administraci\u00f3n y finalmente han conseguido su reapertura. Evidentemente, para los vecinos la biblioteca era mucho m\u00e1s que un almac\u00e9n de libros.<\/p>\n<p style=\"text-align: justify;\">A m\u00ed personalmente me consta c\u00f3mo algunas excelentes bibliotecas p\u00fablicas est\u00e1n sufriendo <strong>duros ataques articulados mediante lo que se conoce como \u00abmobbing\u00bb hacia sus gestores<\/strong> a trav\u00e9s de todo tipo de reasignaciones de tareas sin sentido, sobrecargas de trabajo innecesarias o mal orientadas, falta de reconocimiento de la labor o directamente falta de respeto o desprecio. Todo esto adem\u00e1s de los enormes recortes de presupuesto. En estos momentos de crisis, desde Global\u00edzate queremos solidarizarnos con el colectivo de bibliotecarios espa\u00f1oles. Su padecimiento actual puede no ser tan visible como el del sector de la sanidad p\u00fablica, pero su funci\u00f3n social es de una importancia vital si aspiramos a una sociedad que no se base solamente en el <strong>ladrillo y en el modelo Eurovegas<\/strong>.<\/p>\n<p style=\"text-align: justify;\"><strong>El ataque a los espacios p\u00fablicos con valor social a\u00f1adido<\/strong> es una constante en todos los lugares en los que las doctrinas neoliberales se est\u00e1n implantando sin freno. Todo aquello que no est\u00e9 orientado a generar un bien monetario privado no es computable, supone una amenaza y se tacha de despilfarro. Hace poco tambi\u00e9n escrib\u00ed un art\u00edculo<sup>2<\/sup> sobre el inmenso valor social de las colecciones de animales de los museos de ciencia (tambi\u00e9n bajo amenaza). Un ejemplo m\u00e1s de c\u00f3mo peque\u00f1os espacios p\u00fablicos que suponen inversiones realmente peque\u00f1as nos ayudan a vivir en un mundo mejor para todos, no solo unos pocos.<\/p>\n<p style=\"text-align: justify;\"><a><b>Louis Lasalle para Global\u00edzate<\/b>,<br \/>\n<\/a><\/p>\n<p style=\"text-align: justify;\"><strong>Referencias<\/strong><\/p>\n<p style=\"text-align: justify;\">1 Herrera-Viedma, E., L\u00f3pez-Gij\u00f3n, J., 2013. Libraries&#8217; Social Role in the Information Age. Science 339, 1382.<\/p>\n<p style=\"text-align: justify;\"><a href=\"https:\/\/admin.globalizate.icandriveatractor.com\/\">http:\/\/www.sciencemag.org\/content\/339\/6126\/1382.1.full?sid=6bcb6d2b-7aca-44ad-b512-e09a89af463b<\/a><\/p>\n<p style=\"text-align: justify;\">2\u00a0 Lasalle. L. 2013 Lo peque\u00f1o es hermoso&#8230; y tambi\u00e9n \u00fatil. Global\u00edzate<\/p>\n<p style=\"text-align: justify;\"><a href=\"https:\/\/admin.globalizate.icandriveatractor.com\/\">http:\/\/www.globalizate.org\/getArticle?authors=Louis+Lasalle&amp;date=2013-01-25&amp;title=Lo+pequeno+es+hermoso%85+y+tambien+util<\/a><\/p>\n","protected":false},"excerpt":{"rendered":"<p>Los investigadores Enrique Herrera-Viedma y Javier L\u00f3pez-Gij\u00f3n de la Universidad de Granada acaban de publicar&#8230;<\/p>\n","protected":false},"author":1,"featured_media":27640,"comment_status":"closed","ping_status":"closed","sticky":false,"template":"","format":"standard","meta":{"_coblocks_attr":"","_coblocks_dimensions":"","_coblocks_responsive_height":"","_coblocks_accordion_ie_support":"","jetpack_post_was_ever_published":false,"_jetpack_newsletter_access":"","_jetpack_dont_email_post_to_subs":false,"_jetpack_newsletter_tier_id":0,"_jetpack_memberships_contains_paywalled_content":false,"_jetpack_memberships_contains_paid_content":false,"footnotes":"","jetpack_publicize_message":"","jetpack_publicize_feature_enabled":true,"jetpack_social_post_already_shared":false,"jetpack_social_options":{"image_generator_settings":{"template":"highway","default_image_id":0,"enabled":false},"version":2}},"categories":[12,1161,186,9,44,15],"tags":[5551,5552],"class_list":["post-27633","post","type-post","status-publish","format-standard","has-post-thumbnail","hentry","category-cultura","category-ciudadania","category-instituciones","category-medio-ambiente","category-noticias-de-hoy","category-ultimas-noticias","tag-bibliotecas","tag-medios-tecnologicos"],"jetpack_publicize_connections":[],"jetpack_featured_media_url":"https:\/\/i0.wp.com\/miradordeatarfe.es\/wp-content\/uploads\/2018\/12\/biblioteca.jpg_1306973099.jpg?fit=660%2C365&ssl=1","jetpack_likes_enabled":true,"jetpack_sharing_enabled":true,"_links":{"self":[{"href":"https:\/\/miradordeatarfe.es\/index.php?rest_route=\/wp\/v2\/posts\/27633","targetHints":{"allow":["GET"]}}],"collection":[{"href":"https:\/\/miradordeatarfe.es\/index.php?rest_route=\/wp\/v2\/posts"}],"about":[{"href":"https:\/\/miradordeatarfe.es\/index.php?rest_route=\/wp\/v2\/types\/post"}],"author":[{"embeddable":true,"href":"https:\/\/miradordeatarfe.es\/index.php?rest_route=\/wp\/v2\/users\/1"}],"replies":[{"embeddable":true,"href":"https:\/\/miradordeatarfe.es\/index.php?rest_route=%2Fwp%2Fv2%2Fcomments&post=27633"}],"version-history":[{"count":3,"href":"https:\/\/miradordeatarfe.es\/index.php?rest_route=\/wp\/v2\/posts\/27633\/revisions"}],"predecessor-version":[{"id":27641,"href":"https:\/\/miradordeatarfe.es\/index.php?rest_route=\/wp\/v2\/posts\/27633\/revisions\/27641"}],"wp:featuredmedia":[{"embeddable":true,"href":"https:\/\/miradordeatarfe.es\/index.php?rest_route=\/wp\/v2\/media\/27640"}],"wp:attachment":[{"href":"https:\/\/miradordeatarfe.es\/index.php?rest_route=%2Fwp%2Fv2%2Fmedia&parent=27633"}],"wp:term":[{"taxonomy":"category","embeddable":true,"href":"https:\/\/miradordeatarfe.es\/index.php?rest_route=%2Fwp%2Fv2%2Fcategories&post=27633"},{"taxonomy":"post_tag","embeddable":true,"href":"https:\/\/miradordeatarfe.es\/index.php?rest_route=%2Fwp%2Fv2%2Ftags&post=27633"}],"curies":[{"name":"wp","href":"https:\/\/api.w.org\/{rel}","templated":true}]}}