{"id":27642,"date":"2018-12-13T11:12:32","date_gmt":"2018-12-13T10:12:32","guid":{"rendered":"http:\/\/miradordeatarfe.es\/?p=27642"},"modified":"2018-12-13T11:12:32","modified_gmt":"2018-12-13T10:12:32","slug":"atarfe-hoy-zambomba-flamenca","status":"publish","type":"post","link":"https:\/\/miradordeatarfe.es\/?p=27642","title":{"rendered":"ATARFE: HOY ZAMBOMB\u00c1 FLAMENCA"},"content":{"rendered":"<p><span id=\"fbPhotoSnowliftCaption\" class=\"fbPhotosPhotoCaption\" tabindex=\"0\" aria-live=\"polite\" data-ft=\"{&quot;tn&quot;:&quot;K&quot;}\"><span class=\"hasCaption\">HOY jueves 13 DE DICIEMBRE , a las 19:30 horas, tendr\u00e1 lugar la tradicional zambomb\u00e1 flamenca con la que arranca la programaci\u00f3n navide\u00f1a en el <a href=\"https:\/\/www.facebook.com\/CentroCulturalMedinaElvira\/?__xts__%5B0%5D=68.ARD8bnpy1-Rxy55cRRCQA1oblqlPAHNTOP_KCM7HJDOsvfycShpLsCyhq07qETexXp2PHXFhFcIGzM-43CtpOYqnMvkQzFG9sYSR_GmkmOCfQiBo_UNHFJrEndPDdlxNuHBuzBU1W_dHhug3KffUoYIvRfEyatr29UwtXbZV76XArfbPGwaGhRVWAGqHh0PHsrmtAhcgriPqHaumO-S32zkko3wen2cYCuEf1uq3Jmgkay7Sm1lAsegqwmQvKzFlg8D66z9H7CreshdS7wv7gg1YmoJdN1C-UIfHIOQMd16Lp__f7KZoQun8U_9ZlzaKqzugzQfi8-DgtWobl1ba5fhwGQ&amp;__tn__=%2CdK%2AF-R&amp;eid=ARDRSviYcyseZCBcpGEVvdxtCfrjXOUpk8pNBAkkbSNMciVjInpVvdRKcWmvFOmk20jpAXsgOppze2E8\" data-hovercard=\"\/ajax\/hovercard\/page.php?id=579830115369795&amp;extragetparams=%7B%22__tn__%22%3A%22%2CdK%2AF-R%22%2C%22eid%22%3A%22ARDRSviYcyseZCBcpGEVvdxtCfrjXOUpk8pNBAkkbSNMciVjInpVvdRKcWmvFOmk20jpAXsgOppze2E8%22%2C%22directed_target_id%22%3Anull%2C%22groups_location%22%3Anull%7D\" data-hovercard-prefer-more-content-show=\"1\">Centro Cultural Medina Elvira<\/a>.<\/span><\/span><!--more--><\/p>\n<p>El anhelo de juntarnos alrededor del fuego ha perdurado, los flamencos siguen tocando la zambomba y los teatros y las pe\u00f1as abren sus puertas para acoger esta fiesta que naci\u00f3 en la calle.<\/p>\n<p>Por eso, cada Navidad, se programa un espect\u00e1culo flamenco que se llama<strong> \u201cZambomba flamenca\u201d<\/strong> donde priva la espontaneidad de los artistas que simulan una fiesta entre amigos. En el que las canciones giran entorno al pesebre y los pastorcillos. El buey, la mula y los reyes de Oriente tampoco faltar\u00e1n.<\/p>\n<p>Ver\u00e1s que entre todos, artistas y p\u00fablico se hace un puchero de lo m\u00e1s rico, lo mismo que se hac\u00eda antiguamente en los patios de las casas. En lugar de nabos y chiriv\u00edas, le ponemos polvorones y villancicos. Removemos la cazuela por rumbas y por buler\u00edas. Y al final nos tomamos un plato calentito y a comp\u00e1s que alimenta el alma y las ganas de vivir y amar<\/p>\n<p><span id=\"fbPhotoSnowliftCaption\" class=\"fbPhotosPhotoCaption\" tabindex=\"0\" aria-live=\"polite\" data-ft=\"{&quot;tn&quot;:&quot;K&quot;}\"><span class=\"hasCaption\">La de Atarfe que se celebrar\u00e1 hoy,\u00a0 correr\u00e1 a cargo de <a href=\"https:\/\/www.facebook.com\/Estela-La-Canastera-140385983311903\/?__xts__%5B0%5D=68.ARD8bnpy1-Rxy55cRRCQA1oblqlPAHNTOP_KCM7HJDOsvfycShpLsCyhq07qETexXp2PHXFhFcIGzM-43CtpOYqnMvkQzFG9sYSR_GmkmOCfQiBo_UNHFJrEndPDdlxNuHBuzBU1W_dHhug3KffUoYIvRfEyatr29UwtXbZV76XArfbPGwaGhRVWAGqHh0PHsrmtAhcgriPqHaumO-S32zkko3wen2cYCuEf1uq3Jmgkay7Sm1lAsegqwmQvKzFlg8D66z9H7CreshdS7wv7gg1YmoJdN1C-UIfHIOQMd16Lp__f7KZoQun8U_9ZlzaKqzugzQfi8-DgtWobl1ba5fhwGQ&amp;__tn__=%2CdK%2AF-R&amp;eid=ARCTrKHhkVpBW7azZTf2P9cqqkeXrlct9sTmY9UPsuOf7PPIuyH0oRWIef5lcU-wFAEUK1mVJL0jypzt\" data-hovercard=\"\/ajax\/hovercard\/page.php?id=140385983311903&amp;extragetparams=%7B%22__tn__%22%3A%22%2CdK%2AF-R%22%2C%22eid%22%3A%22ARCTrKHhkVpBW7azZTf2P9cqqkeXrlct9sTmY9UPsuOf7PPIuyH0oRWIef5lcU-wFAEUK1mVJL0jypzt%22%2C%22directed_target_id%22%3Anull%2C%22groups_location%22%3Anull%7D\" data-hovercard-prefer-more-content-show=\"1\">Estela \u00abLa Canastera\u00bb<\/a> y Ver\u00f3nica C\u00f3rdoba. A la percusi\u00f3n y a la voz estar\u00e1 Carmen Heredia, al cante y coros, Soraya de Moreno, y a la guitarra Lolo de la Encarna.<\/span><\/span><\/p>\n<p><a href=\"https:\/\/i0.wp.com\/miradordeatarfe.es\/wp-content\/uploads\/2018\/12\/48362831_2082603801803479_6498804441091670016_n.jpg?ssl=1\"><img data-recalc-dims=\"1\" loading=\"lazy\" decoding=\"async\" class=\"size-full wp-image-27643 aligncenter\" src=\"https:\/\/i0.wp.com\/miradordeatarfe.es\/wp-content\/uploads\/2018\/12\/48362831_2082603801803479_6498804441091670016_n.jpg?resize=640%2C927&#038;ssl=1\" alt=\"\" width=\"640\" height=\"927\" srcset=\"https:\/\/i0.wp.com\/miradordeatarfe.es\/wp-content\/uploads\/2018\/12\/48362831_2082603801803479_6498804441091670016_n.jpg?w=663&amp;ssl=1 663w, https:\/\/i0.wp.com\/miradordeatarfe.es\/wp-content\/uploads\/2018\/12\/48362831_2082603801803479_6498804441091670016_n.jpg?resize=207%2C300&amp;ssl=1 207w, https:\/\/i0.wp.com\/miradordeatarfe.es\/wp-content\/uploads\/2018\/12\/48362831_2082603801803479_6498804441091670016_n.jpg?resize=600%2C869&amp;ssl=1 600w\" sizes=\"auto, (max-width: 640px) 100vw, 640px\" \/><\/a><\/p>\n","protected":false},"excerpt":{"rendered":"<p>HOY jueves 13 DE DICIEMBRE , a las 19:30 horas, tendr\u00e1 lugar la tradicional zambomb\u00e1&#8230;<\/p>\n","protected":false},"author":1,"featured_media":0,"comment_status":"closed","ping_status":"closed","sticky":false,"template":"","format":"standard","meta":{"_coblocks_attr":"","_coblocks_dimensions":"","_coblocks_responsive_height":"","_coblocks_accordion_ie_support":"","jetpack_post_was_ever_published":false,"_jetpack_newsletter_access":"","_jetpack_dont_email_post_to_subs":false,"_jetpack_newsletter_tier_id":0,"_jetpack_memberships_contains_paywalled_content":false,"_jetpack_memberships_contains_paid_content":false,"footnotes":"","jetpack_publicize_message":"","jetpack_publicize_feature_enabled":true,"jetpack_social_post_already_shared":false,"jetpack_social_options":{"image_generator_settings":{"template":"highway","default_image_id":0,"enabled":false},"version":2}},"categories":[2,12,1161,44,15],"tags":[81,5553],"class_list":["post-27642","post","type-post","status-publish","format-standard","hentry","category-atarfe","category-cultura","category-ciudadania","category-noticias-de-hoy","category-ultimas-noticias","tag-atarfe","tag-zambomba-flamenca"],"jetpack_publicize_connections":[],"jetpack_featured_media_url":"","jetpack_likes_enabled":true,"jetpack_sharing_enabled":true,"_links":{"self":[{"href":"https:\/\/miradordeatarfe.es\/index.php?rest_route=\/wp\/v2\/posts\/27642","targetHints":{"allow":["GET"]}}],"collection":[{"href":"https:\/\/miradordeatarfe.es\/index.php?rest_route=\/wp\/v2\/posts"}],"about":[{"href":"https:\/\/miradordeatarfe.es\/index.php?rest_route=\/wp\/v2\/types\/post"}],"author":[{"embeddable":true,"href":"https:\/\/miradordeatarfe.es\/index.php?rest_route=\/wp\/v2\/users\/1"}],"replies":[{"embeddable":true,"href":"https:\/\/miradordeatarfe.es\/index.php?rest_route=%2Fwp%2Fv2%2Fcomments&post=27642"}],"version-history":[{"count":1,"href":"https:\/\/miradordeatarfe.es\/index.php?rest_route=\/wp\/v2\/posts\/27642\/revisions"}],"predecessor-version":[{"id":27645,"href":"https:\/\/miradordeatarfe.es\/index.php?rest_route=\/wp\/v2\/posts\/27642\/revisions\/27645"}],"wp:attachment":[{"href":"https:\/\/miradordeatarfe.es\/index.php?rest_route=%2Fwp%2Fv2%2Fmedia&parent=27642"}],"wp:term":[{"taxonomy":"category","embeddable":true,"href":"https:\/\/miradordeatarfe.es\/index.php?rest_route=%2Fwp%2Fv2%2Fcategories&post=27642"},{"taxonomy":"post_tag","embeddable":true,"href":"https:\/\/miradordeatarfe.es\/index.php?rest_route=%2Fwp%2Fv2%2Ftags&post=27642"}],"curies":[{"name":"wp","href":"https:\/\/api.w.org\/{rel}","templated":true}]}}