{"id":27667,"date":"2018-12-16T11:30:55","date_gmt":"2018-12-16T10:30:55","guid":{"rendered":"http:\/\/miradordeatarfe.es\/?p=27667"},"modified":"2018-12-15T11:34:21","modified_gmt":"2018-12-15T10:34:21","slug":"programa-de-actividades-culturales-y-solidarias-para-celebrar-la-navidad-en-atarfe","status":"publish","type":"post","link":"https:\/\/miradordeatarfe.es\/?p=27667","title":{"rendered":"Programa de actividades culturales y solidarias para celebrar la Navidad en Atarfe"},"content":{"rendered":"<p style=\"text-align: justify;\">M\u00fasica, danza, cine y teatro son las principales actividades que se desarrollan durante el mes de diciembre, una agenda cultural que arranca el jueves 13 de diciembre con la tradicional \u2018zambomb\u00e1\u2019 flamenca.<!--more--><\/p>\n<p style=\"text-align: justify;\">La programaci\u00f3n navide\u00f1a en Atarfe incluye en buen n\u00famero de actividades culturales dirigidas a todos los p\u00fablicos. El Centro Cultural Medina Elvira y los complejos deportivos del Ayuntamiento ser\u00e1n los escenarios de casi todas las actuaciones previstas para amenizar la Navidad.<\/p>\n<p style=\"text-align: justify;\">M\u00fasica, danza, cine y teatro son las principales actividades que se desarrollan durante el mes de diciembre, una agenda cultural que arranca la tarde del jueves 13 de diciembre con la tradicional <strong>\u2018zambomb\u00e1\u2019 flamenca<\/strong>, en la explanada del Centro Cultural Medina Elvira, a cargo de Estela \u2018la Canastera\u2019 y Ver\u00f3nica C\u00f3rdoba.<\/p>\n<p style=\"text-align: justify;\">El viernes 14 de diciembre tiene lugar uno de los acontecimientos m\u00e1s esperados por los atarfe\u00f1os: el tradicional <strong>certamen de villancicos<\/strong> que se celebra en la Iglesia de la Encarnaci\u00f3n (19:30 horas) con la participaci\u00f3n de la Banda Sinf\u00f3nica Municipal de M\u00fasica y el coro y combo de la Escuela de M\u00fasica bajo la direcci\u00f3n art\u00edstica de Jos\u00e9 Antonio Guerrero Gonz\u00e1lez.<\/p>\n<p style=\"text-align: justify;\">El <strong>teatro<\/strong> tambi\u00e9n tendr\u00e1 cabida en las fiestas con la presencia el s\u00e1bado 15 de la compa\u00f1\u00eda de teatro de Pinos Puente que pondr\u00e1 en escena la obra \u2018Las aventuras y desventuras del marqu\u00e9s de Figueroa\u2019.<\/p>\n<p style=\"text-align: justify;\">Las academias de baile de\u00a0<strong>Nuria L\u00f3pez<\/strong> y <strong>Susi Campos<\/strong> tambi\u00e9n tendr\u00e1n un hueco en la programaci\u00f3n navide\u00f1a del Centro Cultural Medina Elvira los d\u00edas 18 y 21 respectivamente.<\/p>\n<p style=\"text-align: justify;\">El <strong>cine<\/strong> ocupar\u00e1 un lugar importante de la programaci\u00f3n los d\u00edas 26, 27 y 28 de diciembre. La plataforma para la exhibici\u00f3n y promoci\u00f3n del cortometraje en Espa\u00f1a proyectar\u00e1 varios cortos para todos los p\u00fablicos en el Centro Cultural Medina Elvira.<\/p>\n<h5 style=\"text-align: justify;\">Campus de Navidad, JuveAtarfe y patinaje<\/h5>\n<p style=\"text-align: justify;\">Por segundo a\u00f1o consecutivo, la Concejal\u00eda de Juventud del Ayuntamiento de Atarfe organiza esta navidad un <strong>Campus de D\u00eda<\/strong> con numerosas actividades reacreativas en el pabell\u00f3n municipal de Deportes para ni\u00f1os de entre 6 y 12 de a\u00f1os con residencia en el municipio.<\/p>\n<p style=\"text-align: justify;\">Los ni\u00f1os que se inscriban en el Campus de D\u00eda podr\u00e1n disfrutar de actividades deportivas, gymkhana, experimentos, juegos, talleres y otras actividades.<\/p>\n<p style=\"text-align: justify;\">Las actividades se desarrollar\u00e1n en dos semanas en horario de ma\u00f1ana, de 9 a 14 horas. La primera de ellas se realizar\u00e1 los d\u00edas 26, 27 y 28 de diciembre y la segunda est\u00e1 prevista para los d\u00edas 2, 3 y 4 de enero.<\/p>\n<p style=\"text-align: justify;\">Los m\u00e1s peque\u00f1os tambi\u00e9n tienen una cita el 27 en <strong>JuveAtarfe<\/strong>. El pabell\u00f3n cubierto de Atarfe ser\u00e1 escenario de talleres, castillos hinchables, juegos alternativos, mu\u00f1ecos gigantes y otras actividades que har\u00e1n las delicias de los j\u00f3venes, al igual que el espect\u00e1culo musical de \u2018La reina de las nieves\u2019 previsto para el d\u00eda 29.<\/p>\n<p style=\"text-align: justify;\">Otra de las actividades que se retoma con motivo del a\u00f1o nuevo es la excursi\u00f3n en autob\u00fas\u00a0organizado\u00a0a la pista de <strong>patinaje sobre hielo<\/strong> que tan buena acogida tuvo en su primera edici\u00f3n. J\u00f3venes entre 12 y 30 a\u00f1os podr\u00e1n inscribirse para viajar el 4 de enero a la pista de patinaje Igloo de Pulianas. Las plazas son limitadas y las inscripciones deben hacerse a partir del 17 de diciembre (informaremos en los pr\u00f3ximos d\u00edas). El precio es de tan solo 3 euros e incluye el acceso a la pista de patinaje, los monitores y el viaje en autob\u00fas.<\/p>\n<h5 style=\"text-align: justify;\">Concierto de A\u00f1o Nuevo y <strong>Cabalgata de Reyes<\/strong><\/h5>\n<p style=\"text-align: justify;\">La navidad en Atarfe finaliza con el concierto de a\u00f1o nuevo que ofrecer\u00e1 el 4 de enero la Banda Sinf\u00f3nica Municipal de M\u00fasica Ciudad Atarfe, y la tradicional cabalga de reyes que el 5 de enero recorrer\u00e1 las principales calles del municipio hasta llegar al Centro Cultural Medina Elvira, lugar en el que sus majestades entregar\u00e1n regalos a los m\u00e1s peque\u00f1os.<\/p>\n<h5 style=\"text-align: justify;\">M\u00fasica<\/h5>\n<p style=\"text-align: justify;\">Los alumnos de la escuela de m\u00fasica y danza tienen por navidades una fren\u00e9tica actividad. Adem\u00e1s de su participaci\u00f3n en el Certamen de Villancicos, la Escuela de M\u00fasica y Danza que gestiona la Asociaci\u00f3n Art\u00edstica y Cultural Ciudad Atarfe abre sus puertas al p\u00fablico para que, del 17 al 21 de diciembre, asista de forma gratuita a distintas audiciones (percusi\u00f3n, piano, saxof\u00f3n, viol\u00edn&#8230;). Los alumnos de la Escuela de Danza tambi\u00e9n exhibir\u00e1n el d\u00eda 19 en el Centro Cultural Medina Elvira sus \u00faltimos trabajos coreogr\u00e1ficos, y los de los talleres art\u00edsticos expondr\u00e1n sus trabajos a partir del d\u00eda 20 en el Centro Cultural medina Elvira, en una exposici\u00f3n titulada &#8216;Vanguardias del siglo XX&#8217;,\u00a0un paseo pict\u00f3rico por la interpretaci\u00f3n de los grandes pintores del pasado siglo.<\/p>\n<p style=\"text-align: justify;\">Ya en enero, concretamente el 4, la Banda Sinf\u00f3nica Municipal de M\u00fasica Ciudad Atarfe ofrece el tradicional concierto de A\u00f1o Nuevo, otro de los acontecimientos m\u00e1s esperados por los atarfe\u00f1os, donde no faltar\u00e1 la m\u00fasica de\u00a0Johann Strauss y otros temas propios de\u00a0estas fechas navide\u00f1as. La entrada donativo ser\u00e1 de 8 euros.<\/p>\n<h5 style=\"text-align: justify;\">Biblioteca municipal Mariana Pineda<\/h5>\n<p style=\"text-align: justify;\">En sus actividades destaca el taller de yoga y \u2018mindfulness\u2019 para ni\u00f1os de entre 3 y 10 a\u00f1os (viernes 21), cuentacuentos a cargo del Rat\u00f3n de Biblioteca (mi\u00e9rcoles 26); un taller de marionetas para ni\u00f1os de entre 7 y 12 a\u00f1os (jueves 27) y espect\u00e1culo de las Gobbitas (viernes 28).<\/p>\n<h5 style=\"text-align: justify;\"><strong>Comercio<\/strong><\/h5>\n<p style=\"text-align: justify;\">El Ayuntamiento de Atarfe organiza un a\u00f1o m\u00e1s el <a href=\"http:\/\/www.atarfe.es\/concurso-navideno-escaparates-comercios-atarfe\" target=\"_blank\" rel=\"noopener\"><strong>concurso de escaparates navide\u00f1os<\/strong><\/a> para apoyar al comercio local y fomentar el consumo en los establecimientos tradicionales de la localidad.Los comercios que deseen participar deber\u00e1n inscribirse en el Centro Cultural Medina Elvira antes del d\u00eda 19 de diciembre de 2018. Se han establecido tres premios con una cuant\u00eda de 200, 125 y 75 euros que en ning\u00fan caso quedar\u00e1n desiertos y que se entregar\u00e1n el pr\u00f3ximo 21.<\/p>\n<p style=\"text-align: justify;\">Por su parte, la Asociaci\u00f3n de Comerciantes y Empresarios de Atarfe (ASEMATARFE) ha preparado para estas fechas una campa\u00f1a navide\u00f1a \u2018Comprando en Atarfe tienes premio\u2019 con el objetivo de incentivar las compras en el comercio de proximidad como sector estrat\u00e9gico en la generaci\u00f3n de empleo. La asociaci\u00f3n de empresarios ofrecer\u00e1 igualmente el preg\u00f3n navide\u00f1o previsto para el pr\u00f3ximo 21 de diciembre.<\/p>\n<h5 style=\"text-align: justify;\">Solidaridad<\/h5>\n<p style=\"text-align: justify;\">Proteccion Civil de Atarfe ha puesto en marcha un a\u00f1o m\u00e1s la campa\u00f1a de recogida de juguetes. Pod\u00e9is depositar los regalos hasta el 1 de enero en la propia sede de Protecci\u00f3n Civil (Calle Mar de Albor\u00e1n s\/n) o en Centro Cultural Medina Elvira. Se entregar\u00e1n a la Asociaci\u00f3n Jiruma que los har\u00e1 llegar a los ni\u00f1os cuyas familias m\u00e1s lo necesitan. Es importante que el juguete est\u00e9 en perfecto estado.<\/p>\n<p style=\"text-align: justify;\">Otra iniciativa solidaria a tener en cuenta es la que ha puesto en marcha la biblioteca municipal Mariana Pineda. Por segundo a\u00f1o consecutivo, la biblioteca retoma la campa\u00f1a solidaria \u2018Libros por alimentos\u2019. Todos aquellos usuarios que tengan alguna sanci\u00f3n por atraso en las devoluciones de material o que, por otras circunstancias, no hayan devuelto los libros, tienen la ocasi\u00f3n de subsanar el problema. La multa queda autom\u00e1ticamente eliminada a cambio de un kilo de alimentos.<\/p>\n<p style=\"text-align: justify;\">Del 18 de diciembre al 15 de enero, la agrupaci\u00f3n local de la Asociaci\u00f3n Espa\u00f1ola contra el C\u00e1ncer instarar\u00e1 al igual que otros a\u00f1os un mercadillo solidario en el hall del Centro Cultural medina Elvira con el objetivo de recaudar fondos para la lucha contra la enfermedad.<\/p>\n","protected":false},"excerpt":{"rendered":"<p>M\u00fasica, danza, cine y teatro son las principales actividades que se desarrollan durante el mes&#8230;<\/p>\n","protected":false},"author":1,"featured_media":27668,"comment_status":"closed","ping_status":"closed","sticky":false,"template":"","format":"standard","meta":{"_coblocks_attr":"","_coblocks_dimensions":"","_coblocks_responsive_height":"","_coblocks_accordion_ie_support":"","jetpack_post_was_ever_published":false,"_jetpack_newsletter_access":"","_jetpack_dont_email_post_to_subs":false,"_jetpack_newsletter_tier_id":0,"_jetpack_memberships_contains_paywalled_content":false,"_jetpack_memberships_contains_paid_content":false,"footnotes":"","jetpack_publicize_message":"","jetpack_publicize_feature_enabled":true,"jetpack_social_post_already_shared":false,"jetpack_social_options":{"image_generator_settings":{"template":"highway","default_image_id":0,"enabled":false},"version":2}},"categories":[2,1161,186,44,15],"tags":[5550,81,1826],"class_list":["post-27667","post","type-post","status-publish","format-standard","has-post-thumbnail","hentry","category-atarfe","category-ciudadania","category-instituciones","category-noticias-de-hoy","category-ultimas-noticias","tag-actividades-navidad","tag-atarfe","tag-navidad"],"jetpack_publicize_connections":[],"jetpack_featured_media_url":"https:\/\/i0.wp.com\/miradordeatarfe.es\/wp-content\/uploads\/2018\/12\/luces-3.jpg?fit=700%2C525&ssl=1","jetpack_likes_enabled":true,"jetpack_sharing_enabled":true,"_links":{"self":[{"href":"https:\/\/miradordeatarfe.es\/index.php?rest_route=\/wp\/v2\/posts\/27667","targetHints":{"allow":["GET"]}}],"collection":[{"href":"https:\/\/miradordeatarfe.es\/index.php?rest_route=\/wp\/v2\/posts"}],"about":[{"href":"https:\/\/miradordeatarfe.es\/index.php?rest_route=\/wp\/v2\/types\/post"}],"author":[{"embeddable":true,"href":"https:\/\/miradordeatarfe.es\/index.php?rest_route=\/wp\/v2\/users\/1"}],"replies":[{"embeddable":true,"href":"https:\/\/miradordeatarfe.es\/index.php?rest_route=%2Fwp%2Fv2%2Fcomments&post=27667"}],"version-history":[{"count":1,"href":"https:\/\/miradordeatarfe.es\/index.php?rest_route=\/wp\/v2\/posts\/27667\/revisions"}],"predecessor-version":[{"id":27669,"href":"https:\/\/miradordeatarfe.es\/index.php?rest_route=\/wp\/v2\/posts\/27667\/revisions\/27669"}],"wp:featuredmedia":[{"embeddable":true,"href":"https:\/\/miradordeatarfe.es\/index.php?rest_route=\/wp\/v2\/media\/27668"}],"wp:attachment":[{"href":"https:\/\/miradordeatarfe.es\/index.php?rest_route=%2Fwp%2Fv2%2Fmedia&parent=27667"}],"wp:term":[{"taxonomy":"category","embeddable":true,"href":"https:\/\/miradordeatarfe.es\/index.php?rest_route=%2Fwp%2Fv2%2Fcategories&post=27667"},{"taxonomy":"post_tag","embeddable":true,"href":"https:\/\/miradordeatarfe.es\/index.php?rest_route=%2Fwp%2Fv2%2Ftags&post=27667"}],"curies":[{"name":"wp","href":"https:\/\/api.w.org\/{rel}","templated":true}]}}